{"id":638544,"date":"2026-07-03T04:39:23","date_gmt":"2026-07-03T04:39:23","guid":{"rendered":"https:\/\/www.europesays.com\/es\/638544\/"},"modified":"2026-07-03T04:39:23","modified_gmt":"2026-07-03T04:39:23","slug":"urtasun-el-unico-ministro-que-seguira-en-la-nueva-direccion-de-movimiento-sumar-liderada-por-veronica-y-rosa-martinez","status":"publish","type":"post","link":"https:\/\/www.europesays.com\/es\/638544\/","title":{"rendered":"Urtasun, el \u00fanico ministro que seguir\u00e1 en la nueva direcci\u00f3n de Movimiento Sumar liderada por Ver\u00f3nica y Rosa Mart\u00ednez"},"content":{"rendered":"<p class=\"article-text\">\n        El ministro de Cultura, Ernest Urtasun, ser\u00e1 el \u00fanico ministro que se mantenga en la direcci\u00f3n de Movimiento Sumar. La \u00fanica candidatura que se presentar\u00e1 al congreso extraordinario del pr\u00f3ximo d\u00eda 11, la liderada por Ver\u00f3nica Mart\u00ednez y Rosa Mart\u00ednez, hizo este jueves p\u00fablica la composici\u00f3n de su lista, que ser\u00e1 la que ocupe la direcci\u00f3n del partido, ya que la hasta ahora coordinadora, Lara Hern\u00e1ndez, anunci\u00f3 el mi\u00e9rcoles su dimisi\u00f3n y que no optar\u00eda a revalidar su cargo. Sin ella y tambi\u00e9n sin la vicepresidenta segunda y fundadora de Movimiento Sumar, Yolanda D\u00edaz \u2014quien ha decidido no participar en la candidatura y abandonar la direcci\u00f3n que a\u00fan integraba\u2014, el nombre de Urtasun es el m\u00e1s potente de la lista que encabezan Mart\u00ednez y Mart\u00ednez, en la que no figura ninguno de los dirigentes afines a Hern\u00e1ndez tras la guerra interna que ha acabado con su salida del partido.\n    <\/p>\n<p class=\"article-text\">\n        Urtasun, que compaginar\u00e1 su militancia en Movimiento Sumar con el carn\u00e9 de los Comuns, que sigue manteniendo, es uno de los nombres que suenan como posibles candidatos de los partidos agrupados en Sumar para las pr\u00f3ximas elecciones generales, aunque ese proceso avanza muy lentamente y fuentes pr\u00f3ximas al dirigente descartan que sea \u00e9l quien vaya a encabezar la lista electoral. En la direcci\u00f3n de Movimiento Sumar, el ministro ocupaba actualmente el puesto de portavoz, aunque existen dudas de que vaya a repetir. Adem\u00e1s de por Mart\u00ednez y Mart\u00ednez, estar\u00e1 acompa\u00f1ado por varios dirigentes que formaban parte de la c\u00fapula saliente, como la secretaria de Feminismos, Amanda Andrades. Asimismo, tambi\u00e9n estar\u00e1n presentes cuatro diputados del grupo parlamentario de Sumar en el Congreso: Lander Mart\u00ednez, Laura Vergara, Viviane Ogou y Esther Gil.\n    <\/p>\n<p class=\"article-text\">\n        Pese a que el sector cr\u00edtico ha tratado de calificar su lista como \u201cde unidad\u201d, lo cierto es que se quedan fuera de ella los parlamentarios de Movimiento Sumar m\u00e1s afines a Lara Hern\u00e1ndez, como es el caso de Txema Guijarro, Manuel Lago o Agust\u00edn Santos. Tampoco tendr\u00e1 hueco en la nueva direcci\u00f3n el secretario de Estado de Empleo y n\u00famero dos de Yolanda D\u00edaz en el Ministerio de Trabajo, Joaqu\u00edn P\u00e9rez Rey. Y lo mismo ocurre con la secretaria de Estado de Econom\u00eda Social, Amparo Merino; o el responsable de Movilizaci\u00f3n, Fabio Cortese.\n    <\/p>\n<p class=\"article-text\">\n        Fuentes de la candidatura destacan que en la misma se integran \u201cexpertos en materia de vivienda, como Javier Bur\u00f3n, o en energ\u00eda y transici\u00f3n ecol\u00f3gica, como Fernando Ferrando\u201d. Tambi\u00e9n est\u00e1n presentes la \u00fanica eurodiputada de Movimiento Sumar, Estrella Gal\u00e1n, as\u00ed como Josep Vendrell, antigua mano derecha de Yolanda D\u00edaz cuando se construy\u00f3 Sumar y uno de los constructores de su arquitectura interna. Asimismo, tendr\u00e1n presencia en la direcci\u00f3n varios de los escasos l\u00edderes territoriales de la formaci\u00f3n con algo de influencia: Esperanza G\u00f3mez (Andaluc\u00eda) \u2014que los pr\u00f3ximos a Lara Hern\u00e1ndez identifican como l\u00edder de un sector con peso propio\u2014, Paulo Carlos (Galicia) o Alba Garc\u00eda (Pa\u00eds Vasco).\n    <\/p>\n<p class=\"article-text\">\n        La lista comandada por Ver\u00f3nica Mart\u00ednez y Rosa Mart\u00ednez tiene el reto de dejar atr\u00e1s el turbulento ambiente que ha generado en los \u00faltimos meses dentro de Movimiento Sumar el enfrentamiento del sector que lideran con la ya excoordinadora, Lara Hern\u00e1ndez, a quien seis altos cargos denunciaron internamente en nombre de trabajadores por supuesto maltrato a dichos empleados. Hern\u00e1ndez siempre ha negado esas acusaciones, y el comit\u00e9 antiacoso del partido ha archivado el expediente sin castigar a la exdirigente despu\u00e9s de que todos los denunciantes decidieran retirar sus denuncias.\n    <\/p>\n<p>    <a href=\"https:\/\/www.eldiario.es\/politica\/movimiento-sumar-archiva-expediente-acoso-laboral-lara-hernandez-retirada-seis-denuncias_1_13345750.html\" data-mrf-recirculation=\"saber-mas-abajo\" data-dl-event=\"saber-mas-abajo\" rel=\"nofollow noopener\" target=\"_blank\"><\/p>\n<p class=\"know-more__title\">Lara Hern\u00e1ndez dimite de sus cargos en Movimiento Sumar tras archivarse el expediente por acoso laboral contra ella<\/p>\n<p>            <img decoding=\"async\" class=\"lazy\" loading=\"lazy\" data-src=\"https:\/\/static.eldiario.es\/clip\/df169221-2801-48f3-aaee-caf79c28044f_16-9-aspect-ratio_default_0_x3694y793.jpg\" src=\"data:image\/svg+xml,%3Csvg xmlns=\" http:=\"\" viewbox=\"0 0 880 495\" alt=\"Lara Hern\u00e1ndez dimite de sus cargos en Movimiento Sumar tras archivarse el expediente por acoso laboral contra ella\"\/><\/p>\n<p>                        <\/a><\/p>\n<p class=\"article-text\">\n        Pese a lo bronco que ha sido el debate en Movimiento Sumar en los \u00faltimos meses, las diferencias entre los sectores son puramente internas y de poder: apenas existen discrepancias ideol\u00f3gicas o estrat\u00e9gicas Al ser la formaci\u00f3n m\u00e1s d\u00e9bil de las cuatro que est\u00e1n negociando la reconfiguraci\u00f3n de la alianza Sumar \u2014junto a IU, M\u00e1s Madrid y Comuns\u2014, lo previsible es que Movimiento Sumar pierda buena parte de su peso en las listas de las pr\u00f3ximas elecciones generales, y eso supone que hay menos puestos a repartir para optar a cargos institucionales. De hecho, que existen pocas discrepancias pol\u00edticas entre las dos familias enfrentadas en el partido lo demuestra el hecho de que el documento pol\u00edtico que se aprobar\u00e1 en la asamblea del d\u00eda 11 se ha redactado sin sobresaltos ni choques. La principal novedad de esas tesis es que Movimiento Sumar <a href=\"https:\/\/www.eldiario.es\/politica\/movimiento-sumar-presiona-socios-primarias-abre-alianzas-coyunturales-independentistas_1_13296633.html\" target=\"_blank\" data-mrf-recirculation=\"links-noticia\" class=\"link\" rel=\"nofollow noopener\">se abre a alianzas \u201ccoyunturales\u201d con partidos independentistas<\/a> para concurrir juntos a las elecciones.\n    <\/p>\n","protected":false},"excerpt":{"rendered":"El ministro de Cultura, Ernest Urtasun, ser\u00e1 el \u00fanico ministro que se mantenga en la direcci\u00f3n de Movimiento&hellip;\n","protected":false},"author":2,"featured_media":638545,"comment_status":"","ping_status":"","sticky":false,"template":"","format":"standard","meta":{"footnotes":""},"categories":[5],"tags":[17,18,12554,4796,25,24,13,14,11,19,20,6836,825,30379,9,10,15,16,795,9787,2465,523,23,4453,12,21,22,5876,27036],"class_list":["post-638544","post","type-post","status-publish","format-standard","has-post-thumbnail","category-titulares","tag-breaking-news","tag-breakingnews","tag-clave","tag-direccion","tag-es","tag-espana","tag-featured-news","tag-featurednews","tag-headlines","tag-latest-news","tag-latestnews","tag-liderada","tag-martinez","tag-movimiento","tag-news","tag-noticias","tag-noticias-destacadas","tag-noticiasdestacadas","tag-nueva","tag-pieza","tag-rosa","tag-sera","tag-spain","tag-sumar","tag-titulares","tag-ultimas-noticias","tag-ultimasnoticias","tag-urtasun","tag-veronica"],"share_on_mastodon":{"url":"https:\/\/pubeurope.com\/@es\/116854204937461891","error":""},"_links":{"self":[{"href":"https:\/\/www.europesays.com\/es\/wp-json\/wp\/v2\/posts\/638544","targetHints":{"allow":["GET"]}}],"collection":[{"href":"https:\/\/www.europesays.com\/es\/wp-json\/wp\/v2\/posts"}],"about":[{"href":"https:\/\/www.europesays.com\/es\/wp-json\/wp\/v2\/types\/post"}],"author":[{"embeddable":true,"href":"https:\/\/www.europesays.com\/es\/wp-json\/wp\/v2\/users\/2"}],"replies":[{"embeddable":true,"href":"https:\/\/www.europesays.com\/es\/wp-json\/wp\/v2\/comments?post=638544"}],"version-history":[{"count":0,"href":"https:\/\/www.europesays.com\/es\/wp-json\/wp\/v2\/posts\/638544\/revisions"}],"wp:featuredmedia":[{"embeddable":true,"href":"https:\/\/www.europesays.com\/es\/wp-json\/wp\/v2\/media\/638545"}],"wp:attachment":[{"href":"https:\/\/www.europesays.com\/es\/wp-json\/wp\/v2\/media?parent=638544"}],"wp:term":[{"taxonomy":"category","embeddable":true,"href":"https:\/\/www.europesays.com\/es\/wp-json\/wp\/v2\/categories?post=638544"},{"taxonomy":"post_tag","embeddable":true,"href":"https:\/\/www.europesays.com\/es\/wp-json\/wp\/v2\/tags?post=638544"}],"curies":[{"name":"wp","href":"https:\/\/api.w.org\/{rel}","templated":true}]}}