{"id":638633,"date":"2026-07-03T06:03:16","date_gmt":"2026-07-03T06:03:16","guid":{"rendered":"https:\/\/www.europesays.com\/es\/638633\/"},"modified":"2026-07-03T06:03:16","modified_gmt":"2026-07-03T06:03:16","slug":"marieta-y-suso-se-dedican-unas-ultimas-palabras-un-dia-antes-de-casarse-voy-a-llorar","status":"publish","type":"post","link":"https:\/\/www.europesays.com\/es\/638633\/","title":{"rendered":"Marieta y Suso se dedican unas \u00faltimas palabras un d\u00eda antes de casarse: \u00abVoy a llorar\u00bb"},"content":{"rendered":"<p class=\"c-paragraph\">La cuenta atr\u00e1s para la boda de Marieta y Suso \u00c1lvarez ya ha comenzado, y la emoci\u00f3n est\u00e1 a flor de piel. A solo unas horas de convertirse en marido y mujer, la pareja ha vivido un instante cargado de sentimiento al <b>despedirse antes de reencontrarse en el altar este 3 de julio<\/b>, en una finca de Toledo.<\/p>\n<p class=\"c-paragraph\">El encuentro, captado por El verano se mueve, ha mostrado a los futuros esposos volcados en los preparativos finales. Hasta all\u00ed se ha desplazado el reportero Iv\u00e1n Garc\u00eda para ser testigo.\u00a0<\/p>\n<p class=\"c-paragraph\">Una de las tradiciones extendidas que seguir\u00e1n antes del enlace consistir\u00e1 en\u00a0<b>dormir separados<\/b> para preservar la sorpresa del gran momento, tal como le han indicado al comunicador.\u00a0\u00abNo quiero ni que me escriba por Whatsapp ni nada\u00bb, ha advertido Marieta.<\/p>\n<p class=\"c-paragraph\">Consciente de que se trataba de la antesala de la ceremonia, el reportero les ha propuesto <b>dedicarse unas palabras<\/b>. \u00abVoy a llorar y todo. Empieza t\u00fa, a ver qu\u00e9 me dices\u00bb, ha dicho Marieta, entre sonrisas nerviosas.<\/p>\n<p class=\"c-paragraph\">Entonces Suso ha dado el paso y le ha regalado un cari\u00f1oso mensaje: \u00abQuiero que esta noche disfrutes de tu familia. Quiero que recuerdes el a\u00f1o que hemos pasado, que todo esto ha sido para que disfrutemos ma\u00f1ana. Que no se te olvide que lo de ma\u00f1ana es una fiesta y una celebraci\u00f3n. <b>Que lo disfrutes, mi vida<\/b>\u00ab.<\/p>\n<p class=\"c-paragraph\">Acto seguido, ella le ha respondido<b> con la misma intensidad<\/b>: \u00abMira, no me voy a acordar de este \u00faltimo a\u00f1o, sino de los dos a\u00f1os de relaci\u00f3n tan bonitos que hemos tenido y de la familia que hemos creado. Estoy deseando ser tu mujer\u00bb.<\/p>\n<p class=\"c-paragraph\">Despu\u00e9s de la confesi\u00f3n mutua, los prometidos han sellado la secuencia <b>con un beso<\/b>, el \u00faltimo antes de reencontrarse vestidos de gala y con Toledo como escenario del d\u00eda m\u00e1s importante de sus vidas.<\/p>\n","protected":false},"excerpt":{"rendered":"La cuenta atr\u00e1s para la boda de Marieta y Suso \u00c1lvarez ya ha comenzado, y la emoci\u00f3n est\u00e1&hellip;\n","protected":false},"author":2,"featured_media":638634,"comment_status":"","ping_status":"","sticky":false,"template":"","format":"standard","meta":{"footnotes":""},"categories":[174],"tags":[255,32834,146,147,25,24,256,95882,7745,23,80523,62080],"class_list":["post-638633","post","type-post","status-publish","format-standard","has-post-thumbnail","category-famosos","tag-celebrities","tag-dedican","tag-entertainment","tag-entretenimiento","tag-es","tag-espana","tag-famosos","tag-marieta","tag-se","tag-spain","tag-suso","tag-unas"],"share_on_mastodon":{"url":"https:\/\/pubeurope.com\/@es\/116854535625113545","error":""},"_links":{"self":[{"href":"https:\/\/www.europesays.com\/es\/wp-json\/wp\/v2\/posts\/638633","targetHints":{"allow":["GET"]}}],"collection":[{"href":"https:\/\/www.europesays.com\/es\/wp-json\/wp\/v2\/posts"}],"about":[{"href":"https:\/\/www.europesays.com\/es\/wp-json\/wp\/v2\/types\/post"}],"author":[{"embeddable":true,"href":"https:\/\/www.europesays.com\/es\/wp-json\/wp\/v2\/users\/2"}],"replies":[{"embeddable":true,"href":"https:\/\/www.europesays.com\/es\/wp-json\/wp\/v2\/comments?post=638633"}],"version-history":[{"count":0,"href":"https:\/\/www.europesays.com\/es\/wp-json\/wp\/v2\/posts\/638633\/revisions"}],"wp:featuredmedia":[{"embeddable":true,"href":"https:\/\/www.europesays.com\/es\/wp-json\/wp\/v2\/media\/638634"}],"wp:attachment":[{"href":"https:\/\/www.europesays.com\/es\/wp-json\/wp\/v2\/media?parent=638633"}],"wp:term":[{"taxonomy":"category","embeddable":true,"href":"https:\/\/www.europesays.com\/es\/wp-json\/wp\/v2\/categories?post=638633"},{"taxonomy":"post_tag","embeddable":true,"href":"https:\/\/www.europesays.com\/es\/wp-json\/wp\/v2\/tags?post=638633"}],"curies":[{"name":"wp","href":"https:\/\/api.w.org\/{rel}","templated":true}]}}