{"id":63882,"date":"2025-08-22T04:18:09","date_gmt":"2025-08-22T04:18:09","guid":{"rendered":"https:\/\/www.europesays.com\/es\/63882\/"},"modified":"2025-08-22T04:18:09","modified_gmt":"2025-08-22T04:18:09","slug":"el-malaga-toca-a-tres-puertas-de-patrocinadores-para-poder-hacer-un-fichaje-mas","status":"publish","type":"post","link":"https:\/\/www.europesays.com\/es\/63882\/","title":{"rendered":"El M\u00e1laga toca a tres puertas de patrocinadores para poder hacer un fichaje m\u00e1s"},"content":{"rendered":"<p><a href=\"https:\/\/www.merchanendirecto.es\/wp-content\/uploads\/2025\/08\/Kike-Perez-Malaga-CF-patrocinador-fichajes.webp\" data-caption=\"Foto: MCF\" rel=\"nofollow noopener\" target=\"_blank\"><img loading=\"lazy\" decoding=\"async\" width=\"696\" height=\"464\" class=\"entry-thumb td-modal-image\" src=\"https:\/\/www.europesays.com\/es\/wp-content\/uploads\/2025\/08\/Kike-Perez-Malaga-CF-patrocinador-fichajes-696x464.webp.webp\"   alt=\"Kike P\u00e9rez M\u00e1laga CF patrocinador fichajes\" title=\"Kike P\u00e9rez M\u00e1laga CF patrocinador fichajes\"\/><\/a>Foto: MCF<\/p>\n<p><a href=\"https:\/\/www.merchanendirecto.es\/malaga-cf\/luismi-sanchez-operado-con-exito-y-a-la-espera-de-una-baja-de-larga-duracion\/\" target=\"_blank\" rel=\"noreferrer noopener nofollow\">La lesi\u00f3n de Luismi S\u00e1nchez recibir\u00e1 este viernes probablemente un diagn\u00f3stico<\/a> en forma de tiempo de baja. En el club esperan que la lesi\u00f3n ronde los cuatro meses, por lo que todas las partes coinciden en que un fichaje siempre vendr\u00eda bien ante esta complicada situaci\u00f3n. <strong>Tal y como puede avanzar Radio MARCA M\u00e1laga, el M\u00e1laga ha tocado ya a las puertas de tres empresas que puedan patrocinar el fichaje que cierre el mercado<\/strong>. Pr\u00e1cticamente se podr\u00eda decir que la empresa que apueste por el club estar\u00eda costeando el recambio que necesita el centro del campo de Pellicer. <strong>El club no pierde la fe en poder llegar al 2 de septiembre mientras que tambi\u00e9n agotar\u00e1 la otra v\u00eda, la de hablar con LaLiga para aumentar el l\u00edmite salarial.<\/strong><\/p>\n<p>\u201cNo nos podemos pillar los dedos. Tenemos que recordar que nos gastamos el dinero que generamos. Es para sentirse<strong>\u00a0<\/strong>orgullosos el l\u00edmite que tenemos. No hay salvadores y no quiero que tiremos por tierra todo esto por el \u00faltimo fichaje\u201d, explicaba <strong>Kike P\u00e9re<\/strong>z en la entrevista con <a href=\"https:\/\/x.com\/RadioMarcaMLG\" target=\"_blank\" rel=\"noreferrer noopener nofollow\">Radio MARCA M\u00e1laga<\/a>. \u201cSalvo la llegada de un patrocinio que nos hiciese incrementar ese l\u00edmite salarial. M\u00e1s no podemos hacer para crecer en esa cifra, hemos subido dos millones de euros este a\u00f1o\u201d, analizaba el director general malaguista.<\/p>\n<p>El M\u00e1laga ha tocado a tres puertas para ello. <strong>Parece que la operaci\u00f3n \u2018patroc\u00edname como puedas\u2019 se ha puesto en marcha<\/strong>. Tal y como se\u00f1ala este medio el pasado mi\u00e9rcoles, el club intentar\u00e1 que ese \u00faltimo fichaje llegue, aunque desde dentro confirman que el actual porcentaje de esperanza en corto. Mientras, ideas como lo de la revelaci\u00f3n de sexo en <strong>La Rosaleda<\/strong> hacen que el M\u00e1laga siga intentando buscar un camino de ingresos diferente. El club sigue buscando la expansi\u00f3n en Jap\u00f3n y el norte de \u00c1frica. El M\u00e1laga CF ha tocado ya a las puertas de tres empresas que puedan patrocinar el fichaje que cierre el mercado.<\/p>\n<p>Art\u00edculo anterior<a href=\"https:\/\/www.merchanendirecto.es\/malaga-cf\/horario-y-television-del-malaga-cf-real-sociedad-b\/\" rel=\"nofollow noopener\" target=\"_blank\">Horario y televisi\u00f3n del M\u00e1laga CF \u2013 Real Sociedad B<\/a>Art\u00edculo siguiente<a href=\"https:\/\/www.merchanendirecto.es\/unicaja\/alberto-diaz-se-queda-fuera-del-eurobasket-2025-2\/\" rel=\"nofollow noopener\" target=\"_blank\">Alberto D\u00edaz se queda fuera del Eurobasket 2025<\/a>            <a href=\"https:\/\/www.merchanendirecto.es\/author\/juanje\/\" aria-label=\"author-photo\" rel=\"nofollow noopener\" target=\"_blank\"><img loading=\"lazy\" alt=\"Juanje Fern\u00e1ndez R.\" src=\"https:\/\/www.europesays.com\/es\/wp-content\/uploads\/2025\/08\/1755836289_135_588f4899281ee94b563758cda01b62757e0792af3400a1a0971ff9c612bd1f71\"  class=\"avatar avatar-96 photo\" height=\"96\" width=\"96\" decoding=\"async\"\/><\/a>                    <\/p>\n","protected":false},"excerpt":{"rendered":"Foto: MCF La lesi\u00f3n de Luismi S\u00e1nchez recibir\u00e1 este viernes probablemente un diagn\u00f3stico en forma de tiempo de&hellip;\n","protected":false},"author":2,"featured_media":63883,"comment_status":"","ping_status":"","sticky":false,"template":"","format":"standard","meta":{"footnotes":""},"categories":[268],"tags":[168,25,24,280,282,25786,1963,1964,281,23,167],"class_list":{"0":"post-63882","1":"post","2":"type-post","3":"status-publish","4":"format-standard","5":"has-post-thumbnail","7":"category-futbol","8":"tag-deportes","9":"tag-es","10":"tag-espana","11":"tag-football","12":"tag-futbol","13":"tag-kike-perez","14":"tag-malaga-cf","15":"tag-mercado-de-fichajes","16":"tag-soccer","17":"tag-spain","18":"tag-sports"},"share_on_mastodon":{"url":"","error":""},"_links":{"self":[{"href":"https:\/\/www.europesays.com\/es\/wp-json\/wp\/v2\/posts\/63882","targetHints":{"allow":["GET"]}}],"collection":[{"href":"https:\/\/www.europesays.com\/es\/wp-json\/wp\/v2\/posts"}],"about":[{"href":"https:\/\/www.europesays.com\/es\/wp-json\/wp\/v2\/types\/post"}],"author":[{"embeddable":true,"href":"https:\/\/www.europesays.com\/es\/wp-json\/wp\/v2\/users\/2"}],"replies":[{"embeddable":true,"href":"https:\/\/www.europesays.com\/es\/wp-json\/wp\/v2\/comments?post=63882"}],"version-history":[{"count":0,"href":"https:\/\/www.europesays.com\/es\/wp-json\/wp\/v2\/posts\/63882\/revisions"}],"wp:featuredmedia":[{"embeddable":true,"href":"https:\/\/www.europesays.com\/es\/wp-json\/wp\/v2\/media\/63883"}],"wp:attachment":[{"href":"https:\/\/www.europesays.com\/es\/wp-json\/wp\/v2\/media?parent=63882"}],"wp:term":[{"taxonomy":"category","embeddable":true,"href":"https:\/\/www.europesays.com\/es\/wp-json\/wp\/v2\/categories?post=63882"},{"taxonomy":"post_tag","embeddable":true,"href":"https:\/\/www.europesays.com\/es\/wp-json\/wp\/v2\/tags?post=63882"}],"curies":[{"name":"wp","href":"https:\/\/api.w.org\/{rel}","templated":true}]}}