{"id":63898,"date":"2025-08-22T04:29:07","date_gmt":"2025-08-22T04:29:07","guid":{"rendered":"https:\/\/www.europesays.com\/es\/63898\/"},"modified":"2025-08-22T04:29:07","modified_gmt":"2025-08-22T04:29:07","slug":"el-crecimiento-de-la-demanda-vuelve-a-llenar-la-cesta-de-la-compra-e-impulsa-a-los-supermercados-empresas","status":"publish","type":"post","link":"https:\/\/www.europesays.com\/es\/63898\/","title":{"rendered":"El crecimiento de la demanda vuelve a llenar la cesta de la compra e impulsa a los supermercados | Empresas"},"content":{"rendered":"<p class=\"\">Las incertidumbres <a href=\"https:\/\/elpais.com\/economia\/2025-07-28\/el-sector-alimentario-espanol-clama-contra-el-arancel-del-15-por-injusto-y-desequilibrado.html\" target=\"_blank\" rel=\"nofollow noopener\" title=\"https:\/\/elpais.com\/economia\/2025-07-28\/el-sector-alimentario-espanol-clama-contra-el-arancel-del-15-por-injusto-y-desequilibrado.html\">geopol\u00edticas y comerciales<\/a> no frenan la demanda y el consumo de productos de gran consumo en Espa\u00f1a en lo que va de 2025. Las ventas de art\u00edculos de alimentaci\u00f3n y no alimentaci\u00f3n experimentaron un impulso del 5,6% en valor durante la primera mitad del a\u00f1o, seg\u00fan un informe de la consultora especializada Circana, gracias a un fuerte crecimiento en los vol\u00famenes comercializados, cuyo alza <a href=\"https:\/\/elpais.com\/economia\/2025-08-18\/las-empresas-espanolas-empiezan-a-moderar-sus-margenes-tras-anos-de-inflacion-record.html\" target=\"_self\" rel=\"nofollow noopener\" title=\"https:\/\/elpais.com\/economia\/2025-08-18\/las-empresas-espanolas-empiezan-a-moderar-sus-margenes-tras-anos-de-inflacion-record.html\">super\u00f3 al de los precios.<\/a> Un escenario ideal para las empresas de distribuci\u00f3n, que hace no mucho, en plena crisis inflacionaria, observaban con preocupaci\u00f3n una posible <a href=\"https:\/\/cincodias.elpais.com\/companias\/2024-02-24\/las-subidas-de-precios-explican-el-95-del-alza-de-ventas-del-gran-consumo-en-europa.html\" target=\"_self\" rel=\"nofollow noopener\" title=\"https:\/\/cincodias.elpais.com\/companias\/2024-02-24\/las-subidas-de-precios-explican-el-95-del-alza-de-ventas-del-gran-consumo-en-europa.html\">ca\u00edda generalizada de vol\u00famenes y consumo<\/a>.<\/p>\n<p class=\"\">Un escenario que no se ha dado. Entre enero y junio el aumento de los vol\u00famenes fue del 3,8%, frente al avance del 1,8% que experimentaron los precios. La distancia fue algo menor en la alimentaci\u00f3n, con un avance del 3,7% en volumen y del 2,2% en precios, mientras que, en los productos no comestibles, el crecimiento experimentado en la primera mitad de ejercicio se debe, exclusivamente, a la mayor demanda, mejorando un 4,4% en volumen y decreciendo un 1% en los precios. <\/p>\n<p class=\"\">Si se ampl\u00eda el an\u00e1lisis al \u00faltimo a\u00f1o, es decir, de junio de 2024 a junio de 2025, las ventas de productos de gran consumo se han elevado hasta los 101.164,5 millones de euros, seg\u00fan Circana, un 4,4% m\u00e1s respecto al mismo periodo comparable, con un avance del 3,1% de los vol\u00famenes y del 1,3% en los precios.<\/p>\n<p><img alt=\"Interior de un supermercado Aldi en Madrid.\" decoding=\"auto\" class=\"_re lazyload a_m-h\" height=\"276\"  width=\"414\"  src=\"https:\/\/www.europesays.com\/es\/wp-content\/uploads\/2025\/08\/ENLNP7SQIRFG3IM6V7HSZFKSUY.jpg\" loading=\"lazy\"\/>Interior de un supermercado Aldi en Madrid.VICTOR SAINZ<\/p>\n<p class=\"\">Desde la consultora se explica este buen comportamiento de la demanda interna por cuatro factores principales. Por un lado,<a href=\"https:\/\/elpais.com\/economia\/2025-07-15\/el-ine-revisa-una-decima-al-alza-la-inflacion-de-junio-que-escala-al-23.html\" target=\"_self\" rel=\"nofollow noopener\" title=\"https:\/\/elpais.com\/economia\/2025-07-15\/el-ine-revisa-una-decima-al-alza-la-inflacion-de-junio-que-escala-al-23.html\"> la moderaci\u00f3n de la inflaci\u00f3n<\/a>, tanto a nivel general como en los alimentos, \u201clo que ha permitido una recuperaci\u00f3n del poder adquisitivo y ha favorecido el consumo\u201d. En esa l\u00ednea, <a href=\"https:\/\/elpais.com\/economia\/2025-07-24\/el-bce-prepara-su-primera-pausa-en-los-tipos-de-interes-tras-un-ano-de-recortes.html\" target=\"_self\" rel=\"nofollow noopener\" title=\"https:\/\/elpais.com\/economia\/2025-07-24\/el-bce-prepara-su-primera-pausa-en-los-tipos-de-interes-tras-un-ano-de-recortes.html\">la bajada de los tipos de inter\u00e9s<\/a> tambi\u00e9n beneficia, al reducir la presi\u00f3n sobre el gasto familiar y generar \u201cun entorno m\u00e1s favorable para el consumo\u201d. Circana apunta igualmente al crecimiento de la poblaci\u00f3n, as\u00ed como a su progresivo envejecimiento, lo que aumenta los vol\u00famenes de consumo; y por \u00faltimo, influyen las <a href=\"https:\/\/elpais.com\/economia\/2025-08-09\/el-turismo-bate-otro-record-de-empleo-y-apunta-al-verano-con-mas-ocupados-de-su-historia.html\" target=\"_self\" rel=\"nofollow noopener\" title=\"https:\/\/elpais.com\/economia\/2025-08-09\/el-turismo-bate-otro-record-de-empleo-y-apunta-al-verano-con-mas-ocupados-de-su-historia.html\">cifras r\u00e9cord en el turismo<\/a>, que impulsan el consumo de productos de gran consumo, adem\u00e1s de la generaci\u00f3n de renta y empleo.<\/p>\n<p class=\"\">El consejero delegado del grupo de supermercados Dia, Mart\u00edn Tolcachir, tambi\u00e9n comparte este diagn\u00f3stico: \u201cEl mercado se est\u00e1 comportando muy bien, con vol\u00famenes positivos\u201d, explicaba en una entrevista <a href=\"https:\/\/cincodias.elpais.com\/companias\/2025-08-14\/dia-explora-incorporar-servicios-de-pagos-en-la-tarjeta-de-fidelizacion-del-club-dia.html\" target=\"_self\" rel=\"nofollow noopener\" title=\"https:\/\/cincodias.elpais.com\/companias\/2025-08-14\/dia-explora-incorporar-servicios-de-pagos-en-la-tarjeta-de-fidelizacion-del-club-dia.html\">a este peri\u00f3dico<\/a>. \u201cUn factor es el crecimiento poblacional, que robustece la plataforma de consumo; el turismo, que sigue creciendo; y la desaceleraci\u00f3n de la inflaci\u00f3n y el ajuste de los salarios, que permiten una recuperaci\u00f3n del poder adquisitivo del consumidor\u201d. Con estos ingredientes, el ejecutivo argentino concluye que el mercado espa\u00f1ol de gran consumo y distribuci\u00f3n sea, en estos momentos, \u201cmuy robusto\u201d.<\/p>\n<p>Alza de los supermercados<\/p>\n<p class=\"\">De hecho, Dia es uno de los operadores <a href=\"https:\/\/cincodias.elpais.com\/companias\/2025-07-31\/dia-consolida-la-recuperacion-con-su-primer-beneficio-hasta-junio-desde-2017.html\" target=\"_self\" rel=\"nofollow noopener\" title=\"https:\/\/cincodias.elpais.com\/companias\/2025-07-31\/dia-consolida-la-recuperacion-con-su-primer-beneficio-hasta-junio-desde-2017.html\">que m\u00e1s se est\u00e1 beneficiando<\/a> de esta situaci\u00f3n, por la implicaci\u00f3n que tiene la evoluci\u00f3n actual del mercado en los canales de compra. El informe de Circana expone que, en los primeros seis meses del a\u00f1o, son los supermercados de proximidad y el canal online, un 16% en este caso, los que m\u00e1s crecen.<\/p>\n<p class=\"\">Entre los primeros, los de mayor tama\u00f1o, con una sala de ventas de entre 1.000 y 2.500 metros cuadrados, son los que m\u00e1s aumentan sus ventas, un 6,2%, seguidos por los peque\u00f1os, de entre 100 y 400 metros cuadrados, que mejoran un 4,4%. Los medianos, entre 401 y 1.000 metros cuadrados, crecieron un 2,7% en este periodo, mientras que los hipermercados decaen un 1,1%. \u201cLos consumidores valoran cada vez m\u00e1s la cercan\u00eda, la rapidez y la facilidad en sus compras diarias, lo que ha impulsado el crecimiento de canales m\u00e1s \u00e1giles\u201d, se explica desde Circana.<\/p>\n<p class=\"\">La mayor\u00eda de operadores que han presentado resultados en las \u00faltimas semanas reflejan crecimientos en sus cifras de ventas. En el caso de la propia Dia, su negocio en Espa\u00f1a mejor\u00f3 un 7% hasta una cifra de ingresos de 2.201 millones de euros.<\/p>\n<p class=\"\"><a href=\"https:\/\/cincodias.elpais.com\/companias\/2025-07-25\/carrefour-y-alcampo-cara-y-cruz-la-primera-acelera-ventas-hasta-junio-y-la-segunda-sigue-a-la-baja.html\" target=\"_self\" rel=\"nofollow noopener\" title=\"https:\/\/cincodias.elpais.com\/companias\/2025-07-25\/carrefour-y-alcampo-cara-y-cruz-la-primera-acelera-ventas-hasta-junio-y-la-segunda-sigue-a-la-baja.html\">Tambi\u00e9n Carrefour<\/a>, con unas ventas de 5.586 millones en el mercado espa\u00f1ol hasta junio, un 1,7% m\u00e1s que en 2024. A superficie comparable, el porcentaje de mejora es del 2,2%. Hace un a\u00f1o la evoluci\u00f3n era totalmente contraria, con una ca\u00edda del 0,8%. \u201cEn Espa\u00f1a, el grupo registr\u00f3 una aceleraci\u00f3n de las ventas, junto con un aumento de la rentabilidad\u201d, valor\u00f3 el presidente y consejero delegado de Carrefour, Alexandre Bompard. La compa\u00f1\u00eda describi\u00f3 a Espa\u00f1a como \u201cun mercado favorable y con vol\u00famenes positivos\u201d, impulsado por su negocio de proximidad.<\/p>\n<p class=\"\"><a href=\"https:\/\/cincodias.elpais.com\/companias\/2025-06-02\/eroski-destinara-la-mayoria-de-los-beneficios-de-2024-a-reforzar-el-balance.html\" target=\"_self\" rel=\"nofollow noopener\" title=\"https:\/\/cincodias.elpais.com\/companias\/2025-06-02\/eroski-destinara-la-mayoria-de-los-beneficios-de-2024-a-reforzar-el-balance.html\">Eroski<\/a>, por su parte, present\u00f3 una mejora de las ventas del 1% en su primer trimestre fiscal, transcurrido entre febrero y abril, pero con un mayor crecimiento, del 1,5% en sus supermercados, frente a la ca\u00edda experimentada en sus h\u00edper, del 1,6%. Por su parte, Alcampo redujo su facturaci\u00f3n un 2,5% en el primer semestre, debido a un peor comportamiento de sus estaciones de servicio, y puso de manifiesto en su informe semestral la situaci\u00f3n de un mercado espa\u00f1ol \u201cdominado por formatos m\u00e1s compactos\u201d.<\/p>\n<p>Tendencias que se quedan y otras que llegan<\/p>\n<p class=\"\">La moderaci\u00f3n de la inflaci\u00f3n y el impulso del consumo no ponen fin a la gran tendencia que impulsaron las fuertes subidas de precios de hace tres a\u00f1os: <a href=\"https:\/\/cincodias.elpais.com\/companias\/2024-09-18\/espana-se-convierte-en-el-paraiso-europeo-de-las-marcas-blancas-arrasan-en-lejias-lacteos-y-conservas.html\" target=\"_self\" rel=\"nofollow noopener\" title=\"https:\/\/cincodias.elpais.com\/companias\/2024-09-18\/espana-se-convierte-en-el-paraiso-europeo-de-las-marcas-blancas-arrasan-en-lejias-lacteos-y-conservas.html\">la marca blanca.<\/a><\/p>\n<p class=\"\">El informe de Circana indica que esta ha crecido un 5,4% en valor en el primer semestre del a\u00f1o, por el 0,7% que lo hicieron las marcas de fabricante. La consultora indica que el crecimiento de la primera se ha moderado, pero sigue con una tendencia positiva, y representa el 51% de las ventas que se producen entre todas las categor\u00edas de producto. \u201cGracias a su s\u00f3lida relaci\u00f3n calidad precio, se ha consolidado como una opci\u00f3n estable y duradera en las decisiones de compra del consumidor\u201d, dice la consultora. <\/p>\n<p class=\"\">Otra tendencia al alza son los productos de cuarta y quinta gama, es decir,<a href=\"https:\/\/cincodias.elpais.com\/companias\/2025-08-16\/el-bum-del-listo-para-comer-del-super-crece-un-50-en-tres-anos-y-le-roba-clientes-al-restaurante-de-comida-rapida.html\" target=\"_self\" rel=\"nofollow noopener\" title=\"https:\/\/cincodias.elpais.com\/companias\/2025-08-16\/el-bum-del-listo-para-comer-del-super-crece-un-50-en-tres-anos-y-le-roba-clientes-al-restaurante-de-comida-rapida.html\"> los que est\u00e1n listos para su consumo<\/a>, que crecen un 7,7% en el primer semestre.<\/p>\n","protected":false},"excerpt":{"rendered":"Las incertidumbres geopol\u00edticas y comerciales no frenan la demanda y el consumo de productos de gran consumo en&hellip;\n","protected":false},"author":2,"featured_media":63899,"comment_status":"","ping_status":"","sticky":false,"template":"","format":"standard","meta":{"footnotes":""},"categories":[80],"tags":[24888,3214,82,21815,3213,11085,95,94,2308,14318,25,24,23,3212,26231],"class_list":{"0":"post-63898","1":"post","2":"type-post","3":"status-publish","4":"format-standard","5":"has-post-thumbnail","7":"category-economia","8":"tag-alcampo","9":"tag-alimentacion","10":"tag-business","11":"tag-carrefour","12":"tag-consumo","13":"tag-distribucion","14":"tag-economia","15":"tag-economy","16":"tag-empresas","17":"tag-eroski","18":"tag-es","19":"tag-espana","20":"tag-spain","21":"tag-supermercados","22":"tag-supermercados-dia"},"share_on_mastodon":{"url":"","error":""},"_links":{"self":[{"href":"https:\/\/www.europesays.com\/es\/wp-json\/wp\/v2\/posts\/63898","targetHints":{"allow":["GET"]}}],"collection":[{"href":"https:\/\/www.europesays.com\/es\/wp-json\/wp\/v2\/posts"}],"about":[{"href":"https:\/\/www.europesays.com\/es\/wp-json\/wp\/v2\/types\/post"}],"author":[{"embeddable":true,"href":"https:\/\/www.europesays.com\/es\/wp-json\/wp\/v2\/users\/2"}],"replies":[{"embeddable":true,"href":"https:\/\/www.europesays.com\/es\/wp-json\/wp\/v2\/comments?post=63898"}],"version-history":[{"count":0,"href":"https:\/\/www.europesays.com\/es\/wp-json\/wp\/v2\/posts\/63898\/revisions"}],"wp:featuredmedia":[{"embeddable":true,"href":"https:\/\/www.europesays.com\/es\/wp-json\/wp\/v2\/media\/63899"}],"wp:attachment":[{"href":"https:\/\/www.europesays.com\/es\/wp-json\/wp\/v2\/media?parent=63898"}],"wp:term":[{"taxonomy":"category","embeddable":true,"href":"https:\/\/www.europesays.com\/es\/wp-json\/wp\/v2\/categories?post=63898"},{"taxonomy":"post_tag","embeddable":true,"href":"https:\/\/www.europesays.com\/es\/wp-json\/wp\/v2\/tags?post=63898"}],"curies":[{"name":"wp","href":"https:\/\/api.w.org\/{rel}","templated":true}]}}