{"id":63902,"date":"2025-08-22T04:31:07","date_gmt":"2025-08-22T04:31:07","guid":{"rendered":"https:\/\/www.europesays.com\/es\/63902\/"},"modified":"2025-08-22T04:31:07","modified_gmt":"2025-08-22T04:31:07","slug":"cuando-un-incendio-se-adentra-en-la-reserva-natural-del-lago-de-sanabria-somos-la-espana-vaciada-y-la-quemada-espana","status":"publish","type":"post","link":"https:\/\/www.europesays.com\/es\/63902\/","title":{"rendered":"Cuando un incendio se adentra en la reserva natural del Lago de Sanabria: \u201cSomos la Espa\u00f1a vaciada y la quemada\u201d | Espa\u00f1a"},"content":{"rendered":"<p class=\"\">El agua del Lago de Sanabria est\u00e1 turbia, amarillenta. En la orilla, donde se acumula la ceniza, es incluso negra. Y est\u00e1 templada. La imagen contrasta con la de hace una semana, o m\u00e1s bien con la de siempre en este paisaje zamorano. La del agua transparente, propia de un lago de origen glacial con una superficie de 350 hect\u00e1reas de extensi\u00f3n, el m\u00e1s grande de Espa\u00f1a. La zona, dentro de un Parque Natural, est\u00e1 acordonada bajo unas estrictas medidas de seguridad y el sonido de las sirenas es constante. Tambi\u00e9n el ruido de los motores de los hidroaviones. Un helic\u00f3ptero sobrevuela el embalse, envuelto en humo. Desciende, se carga de agua y se dirige a uno de los tres focos del incendio de Porto (Zamora) <a href=\"https:\/\/elpais.com\/espana\/2025-08-21\/ultima-hora-de-los-incendios-en-espana-en-directo.html\" target=\"_self\" rel=\"nofollow noopener\" title=\"https:\/\/elpais.com\/espana\/2025-08-21\/ultima-hora-de-los-incendios-en-espana-en-directo.html\">que a\u00fan este jueves est\u00e1n activos<\/a>. <\/p>\n<p class=\"\">La incertidumbre recorre los pueblos de Sanabria desde hace una semana. El jueves 14, un rayo cay\u00f3 en la Sierra de Valdeinfierno, envolviendo a los vecinos de la comarca \u2014muy pocos de toda la vida, muchos veraneantes cuyas familias nacieron aqu\u00ed o for\u00e1neos en busca de un enclave sinigual para el turismo rural\u2014 en su propio averno. Desde entonces, todos han estado hasta las cejas de humo, bajo un sol al que pod\u00edan mirar fijamente durante largo rato por el velo gris y con el desasosiego por ser evacuados en cualquier momento \u20148.000 personas han sido desalojadas de 12 localidades durante los \u00faltimos d\u00edas\u2014. Siete jornadas en las que han estado sobre todo imbuidos del miedo por las consecuencias de las llamas para el Parque Natural. <\/p>\n<p class=\"\">La Sierra de Valdeinfierno pertenece al t\u00e9rmino municipal de Porto de Sanabria, en el noroeste de la provincia de Zamora, <a href=\"https:\/\/elpais.com\/espana\/2025-08-21\/el-extrano-comportamiento-que-propago-el-incendio-de-larouco-el-mas-devastador-de-la-historia-de-galicia.html\" target=\"_self\" rel=\"nofollow noopener\" title=\"https:\/\/elpais.com\/espana\/2025-08-21\/el-extrano-comportamiento-que-propago-el-incendio-de-larouco-el-mas-devastador-de-la-historia-de-galicia.html\">en el l\u00edmite con Ourense<\/a>. El pueblo tiene censados 156 habitantes, pero apenas ni\u00f1os. No hay colegio. El \u00faltimo menor iba y ven\u00eda en taxi hasta A Mezquita (Ourense) para ir a clase tras un trayecto de m\u00e1s de una hora por una carretera de curvas. <\/p>\n<p class=\"\">La atenci\u00f3n sanitaria tambi\u00e9n es un problema para los vecinos por el dif\u00edcil acceso. \u201cAqu\u00ed llega antes un helic\u00f3ptero que una ambulancia\u201d, ironiza \u00c1ngel Rodr\u00edguez, de 65 a\u00f1os, este mi\u00e9rcoles, mientras observa a lo lejos la superficie quemada que han dejado las llamas y las columnas de humo. Hubo incluso una vez que los servicios m\u00e9dicos, tras aterrizar en Porto, se dieron cuenta de que el marcapasos que hab\u00edan tra\u00eddo no era el que necesitaba una paciente. <\/p>\n<p class=\"\">Rodr\u00edguez s\u00ed fue a la escuela en su pueblo, pero hace 30 a\u00f1os que el centro ya no existe. \u201cSomos la Espa\u00f1a vaciada y la quemada\u201d, se lamenta, al tiempo que explica todo tipo de circunstancias adversas que reflejan el \u201cabandono\u201d, a su juicio, de las Administraciones p\u00fablicas. Una despoblaci\u00f3n que ha contribuido a la devastaci\u00f3n de los fuegos este verano.<\/p>\n<p><img alt=\"\u00c1ngel Rodr\u00edguez (segundo por la derecha) y otros vecinos de Porto de Sanabria, este mi\u00e9rcoles, en la localidad zamorana.\" decoding=\"auto\" class=\"_re lazyload a_m-h\" height=\"277\"  width=\"414\"  src=\"https:\/\/www.europesays.com\/es\/wp-content\/uploads\/2025\/08\/4HQYWIGKGRE65MCSBUO4AKJE2E.jpg\" loading=\"lazy\"\/>\u00c1ngel Rodr\u00edguez (segundo por la derecha) y otros vecinos de Porto de Sanabria, este mi\u00e9rcoles, en la localidad zamorana.Claudio Alvarez<\/p>\n<p class=\"\">Casi el 90% del centenar de localidades afectadas por los incendios forestales de este mes de agosto \u2014con terreno arrasado por el fuego o evacuaciones o confinamientos de poblaci\u00f3n\u2014 han perdido habitantes en lo que va de siglo: en algunos municipios del noroeste peninsular por encima del 50 %, seg\u00fan datos recogidos por la agencia Efe. Tanto Porto como los 15 municipios \u2014integrados a su vez por peque\u00f1as aldeas\u2014 que conforman la comarca de Sanabria acusan la p\u00e9rdida de habitantes. <\/p>\n<p class=\"\">La localidad de Quintana se encuentra en uno de esos municipios, Cabreros. Justo antes de la entrada a las casas, unas 130 vacas est\u00e1n concentradas en una finca de 8.700 metros. Junto a las reses, \u00c1ngela Membrive, de 29 a\u00f1os, cuida del ganado. Su familia es de Palacios, otro de los pueblos de la zona, pero hace cuatro a\u00f1os se mud\u00f3 desde Madrid porque su pareja, de familia ganadera, vivi\u00f3 y creci\u00f3 aqu\u00ed. Las vacas de ambos pastaban en la Sierra de Valdeinfierno, durante la trashumancia, cuando cay\u00f3 el rayo que gener\u00f3 el incendio. Mantuvieron a las reses agrupadas, viendo c\u00f3mo se quemaba el campo del que se alimentan en verano, e incluso pasaron la noche durmiendo en el coche para vigilarlas. Pensaron que las llamas no avanzar\u00edan tanto. Pero lo hicieron. Y decidieron bajar a los animales hasta la finca. \u201cEn cuesti\u00f3n de siete d\u00edas, el fuego se llev\u00f3 nuestra sierra por delante\u201d, relata Membrive, que lleva toda la semana sin dormir. Algunas reses siguen arriba y se coordinan con otros ganaderos, que vigilan el estado del fuego, por si tambi\u00e9n tuvieran que bajarlas. <\/p>\n<p class=\"\">Esta joven ganadera, que reside en Palacios de Sanabria, se queja de que muchos due\u00f1os de las fincas \u2014<a href=\"https:\/\/elpais.com\/economia\/2024-10-13\/la-agricultura-espanola-toca-fondo-casi-tres-anos-de-caidas-ininterrumpidas-y-empleos-en-riesgo.html\" target=\"_self\" rel=\"nofollow noopener\" title=\"https:\/\/elpais.com\/economia\/2024-10-13\/la-agricultura-espanola-toca-fondo-casi-tres-anos-de-caidas-ininterrumpidas-y-empleos-en-riesgo.html\">principalmente los que ya no cr\u00edan ganado ni cultivan el campo<\/a>, no limpian los hierbajos ni la maleza. Tambi\u00e9n asegura que los Ayuntamientos no hacen lo propio en las zonas que son de su competencia. Y censura que los infractores no sean multados. Fuera de la \u00e9poca de calor, se distribuyen bandos entre los municipios ordenando a los vecinos el desbroce. Membrive critica<a href=\"https:\/\/elpais.com\/espana\/2025-08-21\/las-criticas-a-manueco-se-multiplican-seis-anos-de-gobierno-marcados-por-la-gestion-de-los-incendios.html\" target=\"_self\" rel=\"nofollow noopener\" title=\"https:\/\/elpais.com\/espana\/2025-08-21\/las-criticas-a-manueco-se-multiplican-seis-anos-de-gobierno-marcados-por-la-gestion-de-los-incendios.html\"> a su vez que la Junta de Castilla y Le\u00f3n tampoco limpie los caminos<\/a> por entre los bosques, lo que contribuye a la propagaci\u00f3n del fuego, sostiene. \u201cAh\u00ed arriba es la selva\u201d, asevera. <\/p>\n<p><img alt=\"\u00c1ngela Membrive, ganadera de 29 a\u00f1os, junto a su ganado, en Sanabria, este mi\u00e9rcoles.\" decoding=\"auto\" class=\"_re lazyload a_m-h\" height=\"277\"  width=\"414\"  src=\"https:\/\/www.europesays.com\/es\/wp-content\/uploads\/2025\/08\/4KWEEZIYCVGOZAOVKOMTXK4HUE.jpg\" loading=\"lazy\"\/>\u00c1ngela Membrive, ganadera de 29 a\u00f1os, junto a su ganado, en Sanabria, este mi\u00e9rcoles.Claudio Alvarez<\/p>\n<p class=\"\">El problema de la falta de limpieza de bosques y campos como una de las causas de propagaci\u00f3n de los incendios es una constante que se repite en los focos de las comunidades m\u00e1s afectadas por este ins\u00f3lito agosto de incendios: <a href=\"https:\/\/elpais.com\/espana\/2025-08-20\/el-alivio-del-calor-atenua-la-voracidad-de-los-fuegos.html\" target=\"_self\" rel=\"nofollow noopener\" title=\"https:\/\/elpais.com\/espana\/2025-08-20\/el-alivio-del-calor-atenua-la-voracidad-de-los-fuegos.html\">Extremadura, Galicia y Castilla y Le\u00f3n<\/a>. En Sanabria, la pol\u00e9mica se acent\u00faa porque es un Parque Natural, y muchos de los vecinos consideran que hay innumerables trabas para pedir permisos. \u00c1ngela Alonso, de 70 a\u00f1os, coincide con esa tesis. \u201cMedio Ambiente no nos deja limpiar. Cuando la dana de Valencia pens\u00e9: ah\u00ed ha sido la riada y aqu\u00ed va a ser el fuego, con todos esos robles y la maleza\u201d, asevera Alonso a las puertas de Quintana. Ella camina sin mascarilla, pero hay quienes, a\u00fan este mi\u00e9rcoles, se tapaban boca y nariz por el humo. \u201cTengo p\u00e1nico, tengo miedo. Ya era una pena <a href=\"https:\/\/elpais.com\/espana\/2025-08-13\/el-fuego-vuelve-a-la-sierra-de-la-culebra-el-epicentro-de-los-incendios-en-2022-alguien-sabe-rezar-que-rece-lo-que-sepa.html\" target=\"_self\" rel=\"nofollow noopener\" title=\"https:\/\/elpais.com\/espana\/2025-08-13\/el-fuego-vuelve-a-la-sierra-de-la-culebra-el-epicentro-de-los-incendios-en-2022-alguien-sabe-rezar-que-rece-lo-que-sepa.html\">cuando se quem\u00f3 la Sierra de la Culebra<\/a>. Y ahora esto, nuestro lago\u201d, lamenta la septuagenaria. \u201cLo que ahora son robles antes era sembrado. Y se pod\u00edan hacer quemas controladas\u201d.<\/p>\n<p class=\"\">Fuentes de la Consejer\u00eda de Medio Ambiente de Castilla y Le\u00f3n explican que la responsabilidad de la limpieza de los caminos es de los due\u00f1os de los mismos. En su mayor\u00eda son los Ayuntamientos u otras entidades locales o mancomunidades de propietarios, restando algunos espacios bajo demarcaci\u00f3n auton\u00f3mica. En cuanto a la posibilidad de cortar o no la vegetaci\u00f3n, detallan que los parques naturales, como el Lago de Sanabria, \u201cson lugares con especies protegidas y no se puede desbrozar sin conocimiento de lo que se elimina\u201d. Cada espacio natural protegido tiene su propio plan de ordenaci\u00f3n, que busca proteger los valores naturales que originaron la declaraci\u00f3n de ese espacio como protegido. En el Lago de Sanabria se puede desbrozar, pero con una autorizaci\u00f3n que los vecinos consideran que llega muy tarde.<\/p>\n<p class=\"\">El experto en Prevenci\u00f3n de Incendios Forestales Paco Casta\u00f1ares indica que no liberar de matorral y hierbajos los campos y las zonas que rodean los pueblos contribuye a la propagaci\u00f3n del fuego, aunque no es la \u00fanica causa. \u201cLas cargas de vegetaci\u00f3n que hay, que llamamos combustible, influyen en c\u00f3mo se propagan las llamas. Pero tambi\u00e9n hay condiciones atmosf\u00e9ricas que provocan las altas velocidades de propagaci\u00f3n\u201d, explica Casta\u00f1ares. <\/p>\n<p class=\"\">Exdirector de la Agencia de Medioambiente de la Junta de Extremadura con el PSOE, Casta\u00f1ares pone el foco, adem\u00e1s, en que los peque\u00f1os ayuntamientos no tienen capacidad para la prevenci\u00f3n de los incendios forestales y pide a las comunidades implicarse. \u201cDejen de enredar con las cosas que son tan importantes\u201d, reclama. El experto tambi\u00e9n apunta a la despoblaci\u00f3n como otro de los motivos de la cr\u00edtica coyuntura vivida este a\u00f1o, porque hay menos tierras labradas o destinadas al ganado,<a href=\"https:\/\/elpais.com\/espana\/2025-08-20\/cuando-los-politicos-se-centran-en-apagar-incendios-y-olvidan-la-gestion-forestal.html\" target=\"_self\" rel=\"nofollow noopener\" title=\"https:\/\/elpais.com\/espana\/2025-08-20\/cuando-los-politicos-se-centran-en-apagar-incendios-y-olvidan-la-gestion-forestal.html\"> lo que se traduce en m\u00e1s \u201ccombustible forestal\u201d.<\/a> Y adem\u00e1s porque ya no se extrae le\u00f1a, lo que influye en la proliferaci\u00f3n de matorral, aduce.<\/p>\n<p class=\"\">En Sanabria, las medidas de seguridad impuestas por el dispositivo coordinado por la Junta de Castilla y Le\u00f3n tras iniciarse el fuego de Porto, la semana pasada, han ido in crescendo. Adem\u00e1s de los municipios evacuados, el \u00e1rea del Lago de Sanabria est\u00e1 acordonado y bajo unas estrictas medidas de control. Ni siquiera la prensa puede acercarse con una autorizaci\u00f3n especial. <\/p>\n<p class=\"\">En uno de los senderos rurales que parten de uno de los pueblos, la falta de limpieza del camino es palpable. En muchos puntos, las hierbas cubren la v\u00eda. Y en sus m\u00e1rgenes hay muchos arbustos. Al final del camino, aparece el C\u00e1mping Los Robles, que fue desalojado. Por la carretera contigua, en un lapso de 10 minutos a las 16.00 horas de este mi\u00e9rcoles, circula una patrulla de la Guardia Civil, un coche del Ej\u00e9rcito A\u00e9reo, varios de Protecci\u00f3n Civil y uno de la Unidad Militar de Emergencias (UME). La mezcla entre el ruido de las sirenas y el del helic\u00f3ptero, sobre el agua turbia del lago, y el cierre al paso de los ciudadanos genera la imagen de un campo de batalla. <\/p>\n<p class=\"\">Las fuerzas de extinci\u00f3n contin\u00faan trabajando <a href=\"https:\/\/elpais.com\/espana\/2025-08-20\/esta-es-la-veintena-de-incendios-forestales-con-alto-nivel-de-peligrosidad-que-se-mantienen-activos.html\" target=\"_self\" rel=\"nofollow noopener\" title=\"https:\/\/elpais.com\/espana\/2025-08-20\/esta-es-la-veintena-de-incendios-forestales-con-alto-nivel-de-peligrosidad-que-se-mantienen-activos.html\">sobre los tres focos activos del incendio de Porto<\/a>. \u201cQue se controle no significa que se apague\u201d, se\u00f1ala Esther Iglesias, directora del Operativo de Extinci\u00f3n, a \u00faltima hora de este mi\u00e9rcoles en el puesto de mando avanzado de Casa del Parque Natural Lago de Sanabria y Sierras Segundera y de Porto. Detr\u00e1s de Iglesias, varios brigadistas manchados de ceniza acusan el cansancio y denuncian falta de medios. El rayo ca\u00eddo en Porto qued\u00f3 latente, es decir, con el calor debajo de la tierra, y eso termin\u00f3 ocasionando el desastre. Hubo dos reactivaciones y finalmente se expandi\u00f3. Varios vecinos se\u00f1alan que no se actu\u00f3 a tiempo.<\/p>\n<p class=\"\">Desde entonces, efectivos de Castilla y Le\u00f3n, del Ministerio de Transici\u00f3n Ecol\u00f3gica, de la Unidad Militar de Emergencias, de la Diputaci\u00f3n de Zamora, de Catalu\u00f1a y franceses se baten para evitar su expansi\u00f3n. El viento y la ubicaci\u00f3n de los focos, de muy dif\u00edcil acceso, han generado condiciones muy desfavorables. Adem\u00e1s los medios a\u00e9reos han tenido que parar en algunos momentos por el intenso humo.<\/p>\n<p class=\"\">A unos kil\u00f3metros del centro de mando, en Paramio, vecinos de esta aldea se concentran en la plaza, junto a la iglesia del pueblo, en la que a\u00fan se puede tirar de la cuerda para alertar con la campana que viene el fuego \u2014lo que se conoce como llamar a fuego\u2014. <\/p>\n<p class=\"\">En julio, Sanabria estaba hasta los topes, con turistas atra\u00eddos por el enclave rural y el clima \u2014el aumento de las temperaturas incrementa sus visitantes, parad\u00f3jicamente\u2014, que se suman a quienes en verano marchan al pueblo de sus padres. Pero en las \u00faltimas jornadas, el tiempo se ha parado. Algunos marcharon por los desalojos. Otros se quedaron, pero sin poder ba\u00f1arse en las pozas o realizar actividades acu\u00e1ticas en el lago. Tambi\u00e9n con dificultades para dormir. Las fiestas de Paramio empezaban este viernes, y aunque la situaci\u00f3n est\u00e1 m\u00e1s controlada, lo m\u00e1s probable es que se cancelen. \u201cNo estamos para celebrar nada\u201d, se\u00f1ala Mar\u00eda Maisonave, de 44 a\u00f1os, que vive en Pozuelo (Madrid). Su familia es de Paramio y cada agosto desde que era ni\u00f1a regresa a su pueblo. Ahora con su marido y sus dos hijos. \u201cEl agua siempre ha estado cristalina desde que entrabas en las playas que hay. De hecho, pod\u00edas ver peces nada mas entrar desde la orilla. Veremos si cuando caigan las primeras lluvias sigue siendo igual\u201d, concluye Maisonave.<\/p>\n","protected":false},"excerpt":{"rendered":"El agua del Lago de Sanabria est\u00e1 turbia, amarillenta. En la orilla, donde se acumula la ceniza, es&hellip;\n","protected":false},"author":2,"featured_media":63903,"comment_status":"","ping_status":"","sticky":false,"template":"","format":"standard","meta":{"footnotes":""},"categories":[8],"tags":[24022,17,18,9121,25,24,13,14,1949,1160,11,4342,20787,19,20,9,10,15,16,2959,956,1699,23,12,21,22,12134],"class_list":{"0":"post-63902","1":"post","2":"type-post","3":"status-publish","4":"format-standard","5":"has-post-thumbnail","7":"category-espana","8":"tag-alfonso-fernandez-manueco","9":"tag-breaking-news","10":"tag-breakingnews","11":"tag-desastres-naturales","12":"tag-es","13":"tag-espana","14":"tag-featured-news","15":"tag-featurednews","16":"tag-ganaderia","17":"tag-guardia-civil","18":"tag-headlines","19":"tag-incendios","20":"tag-junta-castilla-y-leon","21":"tag-latest-news","22":"tag-latestnews","23":"tag-news","24":"tag-noticias","25":"tag-noticias-destacadas","26":"tag-noticiasdestacadas","27":"tag-pedro-sanchez","28":"tag-pp","29":"tag-psoe","30":"tag-spain","31":"tag-titulares","32":"tag-ultimas-noticias","33":"tag-ultimasnoticias","34":"tag-ume"},"share_on_mastodon":{"url":"","error":""},"_links":{"self":[{"href":"https:\/\/www.europesays.com\/es\/wp-json\/wp\/v2\/posts\/63902","targetHints":{"allow":["GET"]}}],"collection":[{"href":"https:\/\/www.europesays.com\/es\/wp-json\/wp\/v2\/posts"}],"about":[{"href":"https:\/\/www.europesays.com\/es\/wp-json\/wp\/v2\/types\/post"}],"author":[{"embeddable":true,"href":"https:\/\/www.europesays.com\/es\/wp-json\/wp\/v2\/users\/2"}],"replies":[{"embeddable":true,"href":"https:\/\/www.europesays.com\/es\/wp-json\/wp\/v2\/comments?post=63902"}],"version-history":[{"count":0,"href":"https:\/\/www.europesays.com\/es\/wp-json\/wp\/v2\/posts\/63902\/revisions"}],"wp:featuredmedia":[{"embeddable":true,"href":"https:\/\/www.europesays.com\/es\/wp-json\/wp\/v2\/media\/63903"}],"wp:attachment":[{"href":"https:\/\/www.europesays.com\/es\/wp-json\/wp\/v2\/media?parent=63902"}],"wp:term":[{"taxonomy":"category","embeddable":true,"href":"https:\/\/www.europesays.com\/es\/wp-json\/wp\/v2\/categories?post=63902"},{"taxonomy":"post_tag","embeddable":true,"href":"https:\/\/www.europesays.com\/es\/wp-json\/wp\/v2\/tags?post=63902"}],"curies":[{"name":"wp","href":"https:\/\/api.w.org\/{rel}","templated":true}]}}