{"id":639038,"date":"2026-07-03T11:44:13","date_gmt":"2026-07-03T11:44:13","guid":{"rendered":"https:\/\/www.europesays.com\/es\/639038\/"},"modified":"2026-07-03T11:44:13","modified_gmt":"2026-07-03T11:44:13","slug":"una-escultura-monumental-en-ibiza-para-reflexionar-sobre-el-deseo-y-la-disponibilidad-permanente","status":"publish","type":"post","link":"https:\/\/www.europesays.com\/es\/639038\/","title":{"rendered":"Una escultura monumental en Ibiza para reflexionar sobre el deseo y la disponibilidad permanente"},"content":{"rendered":"<p class=\"ft-text\">La memoria, la nostalgia, el deseo y las din\u00e1micas del consumo contempor\u00e1neo son el eje de la instalaci\u00f3n<strong> &#8216;Ready for you 2026&#8217;<\/strong>, la instalaci\u00f3n que podr\u00e1 verse hasta el 15 de julio en el Paradiso Ibiza Art Hotel, en Cala de Bou. Es la nueva obra del artista espa\u00f1ol Jaime Urdiales y la pieza de mayor formato realizada hasta la fecha por el creador. La escultura, de 2,5 metros de altura, fue inaugurada el pasado 26 de junio en el marco<a class=\"ft-link ft-link--decoration\" href=\"https:\/\/www.diariodeibiza.es\/fotos\/local\/2026\/06\/28\/mira-imagenes-feria-arte-contemporaneo-131907998.html\" rel=\"nofollow noopener\" target=\"_blank\"> Can Art Fair<\/a> y como presentaci\u00f3n de<strong> &#8216;Frame&#8217;<\/strong>, una nueva plataforma impulsada junto a Concept Hotel Group para generar encuentros entre distintas disciplinas creativas.<\/p>\n<p class=\"ft-text\">Se trata de un proyecto concebido como espacio de intercambio, experimentaci\u00f3n y colaboraci\u00f3n entre artistas, m\u00fasicos, chefs y otros perfiles vinculados a la creaci\u00f3n contempor\u00e1nea. En esta primera entrega, el programa ha elegido el Paradiso Ibiza Art Hotel como escenario para presentar la instalaci\u00f3n de Urdiales.<\/p>\n<p class=\"ft-text\"><strong>\u2018Ready for You 2026\u2019<\/strong> toma como punto de partida el ic\u00f3nico establecimiento estadounidense <strong>Randy\u2019s Donuts<\/strong> y dialoga con las ideas del soci\u00f3logo <strong>Zygmunt Bauman<\/strong> sobre la modernidad l\u00edquida. A partir de un imaginario vinculado a la cultura popular y a los objetos cotidianos, Urdiales transforma la referencia en una escultura monumental que funciona como met\u00e1fora de una sociedad marcada por la disponibilidad permanente y la renovaci\u00f3n constante del deseo.<\/p>\n<p>Tensi\u00f3n entre consumo y memoria<\/p>\n<p class=\"ft-text\">El propio t\u00edtulo, <strong>\u2018Ready for You 2026\u2019<\/strong>, remite a esa promesa de estar siempre preparado, siempre disponible y siempre a la espera del consumidor. Con esta pieza, el artista plantea una reflexi\u00f3n sobre la tensi\u00f3n entre consumo, expectativas y memoria colectiva en un presente acelerado, en el que los objetos y las experiencias parecen destinados a ser sustituidos r\u00e1pidamente por la siguiente novedad.<\/p>\n<p class=\"ft-text\">Licenciado en Bellas Artes, <strong>Jaime Urdiales<\/strong> ha expuesto en ciudades como <strong>Madrid, Nueva York, Se\u00fal y Dub\u00e1i<\/strong>, adem\u00e1s de participar en ferias de arte contempor\u00e1neo como <strong>ARCO Madrid<\/strong> y <strong>Estampa<\/strong>. Su trabajo parte a menudo de elementos reconocibles de la cultura visual para transformarlos en im\u00e1genes cargadas de significado sobre la identidad, la p\u00e9rdida y la memoria.<\/p>\n<p class=\"ft-text\">Con esta instalaci\u00f3n, &#8216;Frame&#8217; inicia en Ibiza un proyecto con vocaci\u00f3n de continuidad que aspira a desarrollarse en distintos contextos y geograf\u00edas, consolid\u00e1ndose como una plataforma en la que las ideas puedan circular, transformarse y generar nuevas conexiones creativas.<\/p>\n","protected":false},"excerpt":{"rendered":"La memoria, la nostalgia, el deseo y las din\u00e1micas del consumo contempor\u00e1neo son el eje de la instalaci\u00f3n&hellip;\n","protected":false},"author":2,"featured_media":639039,"comment_status":"","ping_status":"","sticky":false,"template":"","format":"standard","meta":{"footnotes":""},"categories":[173],"tags":[15073,229,233,231,230,3213,209,2180,232,234,146,147,25,1246,24,6079,205,911,24575,51843,23],"class_list":["post-639038","post","type-post","status-publish","format-standard","has-post-thumbnail","category-arte-y-diseno","tag-art","tag-arte","tag-arte-y-diseno","tag-arts","tag-arts-and-design","tag-consumo","tag-cultura","tag-deseo","tag-design","tag-diseno","tag-entertainment","tag-entretenimiento","tag-es","tag-escultura","tag-espana","tag-ibiza","tag-madrid","tag-memoria","tag-monumental","tag-reflexionar","tag-spain"],"share_on_mastodon":{"url":"https:\/\/pubeurope.com\/@es\/116855876006367980","error":""},"_links":{"self":[{"href":"https:\/\/www.europesays.com\/es\/wp-json\/wp\/v2\/posts\/639038","targetHints":{"allow":["GET"]}}],"collection":[{"href":"https:\/\/www.europesays.com\/es\/wp-json\/wp\/v2\/posts"}],"about":[{"href":"https:\/\/www.europesays.com\/es\/wp-json\/wp\/v2\/types\/post"}],"author":[{"embeddable":true,"href":"https:\/\/www.europesays.com\/es\/wp-json\/wp\/v2\/users\/2"}],"replies":[{"embeddable":true,"href":"https:\/\/www.europesays.com\/es\/wp-json\/wp\/v2\/comments?post=639038"}],"version-history":[{"count":0,"href":"https:\/\/www.europesays.com\/es\/wp-json\/wp\/v2\/posts\/639038\/revisions"}],"wp:featuredmedia":[{"embeddable":true,"href":"https:\/\/www.europesays.com\/es\/wp-json\/wp\/v2\/media\/639039"}],"wp:attachment":[{"href":"https:\/\/www.europesays.com\/es\/wp-json\/wp\/v2\/media?parent=639038"}],"wp:term":[{"taxonomy":"category","embeddable":true,"href":"https:\/\/www.europesays.com\/es\/wp-json\/wp\/v2\/categories?post=639038"},{"taxonomy":"post_tag","embeddable":true,"href":"https:\/\/www.europesays.com\/es\/wp-json\/wp\/v2\/tags?post=639038"}],"curies":[{"name":"wp","href":"https:\/\/api.w.org\/{rel}","templated":true}]}}