{"id":63906,"date":"2025-08-22T04:34:15","date_gmt":"2025-08-22T04:34:15","guid":{"rendered":"https:\/\/www.europesays.com\/es\/63906\/"},"modified":"2025-08-22T04:34:15","modified_gmt":"2025-08-22T04:34:15","slug":"toros-en-la-feria-de-malaga-2025-i-emilio-de-justo-se-lleva-el-mano-a-mano-con-fortes","status":"publish","type":"post","link":"https:\/\/www.europesays.com\/es\/63906\/","title":{"rendered":"TOROS EN LA FERIA DE M\u00c1LAGA 2025 I Emilio de Justo se lleva el mano a mano con Fortes"},"content":{"rendered":"<p class=\"ft-text\"><strong>Los dos matadores m\u00e1s destacados de las ferias de M\u00e1laga de 2023 y 2024 <\/strong>se med\u00edan en un mismo cartel para cerrar el abono de este 2025. Un mano a mano con fundamento que med\u00eda fuerzas en igualdad de condiciones. En los precedentes mencionados, siempre fue <a class=\"ft-link ft-link--decoration\" href=\"https:\/\/www.laopiniondemalaga.es\/feria-de-malaga\/2025\/08\/18\/malaga-fortes-fortes-malaga-120740885.html\" target=\"_blank\" rel=\"nofollow noopener\">Fortes el que le gan\u00f3 la partida<\/a>, y buena muestra de ello era el <strong>Capote de Paseo<\/strong> que el pasado lunes le entregaba el alcalde por su triunfo de la pasada temporada, y que esta tarde estrenaba.<\/p>\n<p class=\"ft-text\">Era l\u00f3gico que<strong> Emilio de Justo<\/strong> no quisiera quedar como eterno segund\u00f3n, y dentro del respeto m\u00e1ximo que ambos se profesan, hab\u00eda mucha competencia en el<strong> ruedo de La Malagueta<\/strong>. Por eso no quiso el torero malague\u00f1o perdonar el quite en el primero de la tarde, un <strong>animal de El Freixo<\/strong> justo de presencia, que permiti\u00f3 a ambos matadores presentar sus credenciales con detalles con el capote.<\/p>\n<p><img decoding=\"async\" src=\"https:\/\/www.europesays.com\/es\/wp-content\/uploads\/2025\/08\/751ec38b-a90c-4a1e-8b82-cf69d810c77f_alta-libre-aspect-ratio_default_0.jpg\" width=\"1200\" height=\"800\" alt=\"Emiliano de Justo se lleva el mano a mano celebrado en La Malagueta con el malague\u00f1o Sa\u00fal Jim\u00e9nez Fortes, en una corrida con momentos muy notables.\" class=\"ft-helper-img-rd\" loading=\"lazy\" hasdataaida=\"true\"\/><\/p>\n<p class=\"ft-helper-fontColor-quaternary ft-helper-fontSize-body-S ft-helper-spacer-t-xxs\">Emiliano de Justo en La Malagueta.  \/ \u00c1lex Zea \/ LMA<\/p>\n<p class=\"ft-text\"><strong>La ganader\u00eda de El Juli<\/strong> llegaba avalada por sus grandes triunfos esta temporada, sin ir m\u00e1s lejos se indultaban tres toros de este mismo hierro en una misma tarde el pasado junio en Marbella. Aquello fue un exceso en toda regla, pero no quita m\u00e9rito al gran nivel que ofrecieron. Este que abr\u00eda plaza <strong>regal\u00f3 largas embestidas al diestro cacere\u00f1o por el pit\u00f3n derecho<\/strong>, rebos\u00e1ndose para que pudiera rematarlos atr\u00e1s. Por el izquierdo era otra cosa, pero al retomar la diestra la cosa ya no era igual\u2026 <strong>Le falt\u00f3 rotundidad a la faena de De Justo<\/strong> hasta volver a tomar vuelo con las manoletinas de frente y unos remates por bajo con sabor antes de enterrar y pasear el primer trofeo de una tarde que fue suya.<\/p>\n<p class=\"ft-text\">Siguiendo con el orden cronol\u00f3gico del festejo, el <strong>segundo asalto para Fortes<\/strong> fue un toro ligeramente protestado de salida por su escasa presencia. Muy por debajo toda la corrida de lo que se hab\u00eda venido lidiando en los d\u00edas previos. Sali\u00f3 muy suelto, evidenciando falta de fuerza sobre todo en sus cuartos traseros, y los intentos del diestro por revertir la situaci\u00f3n lanceando con el rev\u00e9s del capote no silenciaron las quejas. Estaba el ambiente enrarecido cuando <strong>Sa\u00fal tomaba la muleta.<\/strong> No brind\u00f3, pero se plant\u00f3 de rodillas para recetarle unos ayudados por alto y seguir toreando de hinojos al natural.<strong> Arranc\u00f3 la m\u00fasica de Miraflores<\/strong> para acompa\u00f1ar series meritorias ante un astado al que le costaba coger el enga\u00f1o y nunca fue entregado. Con la sinceridad de siempre, sin trampa ni cart\u00f3n, revirti\u00f3 las corrientes adversas; faltando el remate de la espada para tocar pelo.<\/p>\n<p><img decoding=\"async\" src=\"https:\/\/www.europesays.com\/es\/wp-content\/uploads\/2025\/08\/e3410ea3-1d77-498f-8b19-73f2de54ad4b_alta-libre-aspect-ratio_default_0.jpg\" width=\"1200\" height=\"800\" alt=\"Emiliano de Justo se lleva el mano a mano celebrado en La Malagueta con el malague\u00f1o Sa\u00fal Jim\u00e9nez Fortes, en una corrida con momentos muy notables.\" class=\"ft-helper-img-rd\" loading=\"lazy\" hasdataaida=\"true\"\/><\/p>\n<p class=\"ft-helper-fontColor-quaternary ft-helper-fontSize-body-S ft-helper-spacer-t-xxs\">Sa\u00fal Jim\u00e9nez Fortes en plena faena.  \/ \u00c1lex Zea \/ LMA<\/p>\n<p>Buen entendimiento<\/p>\n<p class=\"ft-text\">A los puntos, cuando saltaba el tercero,<strong> Emilio de Justo tomaba ligera distancia<\/strong>. Se entendieron bien toro y torero en el recibo capotero, llev\u00e1ndolo hasta los medios con una rodilla en tierra, en una clara estampa a\u00f1eja. Tambi\u00e9n optaba por un inicio genuflexo de la faena de muleta, bridada al respetable. <strong>El segundo que le tocaba de El Freixo<\/strong> tambi\u00e9n ten\u00eda calidad en sus embestidas. Aunque siempre buscaba la salida, por estar cogido con alfileres en cuanto a casta, por los dos pitones permiti\u00f3 a su lidiador expresar ese toreo de empaque que desde hace dos a\u00f1os <strong>tiene embelesada a La Malagueta<\/strong>. Cuando termin\u00f3 de rajarse, aprovech\u00f3 inteligentemente la querencia para que el trasteo, en vez de caer en picado, se mantuviera al alza. Otro estoconazo, y una oreja m\u00e1s al esport\u00f3n.<\/p>\n<p class=\"ft-text\">Traspasado el ecuador del festejo, <strong>Fortes no ten\u00eda otra que arrear. <\/strong>Si quer\u00eda volver a sentir la gloria de salir a hombros de su casa, ten\u00eda que empezar a puntuar. Por eso lo recibi\u00f3 garboso por dos veces con las rodillas sobre el albero. Tras el brindis al p\u00fablico, se lo dejaba venir para comenzar la faena en esos medios. Pero el animal quer\u00eda otros terrenos, y<strong> fue en el tercio donde el torero de M\u00e1laga tributaba derechazos de mano muy baja.<\/strong> Arriesgando en un pase cambiado por la espalda, comenzaba una nueva fase de la faena en la que acortaba las distancias y, meritoriamente, expon\u00eda para sacarle hasta la \u00faltima embestida que ten\u00eda a favor de las tablas. Los aceros volvieron a pasarle una mala jugada.<\/p>\n<p>Los \u00faltimos de la tarde<\/p>\n<p class=\"ft-text\">Con la tarde muy a su favor para \u00e9l, <strong>Emilio de Justo a\u00fan precisaba de un aldabonazo m\u00e1s<\/strong>. No cualquier cosa, algo importante para revivir su idilio con el coso de R\u00e9ding. El quinto era su apuesta, el toro con m\u00e1s cuajo del encierro que le brindaba al <strong>director de Asuntos Taurinos de la Diputaci\u00f3n, Borja Ortiz<\/strong>. Se doblaba por bajo en el inicio de la faena para comenzar a torear m\u00e1s erguido por el pit\u00f3n derecho. Dando un toque pronunciado, el burel le permit\u00eda componer al final de cada muletazo en esos primeros compases. Tambi\u00e9n iba a durar poco, pero lo que fuera lo iba a aprovechar el cacere\u00f1o, siempre dispuesto a ligar y rematando con pases de pecho con prestancia. <strong>Sum\u00f3 su tercera oreja de la tarde <\/strong>tras una estocada trasera.<\/p>\n<p><img decoding=\"async\" src=\"https:\/\/www.europesays.com\/es\/wp-content\/uploads\/2025\/08\/b14b6592-147b-440e-a80f-2963319914b4_alta-libre-aspect-ratio_default_0.jpg\" width=\"1200\" height=\"800\" alt=\"Emiliano de Justo se lleva el mano a mano celebrado en La Malagueta con el malague\u00f1o Sa\u00fal Jim\u00e9nez Fortes, en una corrida con momentos muy notables.\" class=\"ft-helper-img-rd\" loading=\"lazy\" hasdataaida=\"true\"\/><\/p>\n<p class=\"ft-helper-fontColor-quaternary ft-helper-fontSize-body-S ft-helper-spacer-t-xxs\">Sa\u00fal Jim\u00e9nez Fortes brinda a Emiliano de Justo el \u00faltimo toro de la tarde en el ruedo de La Malagueta.  \/ \u00c1lex Zea \/ LMA<\/p>\n<p class=\"ft-text\"><strong>La \u00faltima palabra la ten\u00eda Fortes, <\/strong>y empezaba a alzar la voz lanceando despacioso, marcando todos los tiempos, en el toreo a la ver\u00f3nica. En el tercio de varas se le cruzaba y se lo llevaba por delante sin consecuencias. Ya se lo hab\u00eda advertido a su banderillero. Se confirmaba que, si la corrida de El Freixo no fue como hab\u00eda sido en otros sitios, el lote del malague\u00f1o lo fue menos. <strong>Bonito gesto de brindar a su compa\u00f1ero Emilio de Justo<\/strong>, antes de afrontar lo que parec\u00eda una papeleta. Andando, dando puntacitos, el animal ni estaba ni se le esperaba. Por si le faltaba algo, tambi\u00e9n era mir\u00f3n, y puso a prueba una y otra vez la capacidad del torero por quedarse en el sitio. Sobra decir que en eso de quedarse quieto, Fortes es un n\u00famero uno, y por eso legraba robarle unas m\u00e1s que meritorias tandas, con alg\u00fan natural enorme, una sinceridad m\u00e1xima, y una entrega sin l\u00edmites a su profesi\u00f3n. <strong>No habr\u00eda sido justo que se hubiera ido sin cortar una oreja, <\/strong>como lograba en el que cerraba plaza.<\/p>\n<p>Octava de abono<\/p>\n<p class=\"ft-text\">Plaza de toros de La Malagueta<\/p>\n<p class=\"ft-text\">Jueves, 21 de agosto de 2025<\/p>\n<p class=\"ft-text\">La plaza, casi llena en tarde de agradable temperatura y algunas r\u00e1fagas de viento. Se lidiaron seis toros de El Freixo, justos de presentaci\u00f3n, nobles en general pero justos de casta. Emilio de Justo: estocada algo desprendida (oreja), estocada (oreja) y estocada trasera (oreja). Fortes: media estocada (ovaci\u00f3n), estocada baja, estocada desprendida y descabello (ovaci\u00f3n tras aviso) y estocada (oreja).<\/p>\n","protected":false},"excerpt":{"rendered":"Los dos matadores m\u00e1s destacados de las ferias de M\u00e1laga de 2023 y 2024 se med\u00edan en un&hellip;\n","protected":false},"author":2,"featured_media":63907,"comment_status":"","ping_status":"","sticky":false,"template":"","format":"standard","meta":{"footnotes":""},"categories":[277],"tags":[373,1569,168,11209,13836,25,24,21954,24265,13004,19779,18699,23,167,374,913,444],"class_list":{"0":"post-63906","1":"post","2":"type-post","3":"status-publish","4":"format-standard","5":"has-post-thumbnail","7":"category-toreo","8":"tag-bullfighting","9":"tag-corrida","10":"tag-deportes","11":"tag-derecho","12":"tag-emilio","13":"tag-es","14":"tag-espana","15":"tag-feria-de-malaga","16":"tag-fortes","17":"tag-justo","18":"tag-la-malagueta","19":"tag-malagueta","20":"tag-spain","21":"tag-sports","22":"tag-toreo","23":"tag-toro","24":"tag-toros"},"share_on_mastodon":{"url":"","error":""},"_links":{"self":[{"href":"https:\/\/www.europesays.com\/es\/wp-json\/wp\/v2\/posts\/63906","targetHints":{"allow":["GET"]}}],"collection":[{"href":"https:\/\/www.europesays.com\/es\/wp-json\/wp\/v2\/posts"}],"about":[{"href":"https:\/\/www.europesays.com\/es\/wp-json\/wp\/v2\/types\/post"}],"author":[{"embeddable":true,"href":"https:\/\/www.europesays.com\/es\/wp-json\/wp\/v2\/users\/2"}],"replies":[{"embeddable":true,"href":"https:\/\/www.europesays.com\/es\/wp-json\/wp\/v2\/comments?post=63906"}],"version-history":[{"count":0,"href":"https:\/\/www.europesays.com\/es\/wp-json\/wp\/v2\/posts\/63906\/revisions"}],"wp:featuredmedia":[{"embeddable":true,"href":"https:\/\/www.europesays.com\/es\/wp-json\/wp\/v2\/media\/63907"}],"wp:attachment":[{"href":"https:\/\/www.europesays.com\/es\/wp-json\/wp\/v2\/media?parent=63906"}],"wp:term":[{"taxonomy":"category","embeddable":true,"href":"https:\/\/www.europesays.com\/es\/wp-json\/wp\/v2\/categories?post=63906"},{"taxonomy":"post_tag","embeddable":true,"href":"https:\/\/www.europesays.com\/es\/wp-json\/wp\/v2\/tags?post=63906"}],"curies":[{"name":"wp","href":"https:\/\/api.w.org\/{rel}","templated":true}]}}