{"id":63908,"date":"2025-08-22T04:35:07","date_gmt":"2025-08-22T04:35:07","guid":{"rendered":"https:\/\/www.europesays.com\/es\/63908\/"},"modified":"2025-08-22T04:35:07","modified_gmt":"2025-08-22T04:35:07","slug":"volkanovski-quiere-defender-el-titulo-ante-lerone-murphy-tras-su-brutal-ko-en-ufc-319-creo-que-es-obvio","status":"publish","type":"post","link":"https:\/\/www.europesays.com\/es\/63908\/","title":{"rendered":"Volkanovski quiere defender el t\u00edtulo ante Lerone Murphy tras su brutal KO en UFC 319: \u00abCreo que es obvio\u00bb"},"content":{"rendered":"<p class=\"c-paragraph\"><b\/>La <b>victoria del invicto Lerone Murphy en UFC 319 <\/b>no pas\u00f3 desapercibida para el actual campe\u00f3n del peso pluma Alexander Volkanovski. Murphy (17-0-1) consigui\u00f3 un<b> espectacular KO en el primer asalto gracias a un codo giratorio<\/b> ante el debutante Aaron Pico. Para muchos, esta actuaci\u00f3n le ha servido como pase directo a un combate por el t\u00edtulo de las 145 libras y el propio The Great ya est\u00e1 hablando de fechas para este combate en el \u00faltimo v\u00eddeo de su canal de Youtube.<\/p>\n<p class=\"c-paragraph\">\u00abCreo que es obvio\u00bb, afirmaba Volkanovski. \u00ab<b>Diciembre pinta bien<\/b>. Hab\u00eda fechas anteriores que probablemente no ser\u00edan adecuadas para los peleadores que est\u00e1n peleando ahora mismo, as\u00ed que <b>las fechas posteriores siempre pintaban mejor para m\u00ed <\/b>y para mis futuros oponentes potenciales. As\u00ed que diciembre parece que podr\u00eda llegar\u00bb, aseguraba el luchador australiano.<\/p>\n<p class=\"c-paragraph\">Aunque Murphy est\u00e1 por el momento en la posici\u00f3n n\u00famero seis en la clasificaci\u00f3n del peso pluma, El Milagro lleva<b> una racha de nueve victorias consecutivas en la UFC<\/b>. El estadounidense ha vencido a grandes estrellas de la compa\u00f1\u00eda como <b>Dan Ige, Josh Emmett o Edson Barboza<\/b>.<\/p>\n<p>Evloev, descartado<\/p>\n<p class=\"c-paragraph\">Volkanovski est\u00e1 a la espera de un rival para la primera defensa de t\u00edtulo en su <b>segunda etapa como campe\u00f3n<\/b>. The Great consigui\u00f3 recuperar el cintur\u00f3n vacante el pasado mes de abril ante Diego Lopes en UFC 314. Tras la victoria todo apuntaba a que el rival a batir ser\u00eda<b> Mosar Evloev<\/b> (19-0-0) \u2014actual n\u00famero uno de las 145 libras\u2014, pero una lesi\u00f3n le ha apartado de las conversaciones por el t\u00edtulo.<\/p>\n<p class=\"c-paragraph\">\u00abMucha gente dir\u00e1: &#8216;Movsar deber\u00eda estar ah\u00ed&#8217;. Lo intent\u00e9, <b>intent\u00e9 que eso sucediera. Pensaba que se lo merec\u00eda\u00bb<\/b>, aseguraba Volkanovski. \u00abLuego se retir\u00f3, y ya sab\u00e9is c\u00f3mo es la UFC con este tipo de cosas. Quiz\u00e1s<b> intentaron posponerlo porque retrasaron la fecha y aun as\u00ed no pudo pelear<\/b>. Quiz\u00e1s fue una lesi\u00f3n grave, no estoy seguro. Quiz\u00e1s por eso no puede pelear, pero no parece que vaya a ser Movsar\u00bb, intentaba explicar Volkanovski.\u00a0<\/p>\n<p class=\"c-paragraph\">Evloev, a pesar de estar invicto, no es visto con buenos ojos por la UFC por su<b> estilo poco vistoso de lucha y sus dificultades para finalizar<\/b> los combates. Hace unas semanas el ruso tuvo que retirarse por lesi\u00f3n de su \u00faltima pelea, que estaba programa el 26 de julio, precisamente, contra <b>Aaron Pico<\/b>.<\/p>\n","protected":false},"excerpt":{"rendered":"La victoria del invicto Lerone Murphy en UFC 319 no pas\u00f3 desapercibida para el actual campe\u00f3n del peso&hellip;\n","protected":false},"author":2,"featured_media":63909,"comment_status":"","ping_status":"","sticky":false,"template":"","format":"standard","meta":{"footnotes":""},"categories":[276],"tags":[1488,168,25,24,743,267,23,167,343,8887],"class_list":{"0":"post-63908","1":"post","2":"type-post","3":"status-publish","4":"format-standard","5":"has-post-thumbnail","7":"category-ufc","8":"tag-artes-marciales","9":"tag-deportes","10":"tag-es","11":"tag-espana","12":"tag-mma","13":"tag-planseo","14":"tag-spain","15":"tag-sports","16":"tag-ufc","17":"tag-volkanovski"},"share_on_mastodon":{"url":"","error":""},"_links":{"self":[{"href":"https:\/\/www.europesays.com\/es\/wp-json\/wp\/v2\/posts\/63908","targetHints":{"allow":["GET"]}}],"collection":[{"href":"https:\/\/www.europesays.com\/es\/wp-json\/wp\/v2\/posts"}],"about":[{"href":"https:\/\/www.europesays.com\/es\/wp-json\/wp\/v2\/types\/post"}],"author":[{"embeddable":true,"href":"https:\/\/www.europesays.com\/es\/wp-json\/wp\/v2\/users\/2"}],"replies":[{"embeddable":true,"href":"https:\/\/www.europesays.com\/es\/wp-json\/wp\/v2\/comments?post=63908"}],"version-history":[{"count":0,"href":"https:\/\/www.europesays.com\/es\/wp-json\/wp\/v2\/posts\/63908\/revisions"}],"wp:featuredmedia":[{"embeddable":true,"href":"https:\/\/www.europesays.com\/es\/wp-json\/wp\/v2\/media\/63909"}],"wp:attachment":[{"href":"https:\/\/www.europesays.com\/es\/wp-json\/wp\/v2\/media?parent=63908"}],"wp:term":[{"taxonomy":"category","embeddable":true,"href":"https:\/\/www.europesays.com\/es\/wp-json\/wp\/v2\/categories?post=63908"},{"taxonomy":"post_tag","embeddable":true,"href":"https:\/\/www.europesays.com\/es\/wp-json\/wp\/v2\/tags?post=63908"}],"curies":[{"name":"wp","href":"https:\/\/api.w.org\/{rel}","templated":true}]}}