{"id":639121,"date":"2026-07-03T12:39:16","date_gmt":"2026-07-03T12:39:16","guid":{"rendered":"https:\/\/www.europesays.com\/es\/639121\/"},"modified":"2026-07-03T12:39:16","modified_gmt":"2026-07-03T12:39:16","slug":"el-ultimo-alpine-a110-de-combustion-abandona-la-fabrica-de-dieppe-el-proximo-modelo-de-la-firma-francesa-promete-ser-ligero-y-agil-pero-con-un-motor-100-electrico","status":"publish","type":"post","link":"https:\/\/www.europesays.com\/es\/639121\/","title":{"rendered":"El \u00faltimo Alpine A110 de combusti\u00f3n abandona la f\u00e1brica de Dieppe: el pr\u00f3ximo modelo de la firma francesa promete ser ligero y \u00e1gil pero con un motor 100% el\u00e9ctrico"},"content":{"rendered":"<p>ClavesPreguntas4Ficha1<\/p>\n<p>El \u00faltimo Alpine A110 de combusti\u00f3n sale de Dieppe y cierra una era que llevaba menos de una d\u00e9cada abierta: el deportivo que resucit\u00f3 a la marca ya es historia.<\/p>\n<p>De los 28.701 unidades producidas, m\u00e1s del 58% salieron en azul de f\u00e1brica \u2014 y eso tiene una implicaci\u00f3n directa si est\u00e1s pensando en uno como inversi\u00f3n o coleccionismo que deber\u00edas conocer.<\/p>\n<p>El gran reto del A110 el\u00e9ctrico no es la potencia ni el precio: es la f\u00edsica, y Alpine lo sabe mejor que nadie porque su identidad entera depende de algo que las bater\u00edas amenazan con destruir.<\/p>\n<p>La f\u00e1brica de Dieppe ya est\u00e1 en transformaci\u00f3n \u2014 y lo que Alpine ha prometido para la pr\u00f3xima generaci\u00f3n suena bien, pero las dudas sobre si puede cumplirlo son m\u00e1s que razonables.<\/p>\n<p>Resumen generado por IA a partir de art\u00edculos de Autonoci\u00f3n \u00b7 <a href=\"https:\/\/www.autonocion.com\/el-box\/\" rel=\"nofollow noopener\" target=\"_blank\">C\u00f3mo funciona<\/a><\/p>\n<p>Ha llegado el d\u00eda: <strong>Alpine finaliza definitivamente la producci\u00f3n de los coches de combusti\u00f3n con la salida de la \u00faltima unidad del <a href=\"https:\/\/www.autonocion.com\/coches-nuevos\/alpine\/a110\/\" target=\"_blank\" rel=\"noopener nofollow\">Alpine A110<\/a> de la f\u00e1brica de Dieppe<\/strong>. Esta es una de esas <a title=\"noticias\" href=\"https:\/\/www.autonocion.com\/noticias-motor\/\" rel=\"nofollow noopener\" target=\"_blank\">noticias<\/a> dif\u00edciles de dar, pero \u00abpara las que hay que estar\u00bb. La firma normanda ha terminado definitivamente el deportivo ligero que la permiti\u00f3 resurgir hace casi una d\u00e9cada. <strong>De ahora en adelante, lo que nos espera es el nuevo A110 <a title=\"el\u00e9ctrico\" href=\"https:\/\/www.autonocion.com\/coches-electricos\/\" rel=\"nofollow noopener\" target=\"_blank\">el\u00e9ctrico<\/a>.<\/strong><\/p>\n<p>El adi\u00f3s definitivo y su sustituto el\u00e9ctrico<\/p>\n<p>Despu\u00e9s de producir <strong>28.701 unidades del \u00faltimo Alpine A110<\/strong>, la marca gala ha decidido cortar su relaci\u00f3n con los motores de combusti\u00f3n y apostar por la electrificaci\u00f3n. Ya nos avis\u00f3 con el <a href=\"https:\/\/www.autonocion.com\/alpine-a110-e-ternite-un-prototipo-100-electrico-y-con-muchas-novedades-interesantes\/\" target=\"_blank\" rel=\"noopener nofollow\">A110 eternit-\u00e9<\/a>, un prototipo con el que comenzaban a investigar sobre la aplicaci\u00f3n de este tipo de propulsores a deportivos \u00e1giles y ligeros.<\/p>\n<p>Mi consejo: no lo compres azul; al menos si ves en el ejercicio de recibir al Alpine A110 en tu garaje una inversi\u00f3n a futuro. <strong>M\u00e1s del 58% de los A110 producidos en Dieppe luc\u00edan el color azul en su carrocer\u00eda.<\/strong> De todos ellos, un 33% en Bleu Alpine. S\u00ed, el color con el que te imaginas un A110 cuando te imaginas un A110.<\/p>\n<p>La \u00faltima unidad corresponde a un <strong>A110 R70 Bleu Alpine, justo con el fin del 70\u00ba aniversario de la marca<\/strong>. Emplea m\u00faltiples elementos de fibra de carbono, un motor de 300 CV de <a title=\"potencia\" href=\"https:\/\/www.autonocion.com\/formas-de-medir-la-potencia-y-como-pasar-de-kw-a-cv\/\" rel=\"nofollow noopener\" target=\"_blank\">potencia<\/a> y un chasis pensado en el m\u00e1ximo rendimiento. <strong>La f\u00e1brica de Dieppe ya inicia su transformaci\u00f3n para acoger a la tercera generaci\u00f3n del Alpine A110<\/strong>. Este, desarrollado sobre la nueva plataforma Alpine Performance Platform (APP) y, como ya hemos comentado, con motor 100% el\u00e9ctrico.<\/p>\n<p>\u00bfPor qu\u00e9 no un Alpine A110 el\u00e9ctrico?<\/p>\n<p>El gran problema de la electrificaci\u00f3n sigue siendo el peso. <strong>Las bater\u00edas, <\/strong>situadas normalmente bajo el piso del habit\u00e1culo,<strong> ayudan a rebajar el centro de gravedad y mejoran la estabilidad del coche<\/strong>. Sin embargo, tambi\u00e9n incrementan considerablemente la masa del conjunto, lo que complica desarrollar un deportivo realmente ligero.<\/p>\n<p>Muchos fabricantes han optado por compensarlo recurriendo a motores cada vez m\u00e1s potentes, pero aqu\u00ed vuelve a cobrar sentido una de las frases m\u00e1s c\u00e9lebres de Colin Chapman, fundador de Lotus. <strong>\u00abA\u00f1adir potencia te hace m\u00e1s r\u00e1pido en las rectas; quitar peso te hace m\u00e1s r\u00e1pido en todas partes\u00bb<\/strong>. Y no le faltaba raz\u00f3n.<\/p>\n<p>      Newsletter de Autonoci\u00f3n<\/p>\n<p class=\"mn-nl__legal\">Sin spam. Date de baja cuando quieras. <a href=\"https:\/\/www.autonocion.com\/aviso-legal\/#legalnewsletter\" target=\"_blank\" rel=\"nofollow noopener\">Aviso legal (se abre en nueva ventana)<\/a><\/p>\n<p><strong>Cuanto mayor es el peso de un coche, mayores son las inercias que aparecen<\/strong> en aceleraci\u00f3n, frenada y paso por curva. Por mucha potencia que tenga, <strong>la f\u00edsica siempre acaba imponi\u00e9ndose<\/strong> cuando llega el momento de buscar la m\u00e1xima precisi\u00f3n al volante. Ahora bien, Alpine podr\u00eda compensarlo, como ya lo han hecho otros fabricantes a trav\u00e9s de la tecnolog\u00eda. <a href=\"https:\/\/www.autonocion.com\/audi-rs5-2026-peso-hibrido-rendimiento\/\" target=\"_blank\" rel=\"noopener nofollow\">Audi con su RS 5<\/a>, <a title=\"BMW\" href=\"https:\/\/www.autonocion.com\/coches-nuevos\/bmw\/\" rel=\"nofollow noopener\" target=\"_blank\">BMW<\/a> con el <a href=\"https:\/\/www.autonocion.com\/bmw-i3-precio-lanzamiento\/\" target=\"_blank\" rel=\"noopener nofollow\">i3 a trav\u00e9s del Heart of Joy<\/a> o <a href=\"https:\/\/www.autonocion.com\/motornocion\/hyundai-ioniq-6-n-world-car-awards\/\" target=\"_blank\" rel=\"noopener nofollow\">Hyundai con los iONIQ N<\/a>. L<strong>a electrificaci\u00f3n en los <a title=\"coches deportivos\" href=\"https:\/\/www.autonocion.com\/coches-deportivos-baratos-espana-2021\/\" rel=\"nofollow noopener\" target=\"_blank\">coches deportivos<\/a> ligeros es pr\u00e1cticamente un terreno inexplorado<\/strong>, casi una ventaja para Alpine.<\/p>\n<p>Historia de Alpine: victorias en la competici\u00f3n y un regreso triunfal<\/p>\n<p>Jean R\u00e9d\u00e9l\u00e9 se hace cargo del concesionario <a title=\"Renault\" href=\"https:\/\/www.autonocion.com\/coches-nuevos\/renault\/\" rel=\"nofollow noopener\" target=\"_blank\">Renault<\/a> de su padre en Francia y <strong>comienza a correr rallies en 1950 con modelos de la propia marca del rombo<\/strong>. Pronto descubri\u00f3 su impulso por dise\u00f1ar y producir sus propios coches de carreras; m\u00e1s ligeros y \u00e1giles. <strong>Muestra varios prototipos sobre la base del 4CV hasta que en 1955 funda Alpine<\/strong>. El nombre de la firma sirve como referencia a su primera victoria en competici\u00f3n, un a\u00f1o antes en los alpes.<\/p>\n<p>El primero en ver la luz es el Alpine A106, producido hasta 1961. <strong>Entonces nace el verdadero mito: el primer Alpine A110<\/strong>. Dise\u00f1ado sobre el chasis del Renault 8, la carrocer\u00eda es de fibra de vidrio y el motor, tambi\u00e9n del R8, se sit\u00faa detr\u00e1s. <strong>El A110 no ser\u00eda nada sin un palmar\u00e9s con varias victorias importantes<\/strong>, muchas de ellas del mundo de los rallies.<\/p>\n<p><strong>Su \u00e9xito llev\u00f3 a Renault a interesarse por Alpine en 1973, que acabar\u00eda adquiriendo la marca<\/strong>. Despu\u00e9s llegan el A310, el GTA y el A610, con el que la firma se retira hasta su regreso en 2017. <strong>El Alpine A110 del Siglo XXI recupera la est\u00e9tica y el concepto del modelo primigenio<\/strong>: dimensiones reducidas, peso ligero y un motor en posici\u00f3n trasera (ahora central). Ahora dice adi\u00f3s como deportivo de combusti\u00f3n dando el salto a la electrificaci\u00f3n total.<\/p>\n","protected":false},"excerpt":{"rendered":"ClavesPreguntas4Ficha1 El \u00faltimo Alpine A110 de combusti\u00f3n sale de Dieppe y cierra una era que llevaba menos de&hellip;\n","protected":false},"author":2,"featured_media":639122,"comment_status":"","ping_status":"","sticky":false,"template":"","format":"standard","meta":{"footnotes":""},"categories":[80],"tags":[1331,82,46634,95,94,25,24,23],"class_list":["post-639121","post","type-post","status-publish","format-standard","has-post-thumbnail","category-economia","tag-alpine","tag-business","tag-coche-electrico","tag-economia","tag-economy","tag-es","tag-espana","tag-spain"],"share_on_mastodon":{"url":"https:\/\/pubeurope.com\/@es\/116856092493336801","error":""},"_links":{"self":[{"href":"https:\/\/www.europesays.com\/es\/wp-json\/wp\/v2\/posts\/639121","targetHints":{"allow":["GET"]}}],"collection":[{"href":"https:\/\/www.europesays.com\/es\/wp-json\/wp\/v2\/posts"}],"about":[{"href":"https:\/\/www.europesays.com\/es\/wp-json\/wp\/v2\/types\/post"}],"author":[{"embeddable":true,"href":"https:\/\/www.europesays.com\/es\/wp-json\/wp\/v2\/users\/2"}],"replies":[{"embeddable":true,"href":"https:\/\/www.europesays.com\/es\/wp-json\/wp\/v2\/comments?post=639121"}],"version-history":[{"count":0,"href":"https:\/\/www.europesays.com\/es\/wp-json\/wp\/v2\/posts\/639121\/revisions"}],"wp:featuredmedia":[{"embeddable":true,"href":"https:\/\/www.europesays.com\/es\/wp-json\/wp\/v2\/media\/639122"}],"wp:attachment":[{"href":"https:\/\/www.europesays.com\/es\/wp-json\/wp\/v2\/media?parent=639121"}],"wp:term":[{"taxonomy":"category","embeddable":true,"href":"https:\/\/www.europesays.com\/es\/wp-json\/wp\/v2\/categories?post=639121"},{"taxonomy":"post_tag","embeddable":true,"href":"https:\/\/www.europesays.com\/es\/wp-json\/wp\/v2\/tags?post=639121"}],"curies":[{"name":"wp","href":"https:\/\/api.w.org\/{rel}","templated":true}]}}