{"id":63914,"date":"2025-08-22T04:41:09","date_gmt":"2025-08-22T04:41:09","guid":{"rendered":"https:\/\/www.europesays.com\/es\/63914\/"},"modified":"2025-08-22T04:41:09","modified_gmt":"2025-08-22T04:41:09","slug":"pellicer-busca-debajo-de-las-piedras","status":"publish","type":"post","link":"https:\/\/www.europesays.com\/es\/63914\/","title":{"rendered":"Pellicer busca debajo de las piedras"},"content":{"rendered":"<p><a href=\"https:\/\/www.merchanendirecto.es\/wp-content\/uploads\/2025\/08\/convocatoria-entrenamiento-pellicer-charla.webp\" data-caption=\"Foto: M\u00e1laga CF\" rel=\"nofollow noopener\" target=\"_blank\"><img loading=\"lazy\" decoding=\"async\" width=\"696\" height=\"465\" class=\"entry-thumb td-modal-image\" src=\"https:\/\/www.europesays.com\/es\/wp-content\/uploads\/2025\/08\/convocatoria-entrenamiento-pellicer-charla-696x465.webp.webp\"   alt=\"\" title=\"convocatoria-entrenamiento-pellicer-charla\"\/><\/a>Foto: M\u00e1laga CF<\/p>\n<p>El <strong>M\u00e1laga CF <\/strong>complet\u00f3 sus entrenamientos sin mas sobresaltos que la noticia del pasado domingo de Luismi S\u00e1nchez. Sergio Pellicer se puso manos a la obra desde el mismo d\u00eda de la lesi\u00f3n en buscar soluciones dentro de su plantilla. El t\u00e9cnico de Nules quiere intentar aprovechar la lesi\u00f3n dentro de lo que cabe para que un jugador como Juanpe d\u00e9 un paso adelante en estas semanas. <a href=\"https:\/\/www.merchanendirecto.es\/malaga-cf\/el-malaga-apura-sus-opciones-de-fichaje\/\" target=\"_blank\" rel=\"noreferrer noopener nofollow\">El club mientras busca dinero debajo de las piedras para intentar reforzar la plantilla antes de que llegue el 2 de septiembre<\/a>. Mientras, la misi\u00f3n recae en Sergio Pellicer y en su cuerpo t\u00e9cnico que tiene que inventar un mediocentro de urgencias.<\/p>\n<p>Las dos opciones est\u00e1n encima de la mesa. <strong>El entrenador qued\u00f3 contento con Dani Lorenzo<\/strong>, con el que ha ensayado principalmente la salida de bal\u00f3n y la presi\u00f3n esta semana. Ante la Real B, un equipo que intenta sacar la pelota desde atr\u00e1s, el preparador malaguista ha vuelto a insistir con sus jugadores para que se vaya por los fueros de la pretemporada. <strong>Pellicer no le pierde la fe a Juanpe. El t\u00e9cnico hizo un peque\u00f1o aparte con el jerezano para intentar meterlo en la din\u00e1mica del equipo.<\/strong><\/p>\n<p>El trabajo de hoy jueves se inici\u00f3 en el verde pasadas las 9:45 horas, tras una sesi\u00f3n de v\u00eddeo anal\u00edtica en las galer\u00edas interiores del estadio. Despu\u00e9s de ello, mucha t\u00e1ctica. Izan Merino y Dotor son fijos en este inicio de curso. <strong>Sergio Pellicer busca soluciones en un centro del campo donde Rafa Rodr\u00edguez de momento parece ocupar posiciones m\u00e1s de ataque<\/strong> para <a href=\"http:\/\/malagacf.es\" target=\"_blank\" rel=\"noreferrer noopener nofollow\">la pizarra del entrenador <\/a>malaguista.\u00a0Sergio Pellicer se puso manos a la obra desde el mismo d\u00eda de la lesi\u00f3n en buscar soluciones dentro de su plantilla<\/p>\n<p>Art\u00edculo anterior<a href=\"https:\/\/www.merchanendirecto.es\/variedades\/del-cid-niega-el-cierre-de-las-urgencias-del-centro-de-salud-san-miguel\/\" rel=\"nofollow noopener\" target=\"_blank\">Del Cid niega el cierre de las urgencias del centro de salud San Miguel<\/a>Art\u00edculo siguiente<a href=\"https:\/\/www.merchanendirecto.es\/unicaja\/el-unicaja-inicia-los-entrenamientos-y-duarte-pisa-suelo-malagueno\/\" rel=\"nofollow noopener\" target=\"_blank\">El Unicaja inicia los entrenamientos y Duarte pisa suelo malague\u00f1o<\/a>            <a href=\"https:\/\/www.merchanendirecto.es\/author\/juanje\/\" aria-label=\"author-photo\" rel=\"nofollow noopener\" target=\"_blank\"><img loading=\"lazy\" alt=\"Juanje Fern\u00e1ndez R.\" src=\"https:\/\/www.europesays.com\/es\/wp-content\/uploads\/2025\/08\/1755837669_289_588f4899281ee94b563758cda01b62757e0792af3400a1a0971ff9c612bd1f71\"  class=\"avatar avatar-96 photo\" height=\"96\" width=\"96\" decoding=\"async\"\/><\/a>                    <\/p>\n","protected":false},"excerpt":{"rendered":"Foto: M\u00e1laga CF El M\u00e1laga CF complet\u00f3 sus entrenamientos sin mas sobresaltos que la noticia del pasado domingo&hellip;\n","protected":false},"author":2,"featured_media":50154,"comment_status":"","ping_status":"","sticky":false,"template":"","format":"standard","meta":{"footnotes":""},"categories":[268],"tags":[168,25,24,280,282,1963,9007,281,23,167],"class_list":{"0":"post-63914","1":"post","2":"type-post","3":"status-publish","4":"format-standard","5":"has-post-thumbnail","7":"category-futbol","8":"tag-deportes","9":"tag-es","10":"tag-espana","11":"tag-football","12":"tag-futbol","13":"tag-malaga-cf","14":"tag-sergio-pellicer","15":"tag-soccer","16":"tag-spain","17":"tag-sports"},"share_on_mastodon":{"url":"","error":""},"_links":{"self":[{"href":"https:\/\/www.europesays.com\/es\/wp-json\/wp\/v2\/posts\/63914","targetHints":{"allow":["GET"]}}],"collection":[{"href":"https:\/\/www.europesays.com\/es\/wp-json\/wp\/v2\/posts"}],"about":[{"href":"https:\/\/www.europesays.com\/es\/wp-json\/wp\/v2\/types\/post"}],"author":[{"embeddable":true,"href":"https:\/\/www.europesays.com\/es\/wp-json\/wp\/v2\/users\/2"}],"replies":[{"embeddable":true,"href":"https:\/\/www.europesays.com\/es\/wp-json\/wp\/v2\/comments?post=63914"}],"version-history":[{"count":0,"href":"https:\/\/www.europesays.com\/es\/wp-json\/wp\/v2\/posts\/63914\/revisions"}],"wp:featuredmedia":[{"embeddable":true,"href":"https:\/\/www.europesays.com\/es\/wp-json\/wp\/v2\/media\/50154"}],"wp:attachment":[{"href":"https:\/\/www.europesays.com\/es\/wp-json\/wp\/v2\/media?parent=63914"}],"wp:term":[{"taxonomy":"category","embeddable":true,"href":"https:\/\/www.europesays.com\/es\/wp-json\/wp\/v2\/categories?post=63914"},{"taxonomy":"post_tag","embeddable":true,"href":"https:\/\/www.europesays.com\/es\/wp-json\/wp\/v2\/tags?post=63914"}],"curies":[{"name":"wp","href":"https:\/\/api.w.org\/{rel}","templated":true}]}}