{"id":63915,"date":"2025-08-22T04:42:18","date_gmt":"2025-08-22T04:42:18","guid":{"rendered":"https:\/\/www.europesays.com\/es\/63915\/"},"modified":"2025-08-22T04:42:18","modified_gmt":"2025-08-22T04:42:18","slug":"el-acoso-y-los-insultos-a-amaral-por-la-polemica-con-bunbury-no-se-detienen-ensenanos-las-tetas","status":"publish","type":"post","link":"https:\/\/www.europesays.com\/es\/63915\/","title":{"rendered":"El acoso y los insultos a Amaral por la pol\u00e9mica con Bunbury no se detienen: \u00abEns\u00e9\u00f1anos las tetas\u00bb"},"content":{"rendered":"<p class=\"paragraph\">Este mi\u00e9rcoles 21 de agosto la pol\u00e9mica que ha aflorado esta semana alrededor de un bulo que propaga<b> la presunta enemistad entre Eva Amaral y Enrique Bunbury<\/b> parec\u00eda quedar zanjada con los tuits de agradecimiento del d\u00fao zaragozano <a href=\"https:\/\/www.heraldo.es\/noticias\/ocio-y-cultura\/2025\/08\/20\/amaral-lanza-ultimo-mensaje-bunbury-respeto-bulo-1848190.html\" title=\"Amaral lanza un \u00faltimo mensaje a Bunbury: &quot;Agradecemos su respeto, siempre rec\u00edproco&quot;\" rel=\"nofollow noopener\" target=\"_blank\">por el comunicado emitido por el cantante el martes, en el que desment\u00eda que la canci\u00f3n &#8216;Puta desagradecida&#8217; estuviera inspirada en Eva Amaral.\u00a0<\/a><\/p>\n<p class=\"paragraph\">\u00abAgradecemos a Enrique Bunbury que haya desmentido en sus redes esta historia inventada que desde hace 20 a\u00f1os viene siendo excusa para tantos ataques y amenazas.<b>\u00a0Este tipo de comportamientos no deber\u00edan tener cabida ni en redes ni en el mundo<\/b> y desde luego nunca entre aquellas personas que se supone que aman la m\u00fasica. Agradecemos igualmente sus muestras de respeto, siempre rec\u00edproco\u00bb, public\u00f3 Amaral en el que se presum\u00eda el final de este culebr\u00f3n.\u00a0<\/p>\n<p class=\"paragraph\">El propio Bunbury hab\u00eda solicitado un d\u00eda antes respeto por Amaral. <b>\u00abPido desde aqu\u00ed el respeto que tienen y merecen.<\/b> Amaral es un d\u00fao de talento evidente y may\u00fasculo, a los que desde aqu\u00ed env\u00edo mi admiraci\u00f3n y disculpas por todo lo sufrido\u00bb, asever\u00f3 el artista.\u00a0<\/p>\n<p class=\"paragraph\">Sin embargo, los insultos, el acoso y los comentarios hirientes dedicados a Amaral por parte de un buen n\u00famero de usuarios de las redes sociales no se ha detenido. En el propio hilo de los tuits publicados en X por Amaral en agradecimiento a Bunbury <b>abundan este tipo de mensajes tan execrables.\u00a0<\/b><\/p>\n<p class=\"paragraph\">Desde el anonimato que permite X, muchos dedican muy feas y machistas palabras a la cantante. \u00abAmaral, coqueta, ens\u00e9\u00f1anos las tetas!\u00bb, asevera el usuario George. \u00abNo hay foto de tus tetas???\u00bb, apunta\u00a0@@j. \u00abHasta que no ense\u00f1es las tetas en un escenario no se lo van a creer\u00bb, apunta Bullitt. \u00abEso es lo de menos, la gente lo que quiere saber es si vas a ense\u00f1ar las tetas en las pr\u00f3ximas actuaciones,<b> no cantas mal, pero si ense\u00f1as las tetas es un buen plus, sabes?\u00bb,<\/b> dice Panycirco-reborn. \u00abAhora tendr\u00e1s que volver a ense\u00f1ar las peras, si no nadie hablar\u00e1 de ti\u00bb, proclama Kowalski.\u00a0<\/p>\n<p class=\"paragraph\">En la misma l\u00ednea que Munch: \u00abLa gente que ama la m\u00fasica no ense\u00f1a las tetas en un escenario mientras canta\u00bb. \u00abYa se te acab\u00f3 el chollo de llamar la atenci\u00f3n con este tema , ahora a seguir berreando en el escenario\u00bb, indica Husc82. \u00abDeja de hacer payasadas para recibir el apoyo progre y dedicate a cantar. Desde que te despechaste has perdido el norte\u00bb, comparte Ruslando.\u00a0\u00abInclinaci\u00f3n pol\u00edtica, ense\u00f1ar tetas, dar las gracias por algo de una canci\u00f3n que no sabemos de qu\u00e9 va\u2026 <b>se te van agotando las ideas para que se hable de ti <\/b>con lo f\u00e1cil que era limitarte a cantar que es lo que haces bien\u00bb, escribe Serendipia.\u00a0Tambi\u00e9n recibe Juan Aguirre. \u00abEstamos en agosto y no te quitas la gorra, asume ya tu calvicie!\u00bb, le dice Edencio.<\/p>\n<p class=\"paragraph\">El nexo com\u00fan de todos estos comentarios publicados en el hilo comenzado por Amaral en su cuenta oficial es que<b> todos provienen de usuarios sin identificar, <\/b>que no muestran sus nombres y apellidos y que se refugian en ese anonimato.\u00a0<\/p>\n","protected":false},"excerpt":{"rendered":"Este mi\u00e9rcoles 21 de agosto la pol\u00e9mica que ha aflorado esta semana alrededor de un bulo que propaga&hellip;\n","protected":false},"author":2,"featured_media":63916,"comment_status":"","ping_status":"","sticky":false,"template":"","format":"standard","meta":{"footnotes":""},"categories":[174],"tags":[11669,17832,255,146,147,25,24,256,20348,1526,23],"class_list":{"0":"post-63915","1":"post","2":"type-post","3":"status-publish","4":"format-standard","5":"has-post-thumbnail","7":"category-famosos","8":"tag-amaral","9":"tag-bunbury","10":"tag-celebrities","11":"tag-entertainment","12":"tag-entretenimiento","13":"tag-es","14":"tag-espana","15":"tag-famosos","16":"tag-insultos","17":"tag-polemica","18":"tag-spain"},"share_on_mastodon":{"url":"","error":""},"_links":{"self":[{"href":"https:\/\/www.europesays.com\/es\/wp-json\/wp\/v2\/posts\/63915","targetHints":{"allow":["GET"]}}],"collection":[{"href":"https:\/\/www.europesays.com\/es\/wp-json\/wp\/v2\/posts"}],"about":[{"href":"https:\/\/www.europesays.com\/es\/wp-json\/wp\/v2\/types\/post"}],"author":[{"embeddable":true,"href":"https:\/\/www.europesays.com\/es\/wp-json\/wp\/v2\/users\/2"}],"replies":[{"embeddable":true,"href":"https:\/\/www.europesays.com\/es\/wp-json\/wp\/v2\/comments?post=63915"}],"version-history":[{"count":0,"href":"https:\/\/www.europesays.com\/es\/wp-json\/wp\/v2\/posts\/63915\/revisions"}],"wp:featuredmedia":[{"embeddable":true,"href":"https:\/\/www.europesays.com\/es\/wp-json\/wp\/v2\/media\/63916"}],"wp:attachment":[{"href":"https:\/\/www.europesays.com\/es\/wp-json\/wp\/v2\/media?parent=63915"}],"wp:term":[{"taxonomy":"category","embeddable":true,"href":"https:\/\/www.europesays.com\/es\/wp-json\/wp\/v2\/categories?post=63915"},{"taxonomy":"post_tag","embeddable":true,"href":"https:\/\/www.europesays.com\/es\/wp-json\/wp\/v2\/tags?post=63915"}],"curies":[{"name":"wp","href":"https:\/\/api.w.org\/{rel}","templated":true}]}}