{"id":63919,"date":"2025-08-22T04:45:36","date_gmt":"2025-08-22T04:45:36","guid":{"rendered":"https:\/\/www.europesays.com\/es\/63919\/"},"modified":"2025-08-22T04:45:36","modified_gmt":"2025-08-22T04:45:36","slug":"peacemaker-temporada-2-critica","status":"publish","type":"post","link":"https:\/\/www.europesays.com\/es\/63919\/","title":{"rendered":"&#8216;Peacemaker&#8217; temporada 2, cr\u00edtica"},"content":{"rendered":"<p style=\"font-size:25px\">El <a href=\"https:\/\/hipertextual.com\/cine-television\/james-gunn-confirma-proximas-peliculas-universo-dc\/\" rel=\"nofollow noopener\" target=\"_blank\">Universo DC<\/a> contin\u00faa creciendo tras el reinicio de <strong>James Gunn<\/strong> y <strong>Peter Safran<\/strong>. As\u00ed, tras los estrenos de <a href=\"https:\/\/hipertextual.com\/cine-television\/superman-james-gunn-critica\/\" rel=\"nofollow noopener\" target=\"_blank\">Superman<\/a> y de <a href=\"https:\/\/hipertextual.com\/cine-television\/creature-commandos-critica-debut-salvaje-universo-dc-james-gunn\/\" rel=\"nofollow noopener\" target=\"_blank\">Creature Commandos<\/a>, llega por fin a HBO Max la <a href=\"https:\/\/hipertextual.com\/cine-television\/a-que-hora-se-estrena-la-segunda-temporada-de-peacemaker\/\" rel=\"nofollow noopener\" target=\"_blank\">segunda temporada de <strong>Peacemaker<\/strong> (El Pacificador)<\/a>. Con su nueva entrega, la serie promete aclarar al fin exactamente qu\u00e9 es canon y qu\u00e9 no del anterior DCEU. A su vez, de nuevo con <strong>John Cena<\/strong> como gran protagonista, seguir\u00e1 ampliando los horizontes de la saga desde su lado m\u00e1s gamberro, violento y divertido.<\/p>\n<p>La temporada 2 de Peacemaker <a href=\"https:\/\/hipertextual.com\/cine-television\/peacemaker-todo-lo-que-debes-recordar-antes-de-la-segunda-temporada\/\" rel=\"nofollow noopener\" target=\"_blank\">se ambienta justo despu\u00e9s de la primera<\/a>. El protagonista pasa por una importante crisis personal. Por un lado, quiere convertirse en un gran h\u00e9roe y unirse a la Banda de la Justicia, pero no es nada f\u00e1cil. Por otro lado, siente que su relaci\u00f3n con <strong>Harcourt<\/strong> no avanza. Y para colmo, <strong>Rick Flag<\/strong> se ha convertido en el nuevo director de A.R.G.U.S. y quiere vengarse de \u00e9l por el asesinato de su hijo. As\u00ed las cosas, a trav\u00e9s de un portal interdimensional, <strong>Chris<\/strong> descubre una nueva dimensi\u00f3n en la que su vida parece mucho m\u00e1s perfecta.<\/p>\n<p><img loading=\"lazy\" data-recalc-dims=\"1\" decoding=\"async\" width=\"1638\" height=\"2048\" alt=\"Peacemaker\" class=\"wp-image-1854956 perfmatters-lazy\" src=\"https:\/\/www.europesays.com\/es\/wp-content\/uploads\/2025\/08\/Peacemaker.jpeg\"  data-\/><\/p>\n<p>Peacemaker T.2<\/p>\n<p class=\"has-drop-cap\">Divertida, gamberra, exc\u00e9ntrica, brutal&#8230; <strong>Peacemaker<\/strong> es totalmente continuista en el tono de su segunda temporada. Pero, adem\u00e1s, se supera en coraz\u00f3n al aportarle m\u00e1s capas a sus protagonistas, que no pasan por un buen momento. No solo hace crecer el Universo DC sino que regala una de las series de superh\u00e9roes m\u00e1s redondas de los \u00faltimos a\u00f1os. Una vez m\u00e1s, <strong>John Cena<\/strong> brilla y demuestra que ha nacido para el papel.<\/p>\n<p>\u2b50\u2b50\u2b50\u2b50<\/p>\n<p>Puntuaci\u00f3n: 4 de 5.<\/p>\n<p>La misma locura de siempre<\/p>\n<p>Han pasado m\u00e1s de tres a\u00f1os desde que la primera temporada de Peacemaker viese la luz. Por eso, muchos ten\u00edan la duda de c\u00f3mo encajar\u00eda esta nueva tanda de episodios no solo con el renovado Universo DC sino, tambi\u00e9n, con su propio pasado. <a href=\"https:\/\/hipertextual.com\/cine-television\/peacemaker-mundo-superheroes\/\" rel=\"nofollow noopener\" target=\"_blank\">Aquella serie gust\u00f3 enormemente<\/a> porque por fin se dejaba llevar por la locura intr\u00ednseca de su historia y de sus personajes. Por medio de unos inadaptados y de gigantescas dosis de violencia, <strong>James Gunn<\/strong> engatus\u00f3 a los espectadores y se convirti\u00f3 en lo mejor del DCEU.<\/p>\n<p>Ahora, el tiempo ha pasado. Pero, por fortuna, al ver la serie parece que la temporada 1 termin\u00f3 ayer. El humor bestia y soez, la violencia expl\u00edcita y desmedida&#8230; Todo sigue ah\u00ed, <a href=\"https:\/\/hipertextual.com\/cine-television\/peacemaker-critica-hbo-max\/\" rel=\"nofollow noopener\" target=\"_blank\">como si no hubiese pasado nada<\/a>. Y menos mal. Los espectadores que buscasen un proyecto muy continuista con la temporada anterior van a quedar m\u00e1s que satisfechos. Una vez m\u00e1s, Peacemaker vuelve a ser divertid\u00edsima y exagerada, \u00fanica.<\/p>\n<p>Fiel a su naturaleza, <strong>James Gunn<\/strong> se permite desenfrenarse como nunca con una escena bizarra detr\u00e1s de otra. Desde org\u00edas, pasando por peleas de bar y hasta sangrientas y brutales batallas de \u00e1guila. Si con <a href=\"https:\/\/hipertextual.com\/cine-television\/david-corenswet-pide-pelicula-superman-calificacion-r\/\" rel=\"nofollow noopener\" target=\"_blank\">Superman abraz\u00f3 el lado m\u00e1s familiar<\/a> y luminoso de DC, en Peacemaker temporada 2 regresa a su faceta salvaje, ca\u00f3tica y desternillante. Todo un disfrute que, a falta de ver sus dos episodios finales, se antoja como la mejor serie de superh\u00e9roes del a\u00f1o.<\/p>\n<p><img loading=\"lazy\" data-recalc-dims=\"1\" decoding=\"async\" width=\"1500\" height=\"1000\" alt=\"Peacemaker temporada 2\" class=\"wp-image-1854955 perfmatters-lazy\" src=\"https:\/\/www.europesays.com\/es\/wp-content\/uploads\/2025\/08\/Peacemaker-temporada-2-1500x1000.jpg\"  data-\/><\/p>\n<p>Mucho m\u00e1s coraz\u00f3n<\/p>\n<p>Eso s\u00ed, hay algo que incluso hace crecer a Peacemaker con respecto a su primera temporada. Y es que <strong>James Gunn<\/strong> ha puesto a\u00fan m\u00e1s coraz\u00f3n en sus personajes. Como ya hizo con Guardianes de la Galaxia a medida que fue completando la trilog\u00eda, aqu\u00ed vuelve a aprovecharse de que los espectadores ya conocen a los protagonistas para darles mucha m\u00e1s carga dram\u00e1tica. El cineasta no tiene miedo en indagar en los traumas m\u00e1s humanos y emocionales de cada uno.<\/p>\n<p>Todos ellos aportan esa cara B, esa seriedad que equilibra el despiporre general de la serie para que el desmadre no se haga cansino. Hay sentimientos muy fuertes que afloran en esta panda de marginados, cuyas vidas est\u00e1n lejos de ser perfectas. Como siempre, <strong>James Gunn<\/strong> explota lo que mejor sabe hacer con este tipo de personajes. Y lo hace a las mil maravillas. Si hace unos meses <a href=\"https:\/\/hipertextual.com\/cine-television\/universo-dc-james-gunn-anuncia-nuevos-estrenos-novedades\/\" rel=\"nofollow noopener\" target=\"_blank\">arrancaba el Universo DC<\/a> haciendo que nos enamor\u00e1semos de aquel extra\u00f1\u00edsimo equipo animado de Creature Commandos, ahora hace lo propio con este conocido grupo disfuncional de carne y hueso.<\/p>\n<p>Peacemaker temporada 2 trata varios temas muy universales que hace propios por medio de historias sencillas pero eficaces. Desamor, soledad, inadaptaci\u00f3n, presi\u00f3n laboral, expectativas incumplidas&#8230; A diferencia de muchos proyectos de superh\u00e9roes que meten este tipo de subtramas de manera forzada y torpe, <strong>Gunn<\/strong> logra present\u00e1rnoslas con sorprendente facilidad, de manera muy org\u00e1nica. M\u00e1s a\u00fan que la primera temporada. Y lo consigue porque es precisamente con el desarrollo de estas con lo que la serie se mueve.<\/p>\n<p><img loading=\"lazy\" data-recalc-dims=\"1\" decoding=\"async\" width=\"1500\" height=\"1000\" alt=\"El pacificador segunda temporada\" class=\"wp-image-1854951 perfmatters-lazy\" src=\"https:\/\/www.europesays.com\/es\/wp-content\/uploads\/2025\/08\/El-pacificador-segunda-temporada-1500x1000.jpg\"  data-\/><\/p>\n<p>Un gran universo<\/p>\n<p>Es tambi\u00e9n bastante agradecido para esta segunda temporada que la serie <a href=\"https:\/\/hipertextual.com\/cine-television\/creature-commandos-final-explicado-escena-post-creditos-dcu\/\" rel=\"nofollow noopener\" target=\"_blank\">no tenga que huir de conexiones con el resto del Universo DC<\/a>. Todos recordar\u00e1n de aquella primera entrega la escena final con la llegada de la Liga de la Justicia. Pero, m\u00e1s all\u00e1 de eso y de <strong>Amanda Waller<\/strong>, el t\u00edtulo trat\u00f3 de mantenerse al margen para no interceder donde no deb\u00eda. Ahora todo eso queda atr\u00e1s.<\/p>\n<p><strong>James Gunn<\/strong> est\u00e1 confeccionando todo un universo cinematogr\u00e1fico. Y Peacemaker es, por ahora, una de sus piedras angulares. Ya no hay miedo de hablar de Gotham, Metr\u00f3polis, <a href=\"https:\/\/hipertextual.com\/cine-television\/superman-final-explicado-universo-dc\/\" rel=\"nofollow noopener\" target=\"_blank\">dimensiones de bolsillo, <strong>Lex Luthor<\/strong><\/a>, la Banda de la Justicia&#8230; Esa nueva libertad se aprecia mucho y le permite a la serie ganar solidez, establecerse mejor.<\/p>\n<p><img loading=\"lazy\" data-recalc-dims=\"1\" decoding=\"async\" width=\"1500\" height=\"1000\" alt=\"Peacemaker 2\" class=\"wp-image-1854953 perfmatters-lazy\" src=\"https:\/\/www.europesays.com\/es\/wp-content\/uploads\/2025\/08\/Peacemaker-2-1500x1000.jpg\"  data-\/><\/p>\n<p>En definitiva, la temporada 2 de Peacemaker es muy continuista en su tono violento y gamberro. Pero tambi\u00e9n se permite crecer aportando muchas m\u00e1s capas y trasfondo a sus protagonistas. Con el mismo esp\u00edritu pero m\u00e1s coraz\u00f3n, <strong>James Gunn<\/strong> logra otro triunfo m\u00e1s que consolida el arranque del nuevo Universo DC como una franquicia de mucho futuro. Quiz\u00e1 el \u00fanico punto en el que sale perdiendo es en su intro, que se siente sencillamente como una copia menos divertida y pegadiza de la original. Por lo dem\u00e1s, es un acierto total.<\/p>\n<p>Peacemaker temporada 2 se estrena en <a href=\"https:\/\/www.hbomax.com\/es\/es\/shows\/el-pacificador-2022\/a939d96b-7ffb-4481-96f6-472838d104ca\" target=\"_blank\" rel=\"noreferrer noopener nofollow\">HBO Max<\/a> en la madrugada del 22 de agosto en Espa\u00f1a, la noche del 21 de agosto en Am\u00e9rica Latina.<\/p>\n<p><a href=\"https:\/\/geni.us\/disney-plus-footer\" target=\"_blank\" rel=\" noreferrer noopener nofollow\"><img loading=\"lazy\" decoding=\"async\" width=\"360\" height=\"197\" alt=\"\" class=\"wp-image-1840708 perfmatters-lazy\" style=\"width:100px\" src=\"https:\/\/www.europesays.com\/es\/wp-content\/uploads\/2025\/08\/disney-logo.jpeg\"  data-\/><\/a><\/p>\n<p class=\"has-text-align-center\" style=\"padding-top:0;padding-right:0;padding-bottom:0;padding-left:0;font-size:18px\">Disfruta de las mejores historias, en cualquier momento y en cualquier lugar. Series, pel\u00edculas y originales que no encontrar\u00e1s en ninguna otra plataforma: cl\u00e1sicos de siempre y los \u00faltimos estrenos. <a href=\"https:\/\/geni.us\/disney-plus-footer\" target=\"_blank\" rel=\"noreferrer noopener nofollow\">M\u00e1s econ\u00f3mico que nunca<\/a> con el nuevo plan con anuncios.<\/p>\n<p class=\"has-text-align-center\">Consejo ofrecido por Disney+<\/p>\n","protected":false},"excerpt":{"rendered":"El Universo DC contin\u00faa creciendo tras el reinicio de James Gunn y Peter Safran. As\u00ed, tras los estrenos&hellip;\n","protected":false},"author":2,"featured_media":63920,"comment_status":"","ping_status":"","sticky":false,"template":"","format":"standard","meta":{"footnotes":""},"categories":[171],"tags":[6621,26232,146,147,25,24,835,26233,26234,23,214,24179],"class_list":{"0":"post-63919","1":"post","2":"type-post","3":"status-publish","4":"format-standard","5":"has-post-thumbnail","7":"category-tv","8":"tag-criticas","9":"tag-el-pacificador","10":"tag-entertainment","11":"tag-entretenimiento","12":"tag-es","13":"tag-espana","14":"tag-james-gunn","15":"tag-john-cena","16":"tag-peacemaker","17":"tag-spain","18":"tag-tv","19":"tag-universo-dc"},"share_on_mastodon":{"url":"","error":""},"_links":{"self":[{"href":"https:\/\/www.europesays.com\/es\/wp-json\/wp\/v2\/posts\/63919","targetHints":{"allow":["GET"]}}],"collection":[{"href":"https:\/\/www.europesays.com\/es\/wp-json\/wp\/v2\/posts"}],"about":[{"href":"https:\/\/www.europesays.com\/es\/wp-json\/wp\/v2\/types\/post"}],"author":[{"embeddable":true,"href":"https:\/\/www.europesays.com\/es\/wp-json\/wp\/v2\/users\/2"}],"replies":[{"embeddable":true,"href":"https:\/\/www.europesays.com\/es\/wp-json\/wp\/v2\/comments?post=63919"}],"version-history":[{"count":0,"href":"https:\/\/www.europesays.com\/es\/wp-json\/wp\/v2\/posts\/63919\/revisions"}],"wp:featuredmedia":[{"embeddable":true,"href":"https:\/\/www.europesays.com\/es\/wp-json\/wp\/v2\/media\/63920"}],"wp:attachment":[{"href":"https:\/\/www.europesays.com\/es\/wp-json\/wp\/v2\/media?parent=63919"}],"wp:term":[{"taxonomy":"category","embeddable":true,"href":"https:\/\/www.europesays.com\/es\/wp-json\/wp\/v2\/categories?post=63919"},{"taxonomy":"post_tag","embeddable":true,"href":"https:\/\/www.europesays.com\/es\/wp-json\/wp\/v2\/tags?post=63919"}],"curies":[{"name":"wp","href":"https:\/\/api.w.org\/{rel}","templated":true}]}}