{"id":63927,"date":"2025-08-22T04:50:08","date_gmt":"2025-08-22T04:50:08","guid":{"rendered":"https:\/\/www.europesays.com\/es\/63927\/"},"modified":"2025-08-22T04:50:08","modified_gmt":"2025-08-22T04:50:08","slug":"este-es-el-festival-flamenco-con-mas-asistencia-de-publico-del-mundo-musica","status":"publish","type":"post","link":"https:\/\/www.europesays.com\/es\/63927\/","title":{"rendered":"\u00abEste es el festival flamenco con m\u00e1s asistencia de p\u00fablico del mundo\u00bb | M\u00fasica"},"content":{"rendered":"<p>\n      Entrevista\n    <\/p>\n<p>\n      Arturo Fern\u00e1ndez\n    <\/p>\n<p>\n      Director de Flamenco on Fire\n    <\/p>\n<p>La duod\u00e9cima edici\u00f3n del festival Flamenco on Fire explotar\u00e1 en Viana, pasar\u00e1 por Tutera y ofrecer\u00e1 desde el martes 26 una intensa estancia en Iru\u00f1ea, con unos cuarenta espect\u00e1culos y actividades. Habr\u00e1 virtuosismo guitarrero, la fuerza del cante y el baile o propuestas rompedoras.<\/p>\n","protected":false},"excerpt":{"rendered":"Entrevista Arturo Fern\u00e1ndez Director de Flamenco on Fire La duod\u00e9cima edici\u00f3n del festival Flamenco on Fire explotar\u00e1 en&hellip;\n","protected":false},"author":2,"featured_media":63928,"comment_status":"","ping_status":"","sticky":false,"template":"","format":"standard","meta":{"footnotes":""},"categories":[91],"tags":[6345,146,147,25,24,3931,11925,1179,3013,1421,23],"class_list":{"0":"post-63927","1":"post","2":"type-post","3":"status-publish","4":"format-standard","5":"has-post-thumbnail","7":"category-entretenimiento","8":"tag-asistencia","9":"tag-entertainment","10":"tag-entretenimiento","11":"tag-es","12":"tag-espana","13":"tag-festival","14":"tag-flamenco","15":"tag-mas","16":"tag-mundo","17":"tag-publico","18":"tag-spain"},"share_on_mastodon":{"url":"","error":""},"_links":{"self":[{"href":"https:\/\/www.europesays.com\/es\/wp-json\/wp\/v2\/posts\/63927","targetHints":{"allow":["GET"]}}],"collection":[{"href":"https:\/\/www.europesays.com\/es\/wp-json\/wp\/v2\/posts"}],"about":[{"href":"https:\/\/www.europesays.com\/es\/wp-json\/wp\/v2\/types\/post"}],"author":[{"embeddable":true,"href":"https:\/\/www.europesays.com\/es\/wp-json\/wp\/v2\/users\/2"}],"replies":[{"embeddable":true,"href":"https:\/\/www.europesays.com\/es\/wp-json\/wp\/v2\/comments?post=63927"}],"version-history":[{"count":0,"href":"https:\/\/www.europesays.com\/es\/wp-json\/wp\/v2\/posts\/63927\/revisions"}],"wp:featuredmedia":[{"embeddable":true,"href":"https:\/\/www.europesays.com\/es\/wp-json\/wp\/v2\/media\/63928"}],"wp:attachment":[{"href":"https:\/\/www.europesays.com\/es\/wp-json\/wp\/v2\/media?parent=63927"}],"wp:term":[{"taxonomy":"category","embeddable":true,"href":"https:\/\/www.europesays.com\/es\/wp-json\/wp\/v2\/categories?post=63927"},{"taxonomy":"post_tag","embeddable":true,"href":"https:\/\/www.europesays.com\/es\/wp-json\/wp\/v2\/tags?post=63927"}],"curies":[{"name":"wp","href":"https:\/\/api.w.org\/{rel}","templated":true}]}}