{"id":63933,"date":"2025-08-22T04:54:07","date_gmt":"2025-08-22T04:54:07","guid":{"rendered":"https:\/\/www.europesays.com\/es\/63933\/"},"modified":"2025-08-22T04:54:07","modified_gmt":"2025-08-22T04:54:07","slug":"suceso-con-fallecido-y-tres-heridos-en-avila-capital-tras-agresion-con-disparos-avilared","status":"publish","type":"post","link":"https:\/\/www.europesays.com\/es\/63933\/","title":{"rendered":"Suceso con fallecido y tres heridos en Avila capital tras agresion con disparos | \u00c1vilared"},"content":{"rendered":"<p>La agresi\u00f3n que se ha producido en la tarde del jueves en la capital abulense ha provocado que, <a href=\"https:\/\/avilared.com\/art\/86275\/dos-heridos-tioteo-calle-maestro-piquero-avila\" rel=\"nofollow noopener\" target=\"_blank\">adem\u00e1s del hombre fallecido<\/a>, se encuentre en estado grave su hijo, mientras que otras dos personas, al parecer los agresores, tambi\u00e9n han resultado heridos. Todos ellos por herida de bala y en estado grave.<\/p>\n<p>El Hospital Nuestra Se\u00f1ora de Sonsoles ha sido cerrado, en la puerta principal, y la entrada de Urgencias se encuentra acordonada por numerosos efectivos policiales ante la presencia de familiares de las personas implicadas en la agresi\u00f3n con disparos.<\/p>\n<p>Tras el hecho ocurrido poco antes de las 18,44 horas, numerosos familiares se han desplazado a las puertas del\u00a0Servicio de Urgencias de Atenci\u00f3n Primaria (SUAP), en la parte de atr\u00e1s del\u00a0Centro de Salud \u00c1vila-Estaci\u00f3n adonde\u00a0ha sido trasladado el hombre fallecido, y al Hospital Nuestra Se\u00f1ora de Sonsoles, creando escenas de tensi\u00f3n y nerviosismo, lo ha movilizado a numerosas dotaciones de Polic\u00eda Nacional, Polic\u00eda Nacional y Guardia Civil, entre ellos agentes de Tr\u00e1fico procedentes de Las Navas del Marqu\u00e9s y la Unidad de Intervenci\u00f3n Policial (UIP) llegada desde Valladolid.<\/p>\n<p>La entrada del Hospital de Sonsoles ha sido cerrada al p\u00fablico y escoltada por varios veh\u00edculos policiales, mientras la parte trasera, el acceso a Urgencias, ha sido acordonado con la presencia de numerosos agentes de todos los cuerpos.<\/p>\n<p>\u00a0<\/p>\n","protected":false},"excerpt":{"rendered":"La agresi\u00f3n que se ha producido en la tarde del jueves en la capital abulense ha provocado que,&hellip;\n","protected":false},"author":2,"featured_media":63934,"comment_status":"","ping_status":"","sticky":false,"template":"","format":"standard","meta":{"footnotes":""},"categories":[8],"tags":[26237,7607,17,18,25,24,2051,13,14,1160,11,11225,26238,19,20,9,10,15,16,11739,23,26236,12,21,22],"class_list":{"0":"post-63933","1":"post","2":"type-post","3":"status-publish","4":"format-standard","5":"has-post-thumbnail","7":"category-espana","8":"tag-agresion-con-disparos","9":"tag-avila","10":"tag-breaking-news","11":"tag-breakingnews","12":"tag-es","13":"tag-espana","14":"tag-fallecido","15":"tag-featured-news","16":"tag-featurednews","17":"tag-guardia-civil","18":"tag-headlines","19":"tag-heridos","20":"tag-hospital-nuestra-senora-de-sonsoles","21":"tag-latest-news","22":"tag-latestnews","23":"tag-news","24":"tag-noticias","25":"tag-noticias-destacadas","26":"tag-noticiasdestacadas","27":"tag-policia-nacional","28":"tag-spain","29":"tag-suceso","30":"tag-titulares","31":"tag-ultimas-noticias","32":"tag-ultimasnoticias"},"share_on_mastodon":{"url":"","error":""},"_links":{"self":[{"href":"https:\/\/www.europesays.com\/es\/wp-json\/wp\/v2\/posts\/63933","targetHints":{"allow":["GET"]}}],"collection":[{"href":"https:\/\/www.europesays.com\/es\/wp-json\/wp\/v2\/posts"}],"about":[{"href":"https:\/\/www.europesays.com\/es\/wp-json\/wp\/v2\/types\/post"}],"author":[{"embeddable":true,"href":"https:\/\/www.europesays.com\/es\/wp-json\/wp\/v2\/users\/2"}],"replies":[{"embeddable":true,"href":"https:\/\/www.europesays.com\/es\/wp-json\/wp\/v2\/comments?post=63933"}],"version-history":[{"count":0,"href":"https:\/\/www.europesays.com\/es\/wp-json\/wp\/v2\/posts\/63933\/revisions"}],"wp:featuredmedia":[{"embeddable":true,"href":"https:\/\/www.europesays.com\/es\/wp-json\/wp\/v2\/media\/63934"}],"wp:attachment":[{"href":"https:\/\/www.europesays.com\/es\/wp-json\/wp\/v2\/media?parent=63933"}],"wp:term":[{"taxonomy":"category","embeddable":true,"href":"https:\/\/www.europesays.com\/es\/wp-json\/wp\/v2\/categories?post=63933"},{"taxonomy":"post_tag","embeddable":true,"href":"https:\/\/www.europesays.com\/es\/wp-json\/wp\/v2\/tags?post=63933"}],"curies":[{"name":"wp","href":"https:\/\/api.w.org\/{rel}","templated":true}]}}