{"id":63935,"date":"2025-08-22T04:55:11","date_gmt":"2025-08-22T04:55:11","guid":{"rendered":"https:\/\/www.europesays.com\/es\/63935\/"},"modified":"2025-08-22T04:55:11","modified_gmt":"2025-08-22T04:55:11","slug":"el-cgpj-abre-diligencias-informativas-por-la-queja-contra-la-juez-de-la-dana-de-la-exconsejera-salome-pradas","status":"publish","type":"post","link":"https:\/\/www.europesays.com\/es\/63935\/","title":{"rendered":"El CGPJ abre diligencias informativas por la queja contra la juez de la dana de la exconsejera Salom\u00e9 Pradas"},"content":{"rendered":"<p class=\"paragraph\" id=\"paragraph_1\">El <strong>Consejo General del Poder Judicial<\/strong> (CGPJ) ha abierto diligencias informativas contra la juez <strong>Nuria Ruiz<\/strong>, encargada de la causa en la que se investiga el desastre de la dana en Valencia.<\/p>\n<p class=\"paragraph\" id=\"paragraph_2\">Dos investigados en este procedimiento, a trav\u00e9s de sus abogados, presentaron sendas quejas contra la magistrada.<\/p>\n<p class=\"paragraph\" id=\"paragraph_3\">En un primer momento, <a href=\"https:\/\/www.elespanol.com\/valencia\/20250514\/exconsellera-pradas-presenta-queja-cgpj-ver-vulnerado-derecho-defensa-jueza-dana\/1003743757767_0.html?utm_cmp_rs=linksinline\" rel=\"nofollow noopener\" target=\"_blank\">lo hizo el letrado Eduardo de Urbano<\/a>, defensor de la exconsellera <strong>Salom\u00e9 Pradas<\/strong>.<\/p>\n<p class=\"paragraph\" id=\"paragraph_4\">Posteriormente, fue ampliada y a ella se adhiri\u00f3 la defensa de Emilio Arg\u00fceso, exdiputado en Les Corts y quien fuera responsable de Emergencias.<\/p>\n<p class=\"paragraph\" id=\"paragraph_5\">Urbano relataba en su queja, entre otros asuntos, la participaci\u00f3n en el procedimiento de personas ajenas al mismo. Entre ellos, <strong>el marido de Nuria Ruiz<\/strong>, quien tambi\u00e9n es juez.<\/p>\n<p><img loading=\"lazy\" decoding=\"async\" alt=\"El juez Juan Carlos Peinado.\/\" height=\"180\" src=\"https:\/\/www.europesays.com\/es\/wp-content\/uploads\/2025\/08\/905670239_251370985_320x180.jpg\" width=\"320\" data-lazy-status=\"processed\" data-lazy-info=\"remove loading item 1\"\/><\/p>\n<p class=\"paragraph\" id=\"paragraph_6\">Asimismo, el sindicato Manos Limpias, presidido por Miguel Bernad, present\u00f3 una querella contra la instructora, por este \u00faltimo motivo, ante el Tribunal Superior de Justicia de la Comunitat Valenciana. La misma a\u00fan no ha sido admitida a tr\u00e1mite.<\/p>\n<p class=\"paragraph\" id=\"paragraph_7\">De serlo, el procedimiento disciplinario en el CGPJ ser\u00eda paralizado, ya que tiene prioridad un asunto penal sobre uno administrativo si versan sobre lo mismo.<\/p>\n<p class=\"paragraph\" id=\"paragraph_8\">Por el momento, siguiendo el tr\u00e1mite habitual, el promotor de Acci\u00f3n Disciplinaria del Consejo, Ricardo Conde, ha abierto diligencias informativas tras recibir las quejas contra la juez.<\/p>\n<p class=\"paragraph\" id=\"paragraph_9\">Tras analizar el asunto, el procedimiento podr\u00e1 ser archivado o, por el contrario, acabar suponiendo una sanci\u00f3n, de mayor o menor intensidad, para la magistrada, titular del Juzgado de Instrucci\u00f3n n\u00famero 3 de Catarroja.<\/p>\n","protected":false},"excerpt":{"rendered":"El Consejo General del Poder Judicial (CGPJ) ha abierto diligencias informativas contra la juez Nuria Ruiz, encargada de&hellip;\n","protected":false},"author":2,"featured_media":63936,"comment_status":"","ping_status":"","sticky":false,"template":"","format":"standard","meta":{"footnotes":""},"categories":[5],"tags":[17,18,4867,25,24,13,14,11,2159,19,20,9,10,15,16,23,12,493,21,22,235],"class_list":{"0":"post-63935","1":"post","2":"type-post","3":"status-publish","4":"format-standard","5":"has-post-thumbnail","7":"category-titulares","8":"tag-breaking-news","9":"tag-breakingnews","10":"tag-cgpj","11":"tag-es","12":"tag-espana","13":"tag-featured-news","14":"tag-featurednews","15":"tag-headlines","16":"tag-jueces","17":"tag-latest-news","18":"tag-latestnews","19":"tag-news","20":"tag-noticias","21":"tag-noticias-destacadas","22":"tag-noticiasdestacadas","23":"tag-spain","24":"tag-titulares","25":"tag-tribunales","26":"tag-ultimas-noticias","27":"tag-ultimasnoticias","28":"tag-valencia"},"share_on_mastodon":{"url":"","error":""},"_links":{"self":[{"href":"https:\/\/www.europesays.com\/es\/wp-json\/wp\/v2\/posts\/63935","targetHints":{"allow":["GET"]}}],"collection":[{"href":"https:\/\/www.europesays.com\/es\/wp-json\/wp\/v2\/posts"}],"about":[{"href":"https:\/\/www.europesays.com\/es\/wp-json\/wp\/v2\/types\/post"}],"author":[{"embeddable":true,"href":"https:\/\/www.europesays.com\/es\/wp-json\/wp\/v2\/users\/2"}],"replies":[{"embeddable":true,"href":"https:\/\/www.europesays.com\/es\/wp-json\/wp\/v2\/comments?post=63935"}],"version-history":[{"count":0,"href":"https:\/\/www.europesays.com\/es\/wp-json\/wp\/v2\/posts\/63935\/revisions"}],"wp:featuredmedia":[{"embeddable":true,"href":"https:\/\/www.europesays.com\/es\/wp-json\/wp\/v2\/media\/63936"}],"wp:attachment":[{"href":"https:\/\/www.europesays.com\/es\/wp-json\/wp\/v2\/media?parent=63935"}],"wp:term":[{"taxonomy":"category","embeddable":true,"href":"https:\/\/www.europesays.com\/es\/wp-json\/wp\/v2\/categories?post=63935"},{"taxonomy":"post_tag","embeddable":true,"href":"https:\/\/www.europesays.com\/es\/wp-json\/wp\/v2\/tags?post=63935"}],"curies":[{"name":"wp","href":"https:\/\/api.w.org\/{rel}","templated":true}]}}