{"id":63939,"date":"2025-08-22T05:00:10","date_gmt":"2025-08-22T05:00:10","guid":{"rendered":"https:\/\/www.europesays.com\/es\/63939\/"},"modified":"2025-08-22T05:00:10","modified_gmt":"2025-08-22T05:00:10","slug":"temor-por-la-caida-de-carlos-alcaraz-en-el-us-open","status":"publish","type":"post","link":"https:\/\/www.europesays.com\/es\/63939\/","title":{"rendered":"Temor por la ca\u00edda de Carlos Alcaraz en el US Open"},"content":{"rendered":"<p class=\"parrafo\"><strong>Falta muy pocos d\u00edas para que d\u00e9 comienzo el \u00faltimo Grand Slam del a\u00f1o<\/strong> y ya son muchos los que se atreven a hacer sus pron\u00f3sticos e incluso a invertir en las casas de apuestas para ver qui\u00e9n ser\u00e1 el ganador del US Open 2025.<\/p>\n<p>Noticias Relacionadas<\/p>\n<p class=\"parrafo\">Tras lo visto en Cincinatti, la \u00faltima gran cita antes de este &#8216;Major&#8217;,<strong> tanto Carlos Alcaraz como Jannik Sinner llegan con su nivel de tenis en lo m\u00e1s alto.<\/strong> Eso s\u00ed, el italiano sufri\u00f3 una p\u00e1jara en la final incomprensible para muchos y alarmante para todos.<\/p>\n<p class=\"parrafo\">Pese a ello, hay quien le da favorito para hacerse con la corona estadounidense, como es el caso del m\u00edtico Mats Wilander. El extenista sueco ha analizado dicho certamen en TNT Sports y no ha escondido su favoritismo para la gran cita norteamercana: \u00ab<strong>Si tuviera que elegir a un favorito, elegir\u00eda a Jannik Sinner<\/strong>, porque creo que tiene menos posibilidades de caer eliminado en las primeras rondas del torneo que Carlos Alcaraz\u00bb.<\/p>\n<p><a class=\"elementos-rel-t2\" href=\"https:\/\/www.estadiodeportivo.com\/tenis\/open-adios-varias-estrellas-20250820-508576.html\" title=\"El US Open y el adi\u00f3s de varias estrellas\" rel=\"nofollow noopener\" target=\"_blank\">El US Open y el adi\u00f3s de varias estrellas<img decoding=\"async\" src=\"https:\/\/www.europesays.com\/es\/wp-content\/uploads\/2025\/08\/9736f2d1-2c61-4afd-93ca-92aaeb6daf87_320x180.jpeg\" alt=\"El US Open y el adi\u00f3s de varias estrellas\"\/><\/a><\/p>\n<p class=\"parrafo\">Posteriormente, ha profundizado en dicha apuesta: \u00abS\u00e9 que Alcaraz ha llegado a todas las finales en todos los torneos que ha jugado en los \u00faltimos meses, por lo tanto, <strong>no suele perder contra jugadores de menor rango, pero hay una peque\u00f1a posibilidad de que lo haga. Con Jannik Sinner, creo que eso no ocurre\u00bb.<\/strong><\/p>\n<p><img decoding=\"async\" src=\"https:\/\/www.europesays.com\/es\/wp-content\/uploads\/2025\/08\/fbb29911-311c-47d3-a47c-4aae5a40dcc1_590x350.png\" loading=\"lazy\"\/><\/p>\n<p class=\"parrafo\">Eso s\u00ed, para que su pron\u00f3stico se cumpla lo tiene claro: <strong>\u00abCreo que Sinner llegar\u00e1 a la final del US Open si est\u00e1 en buena forma. Y si est\u00e1 al 90-95 % de su capacidad, creo que lo conseguir\u00e1\u00bb<\/strong>.<\/p>\n<p><a class=\"elementos-rel-t2\" href=\"https:\/\/www.estadiodeportivo.com\/tenis\/open-2025-cual-premio-para-ganador-del-cuarto-grand-slam-temporada-20250820-508580.html\" title=\"US Open 2025 | \u00bfCu\u00e1l es el premio para el ganador del cuarto Grand Slam de la temporada?\" rel=\"nofollow noopener\" target=\"_blank\">US Open 2025 | \u00bfCu\u00e1l es el premio para el ganador del cuarto Grand Slam de la temporada?<img decoding=\"async\" src=\"https:\/\/www.europesays.com\/es\/wp-content\/uploads\/2025\/08\/0c1344eb-a5a0-4bcb-a1eb-8b04855b89aa_320x180.jpeg\" alt=\"US Open 2025 | \u00bfCu\u00e1l es el premio para el ganador del cuarto Grand Slam de la temporada?\"\/><\/a><\/p>\n<p class=\"parrafo\">Por otro lado, se deshizo tambi\u00e9n en elogios hacia el murciano: <strong>\u00abMe encanta escuchar el nivel de ambici\u00f3n de Alcaraz, <\/strong>por supuesto, y creo que ya est\u00e1 en camino de convertirse en uno de los mejores de todos los tiempos. Mientras s\u00f3lo tenga a Jannik Sinner como rival serio, porque en los \u00faltimos a\u00f1os, ese parece ser el caso, <strong>creo que tenemos que hablar de Carlitos Alcaraz como uno de los grandes de nuestro deporte\u00bb.<\/strong><\/p>\n<p class=\"parrafo\">Por \u00faltimo, tambi\u00e9n se ha atrevido a dar el nombre de un tenista que podr\u00eda dar la campanada y ha animado a Zverev para lograr su primer gran t\u00edtulo: <strong>\u00abUno de los tapados es Ben Shelton<\/strong>, en parte es por los resultados que ha obtenido \u00faltimamente, pero sobre todo es por su forma de jugar. <strong>Creo realmente que puede eliminar a Alcaraz y a Sinner<\/strong>. Si tiene un gran d\u00eda con el servicio, creo que ser\u00e1 el tapado. Tampoco podemos olvidarnos de Zverev. \u00bfGanar\u00e1 alguna vez un Grand Slam? Es posible\u00bb.<\/p>\n","protected":false},"excerpt":{"rendered":"Falta muy pocos d\u00edas para que d\u00e9 comienzo el \u00faltimo Grand Slam del a\u00f1o y ya son muchos&hellip;\n","protected":false},"author":2,"featured_media":63940,"comment_status":"","ping_status":"","sticky":false,"template":"","format":"standard","meta":{"footnotes":""},"categories":[274],"tags":[545,168,25,24,284,23,167,327,326,541],"class_list":{"0":"post-63939","1":"post","2":"type-post","3":"status-publish","4":"format-standard","5":"has-post-thumbnail","7":"category-tenis","8":"tag-carlos-alcaraz","9":"tag-deportes","10":"tag-es","11":"tag-espana","12":"tag-estadio-deportivo","13":"tag-spain","14":"tag-sports","15":"tag-tenis","16":"tag-tennis","17":"tag-us-open"},"share_on_mastodon":{"url":"","error":""},"_links":{"self":[{"href":"https:\/\/www.europesays.com\/es\/wp-json\/wp\/v2\/posts\/63939","targetHints":{"allow":["GET"]}}],"collection":[{"href":"https:\/\/www.europesays.com\/es\/wp-json\/wp\/v2\/posts"}],"about":[{"href":"https:\/\/www.europesays.com\/es\/wp-json\/wp\/v2\/types\/post"}],"author":[{"embeddable":true,"href":"https:\/\/www.europesays.com\/es\/wp-json\/wp\/v2\/users\/2"}],"replies":[{"embeddable":true,"href":"https:\/\/www.europesays.com\/es\/wp-json\/wp\/v2\/comments?post=63939"}],"version-history":[{"count":0,"href":"https:\/\/www.europesays.com\/es\/wp-json\/wp\/v2\/posts\/63939\/revisions"}],"wp:featuredmedia":[{"embeddable":true,"href":"https:\/\/www.europesays.com\/es\/wp-json\/wp\/v2\/media\/63940"}],"wp:attachment":[{"href":"https:\/\/www.europesays.com\/es\/wp-json\/wp\/v2\/media?parent=63939"}],"wp:term":[{"taxonomy":"category","embeddable":true,"href":"https:\/\/www.europesays.com\/es\/wp-json\/wp\/v2\/categories?post=63939"},{"taxonomy":"post_tag","embeddable":true,"href":"https:\/\/www.europesays.com\/es\/wp-json\/wp\/v2\/tags?post=63939"}],"curies":[{"name":"wp","href":"https:\/\/api.w.org\/{rel}","templated":true}]}}