{"id":63941,"date":"2025-08-22T05:03:19","date_gmt":"2025-08-22T05:03:19","guid":{"rendered":"https:\/\/www.europesays.com\/es\/63941\/"},"modified":"2025-08-22T05:03:19","modified_gmt":"2025-08-22T05:03:19","slug":"mangurrinos-y-belloteros-en-tercera-feb","status":"publish","type":"post","link":"https:\/\/www.europesays.com\/es\/63941\/","title":{"rendered":"\u2018Mangurrinos\u2019 y \u2018belloteros\u2019 en Tercera FEB"},"content":{"rendered":"<p class=\"ft-text\">Parece que las miradas est\u00e1n siempre puestas en <strong>Segunda FEB<\/strong>, pero un pelda\u00f1o por debajo, en <strong>Tercera FEB<\/strong>, la antigua Liga EBA, <strong>seis equipos extreme\u00f1os<\/strong> confeccionan sus plantillas para so\u00f1ar con hacer una buena temporada que acabe en el ascenso a la tercera categor\u00eda del baloncesto nacional. <strong>Tres \u2018mangurrinos\u2019 y tres \u2018belloteros\u2019<\/strong>, una representaci\u00f3n bien equilibrada de la regi\u00f3n.<\/p>\n<p><img decoding=\"async\" src=\"https:\/\/www.europesays.com\/es\/wp-content\/uploads\/2025\/08\/eda01ad2-2b14-4822-bd60-95126eb7929f_alta-libre-aspect-ratio_default_0.jpg\" width=\"1200\" height=\"675\" alt=\"Jugadores del San Antonio celebran en pista.\" class=\"ft-helper-img-rd\" loading=\"lazy\" hasdataaida=\"true\"\/><\/p>\n<p class=\"ft-helper-fontColor-quaternary ft-helper-fontSize-body-S ft-helper-spacer-t-xxs\">Jugadores del San Antonio celebran en pista.  \/ CP San Antonio<\/p>\n<p>San Antonio C\u00e1ceres<\/p>\n<p class=\"ft-text\">El <strong>cl\u00e1sico equipo colegial<\/strong> afronta una nueva temporada en la categor\u00eda renovando algunos de sus jugadores pero tambi\u00e9n anunciando interesantes incorporaciones. Para empezar, el t\u00e9cnico esta temporada ser\u00e1 <strong>Antonio Tienza<\/strong>, hasta ahora entrenador ayudante, y que actualmente <a class=\"ft-link ft-link--decoration\" href=\"https:\/\/www.elperiodicoextremadura.com\/deportes\/2025\/08\/18\/satisfaccion-caceres-pese-resultados-china-120736970.html\" target=\"_blank\" rel=\"nofollow noopener\">se encuentra en China como t\u00e9cnico de la expedici\u00f3n enviada por el club cacere\u00f1o<\/a>.<\/p>\n<p class=\"ft-text\">Uno de los renovados tambi\u00e9n est\u00e1 en Asia, <strong>Alejandro Mart\u00ednez<\/strong>, y junto a \u00e9l, <strong>Dani Lara<\/strong>, flamante fichaje procedente de otro de los equipos extreme\u00f1os de la categor\u00eda, el vecino Sagrado C\u00e1ceres. <strong>Santiago Caballero y Juanjo Candela<\/strong> tambi\u00e9n renuevan contrato, mientras que el club anuncia la llegada de m\u00e1s caras nuevas como el base <strong>Adahi Usaola<\/strong> o el alero <strong>Leo L\u00f3pez<\/strong>. El equipo pierde a un referente ofensivo como <a class=\"ft-link ft-link--decoration\" href=\"https:\/\/www.elperiodicoextremadura.com\/deportes\/2025\/08\/19\/nico-marina-buena-experiencia-arroz-120766787.html\" target=\"_blank\" rel=\"nofollow noopener\">Nico Marina, ascendido al primer equipo de Segunda FEB<\/a>.<\/p>\n<p>Sagrado C\u00e1ceres CB<\/p>\n<p class=\"ft-text\">El <strong>Sagrado <\/strong>afronta una nueva aventura despu\u00e9s de haberse desvinculado del colegio cacere\u00f1o. Con cambio hasta de imagen, el primer movimiento del equipo fue situar a <strong>Juan Pablo \u2018Juampi\u2019 M\u00e1rquez<\/strong> como primer entrenador. Un jugador hasta ahora <strong>hist\u00f3rico <\/strong>del club que da el salto al banquillo <a class=\"ft-link ft-link--decoration\" href=\"https:\/\/www.elperiodicoextremadura.com\/deportes\/2025\/08\/20\/juampi-marquez-baby-coach-120800934.html\" target=\"_blank\" rel=\"nofollow noopener\">sin cumplir, todav\u00eda, los 23 a\u00f1os, algo completamente inaudito<\/a>. De casta le viene al galgo.<\/p>\n<p class=\"ft-text\">En cuanto a la plantilla, principalmente se ha renovado a jugadores como <strong>Adri\u00e1n Parra<\/strong>, que ser\u00e1 el nuevo capit\u00e1n del equipo, <strong>Sebas Galiano<\/strong> o<strong> Matteo Casero<\/strong>. El \u00fanico fichaje, hasta el momento, es el de <strong>Sandro Kvernadze<\/strong>, georgiano procedente de la otra provincia extreme\u00f1a, del City of Badajoz Academy (CBA) concretamente. Los cacere\u00f1os han perdido a una de sus apuestas de la temporada pasada, Dani Lara, que no se ha ido muy lejos, al vecino San Antonio.<\/p>\n<p><img decoding=\"async\" src=\"https:\/\/www.europesays.com\/es\/wp-content\/uploads\/2025\/08\/a86c2ca5-5b83-45b6-89f3-a0ebe3c70eb8_alta-libre-aspect-ratio_default_0.jpg\" width=\"1200\" height=\"675\" alt=\"Imagen del partido entre BCB y Sagrado.\" class=\"ft-helper-img-rd\" loading=\"lazy\" hasdataaida=\"true\"\/><\/p>\n<p class=\"ft-helper-fontColor-quaternary ft-helper-fontSize-body-S ft-helper-spacer-t-xxs\">Imagen del partido entre BCB y Sagrado.  \/ BCB<\/p>\n<p>V\u00edtaly La Mar BCBadajoz<\/p>\n<p class=\"ft-text\">Con la mirada puesta en los puestos de <strong>playoff<\/strong>, el conjunto pacense ha vivido un verano intenso en la confecci\u00f3n de su plantilla. El primero en confirmar su continuidad fue el t\u00e9cnico <strong>Pablo Cuevas<\/strong>, que seguir\u00e1 una temporada m\u00e1s al frente del banquillo.<\/p>\n<p class=\"ft-text\">Junto a \u00e9l permanecer\u00e1n piezas importantes como el escolta y nuevo capit\u00e1n <strong>Isma V\u00e1zquez<\/strong>, los bases <strong>Pablo Os\u00e9s, David Mej\u00eda y Asier Cuadra<\/strong>, el ala-p\u00edvot <strong>\u00c1lex Young<\/strong>, el escolta <strong>Javi Nielsen<\/strong> y el alero <strong>Jaime Paredes<\/strong>.<\/p>\n<p class=\"ft-text\">En el apartado de <strong>refuerzos<\/strong>, el BCB ha incorporado al alero <strong>Adri\u00e1n M\u00e9ndez<\/strong>, a los p\u00edvots <strong>Alejandro Rodr\u00edguez Leiro<\/strong> y <strong>Bartlomiej Pietras<\/strong>, al escolta J<strong>ake Wojcik<\/strong> y al ala-p\u00edvot <strong>Ruslan Alexander<\/strong>.<\/p>\n<p>AD Moraleja CB<\/p>\n<p class=\"ft-text\">El conjunto del norte de C\u00e1ceres ha ido anunciando, haciendo un s\u00edmil con los c\u00f3mics de Ast\u00e9rix y Ob\u00e9lix, a sus \u2018aldeanos\u2019 que vestir\u00e1n su camiseta la pr\u00f3xima temporada. Despu\u00e9s de una <strong>campa\u00f1a dura<\/strong>, quedando no muy lejos del descenso, y acumulando seis derrotas consecutivas en el tramo final, Moraleja se cura las heridas y espera <strong>mejorar las expectativas<\/strong>.<\/p>\n<p class=\"ft-text\">A\u00fan sin un t\u00e9cnico confirmado, la entidad moralejana ha renovado al base <strong>Hugo Hern\u00e1ndez<\/strong>, los escoltas <strong>Jose Ramos Quinta y Sergio Vicente<\/strong>, el alero <strong>Ismael Ramos<\/strong> y los interiores <strong>Brandon Cataldo y Adri\u00e1n Frou<\/strong>, el cual lleg\u00f3 con la temporada ya avanzada. En cuanto a las nuevas <strong>incorporaciones<\/strong>, llegan el base <strong>Ty Garret<\/strong>, el alero <strong>V\u00edctor Revenga<\/strong>, el base <strong>Gabriel P\u00e9rez<\/strong>, y el p\u00edvot senegal\u00e9s <strong>Fallou Ndiaye<\/strong>.<\/p>\n<p><img decoding=\"async\" src=\"https:\/\/www.europesays.com\/es\/wp-content\/uploads\/2025\/08\/bec148d3-64fd-4a15-8837-52b78f3d8fdd_alta-libre-aspect-ratio_default_0.jpg\" width=\"1200\" height=\"675\" alt=\"Los jugadores del Bosco celebran el ascenso.\" class=\"ft-helper-img-rd\" loading=\"lazy\" hasdataaida=\"true\"\/><\/p>\n<p class=\"ft-helper-fontColor-quaternary ft-helper-fontSize-body-S ft-helper-spacer-t-xxs\">Los jugadores del Bosco celebran el ascenso.  \/ Federaci\u00f3n Extreme\u00f1a de Baloncesto<\/p>\n<p>CP Bosco M\u00e9rida<\/p>\n<p class=\"ft-text\">La <strong>capital de Extremadura<\/strong> volver\u00e1 a tener representaci\u00f3n en una liga nacional, siendo de la regi\u00f3n el \u00faltimo en llegar tras lograr el <strong>ascenso <\/strong>la temporada pasada. El t\u00e9cnico elegido para la ocasi\u00f3n es el cordob\u00e9s <strong>Miguel G\u00f3mez<\/strong>, buen conocedor de la categor\u00eda.<\/p>\n<p class=\"ft-text\">En el conjunto romano han predominado mucho m\u00e1s las <strong>caras nuevas<\/strong> sobre las renovaciones. Siguen <strong>Diallo Khalifa, David Vigario y Alejandro Gallego <\/strong>y llegan<strong> tres angole\u00f1os<\/strong>: el base internacional <strong>Juscelino Ricardo<\/strong>, el alero <strong>Ednilson Andrade<\/strong> y el interior <strong>Miguel Yimbu<\/strong>. Junto a ellos, <strong>Joao Ribeiros, la joven promesa Javier P\u00e9rez Malpica, los aleros Manuel Molina y Javier Pinilla, y el interior Fran Garrido<\/strong>.<\/p>\n<p><img decoding=\"async\" src=\"https:\/\/www.europesays.com\/es\/wp-content\/uploads\/2025\/08\/5a11329b-ca57-4321-9d84-3bbd966a60cc_alta-libre-aspect-ratio_default_0_x1010y422.jpg\" width=\"1200\" height=\"800\" alt=\"Conjura del CBA antes de un partido de esta temporada\" class=\"ft-helper-img-rd\" loading=\"lazy\" hasdataaida=\"true\"\/><\/p>\n<p class=\"ft-helper-fontColor-quaternary ft-helper-fontSize-body-S ft-helper-spacer-t-xxs\">Conjura del CBA antes de un partido.  \/ CBA<\/p>\n<p>City Of Badajoz Academy (CBA)<\/p>\n<p class=\"ft-text\">A pesar de haber sufrido un <strong>nuevo descenso<\/strong> durante la pasada campa\u00f1a, <strong>el ascenso del filial desde Primera Nacional<\/strong> permite a la entidad acad\u00e9mica mantener su plaza en Tercera FEB.<\/p>\n<p class=\"ft-text\">Desde el club pacense han informado que <strong>volver\u00e1n a contar con jugadores procedentes de distintos puntos de Espa\u00f1a y de varios pa\u00edses<\/strong>, lo que implica un <strong>exigente trabajo burocr\u00e1tico y documental<\/strong>. Por este motivo, el CBA, actualmente inmerso en la construcci\u00f3n de su pr\u00f3xima plantilla, ha comunicado que <strong>no cerrar\u00e1 el proceso hasta el pr\u00f3ximo 1 de septiembre<\/strong>.<\/p>\n<p data-close=\"closedContent\" class=\"closeContentEnd\">Suscr\u00edbete para seguir leyendo<\/p>\n","protected":false},"excerpt":{"rendered":"Parece que las miradas est\u00e1n siempre puestas en Segunda FEB, pero un pelda\u00f1o por debajo, en Tercera FEB,&hellip;\n","protected":false},"author":2,"featured_media":63942,"comment_status":"","ping_status":"","sticky":false,"template":"","format":"standard","meta":{"footnotes":""},"categories":[269],"tags":[7235,299,298,26240,3975,634,168,25,24,2612,26239,7236,26241,23,167,2393,12270],"class_list":{"0":"post-63941","1":"post","2":"type-post","3":"status-publish","4":"format-standard","5":"has-post-thumbnail","7":"category-baloncesto","8":"tag-badajoz","9":"tag-baloncesto","10":"tag-basketball","11":"tag-belloteros","12":"tag-caceres","13":"tag-deporte","14":"tag-deportes","15":"tag-es","16":"tag-espana","17":"tag-feb","18":"tag-mangurrinos","19":"tag-merida","20":"tag-moraleja","21":"tag-spain","22":"tag-sports","23":"tag-tercera","24":"tag-tercera-feb"},"share_on_mastodon":{"url":"","error":""},"_links":{"self":[{"href":"https:\/\/www.europesays.com\/es\/wp-json\/wp\/v2\/posts\/63941","targetHints":{"allow":["GET"]}}],"collection":[{"href":"https:\/\/www.europesays.com\/es\/wp-json\/wp\/v2\/posts"}],"about":[{"href":"https:\/\/www.europesays.com\/es\/wp-json\/wp\/v2\/types\/post"}],"author":[{"embeddable":true,"href":"https:\/\/www.europesays.com\/es\/wp-json\/wp\/v2\/users\/2"}],"replies":[{"embeddable":true,"href":"https:\/\/www.europesays.com\/es\/wp-json\/wp\/v2\/comments?post=63941"}],"version-history":[{"count":0,"href":"https:\/\/www.europesays.com\/es\/wp-json\/wp\/v2\/posts\/63941\/revisions"}],"wp:featuredmedia":[{"embeddable":true,"href":"https:\/\/www.europesays.com\/es\/wp-json\/wp\/v2\/media\/63942"}],"wp:attachment":[{"href":"https:\/\/www.europesays.com\/es\/wp-json\/wp\/v2\/media?parent=63941"}],"wp:term":[{"taxonomy":"category","embeddable":true,"href":"https:\/\/www.europesays.com\/es\/wp-json\/wp\/v2\/categories?post=63941"},{"taxonomy":"post_tag","embeddable":true,"href":"https:\/\/www.europesays.com\/es\/wp-json\/wp\/v2\/tags?post=63941"}],"curies":[{"name":"wp","href":"https:\/\/api.w.org\/{rel}","templated":true}]}}