{"id":639475,"date":"2026-07-03T16:49:26","date_gmt":"2026-07-03T16:49:26","guid":{"rendered":"https:\/\/www.europesays.com\/es\/639475\/"},"modified":"2026-07-03T16:49:26","modified_gmt":"2026-07-03T16:49:26","slug":"el-rapero-kase-o-explica-que-significa-para-el-la-revolucion-y-la-rebeldia-es-lo-que-mas-le-jode-al-sistema","status":"publish","type":"post","link":"https:\/\/www.europesays.com\/es\/639475\/","title":{"rendered":"El rapero Kase.O explica qu\u00e9 significa para \u00e9l &#8216;la revoluci\u00f3n&#8217; y &#8216;la rebeld\u00eda&#8217;: &#8216;Es lo que m\u00e1s le jode al sistema&#8217;"},"content":{"rendered":"<p>Es una de las mayores leyendas del rap en Espa\u00f1a y acaba de lanzar nuevo disco. A sus 46 a\u00f1os,<a href=\"https:\/\/www.huffingtonpost.es\/virales\/kaseo-responde-escenario-todas-criticas-habia-recibido.html\" rel=\"nofollow noopener\" target=\"_blank\"> Kase.O<\/a> acaba de publicar Camisa de fuerza. En 20 Minutos le han entrevistado para conocer m\u00e1s detalles sobre este nuevo trabajo, y<b> ha dejado reflexiones muy interesantes<\/b>.\u00a0<\/p>\n<p>Al rapero zaragozano le han preguntado qu\u00e9 es para \u00e9l, en los tiempos que corren, la revoluci\u00f3n. \u00abPara m\u00ed es la alegr\u00eda; <b>el ir alegre por la vida<\/b>. Eso es lo que m\u00e1s le jode al sistema\u00bb, afirma en esta entrevista el exintegrante de Violadores del verso.\u00a0<\/p>\n<p>Para Kase.O esto se traduce en saludar \u00abal frutero\u00bb o \u00abal taxista\u00bb. \u00abLa alegr\u00eda es eso; si quieres ser revolucionario,<b> no vayas por ah\u00ed enfadado y tratando mal a la gente<\/b> indiscriminadamente porque est\u00e1s enfadado con el sistema\u00bb, a\u00f1ade.<\/p>\n<p>En lugar de eso, el exintegrante de Violadores del verso recomienda darle <b>\u00abla vueltecita al interruptor\u00bb<\/b>. \u00abSi quieres fastidiar al sistema, alegr\u00eda; esfu\u00e9rzate por estar alegre, por estar bien\u00bb, se\u00f1ala Kase.O.<\/p>\n<p>El rapero tambi\u00e9n se ha referido al amor,<b> identific\u00e1ndolo como \u00abla rebeld\u00eda\u00bb<\/b>. \u00abParece que hablas de amor y eres d\u00e9bil, y que si no est\u00e1s con el odio en la boca no te vayan a respetar\u00bb, afirma el rapero.\u00a0<\/p>\n<p>Sobre su nuevo \u00e1lbum, Camisa de fuerza<\/p>\n<p>Camisa de fuerza marca el regreso de Kase.O diez a\u00f1os despu\u00e9s de El C\u00edrculo, su \u00faltimo \u00e1lbum de estudio. El rapero zaragozano vuelve con un trabajo de 16 temas y colaboraciones destacadas como <b>Nach, Zatu, Evaristo y Violadores del Verso<\/b>.<\/p>\n<p>El disco <b>mantiene la profundidad l\u00edrica habitual de Kase.O<\/b>, pero pone el foco en cuestiones como la polarizaci\u00f3n social, el pensamiento cr\u00edtico, la influencia de internet y el ruido medi\u00e1tico. Musicalmente combina el rap cl\u00e1sico que le hizo famoso con una producci\u00f3n m\u00e1s actual, sin perder su car\u00e1cter introspectivo y reflexivo.<\/p>\n<p>En conjunto, Camisa de fuerza no busca repetir f\u00f3rmulas del pasado, sino mostrar <b>una versi\u00f3n m\u00e1s madura y cr\u00edtica del artista<\/b>, reafirm\u00e1ndolo como una de las voces m\u00e1s influyentes del hip hop en espa\u00f1ol.<\/p>\n","protected":false},"excerpt":{"rendered":"Es una de las mayores leyendas del rap en Espa\u00f1a y acaba de lanzar nuevo disco. A sus&hellip;\n","protected":false},"author":2,"featured_media":639476,"comment_status":"","ping_status":"","sticky":false,"template":"","format":"standard","meta":{"footnotes":""},"categories":[170],"tags":[146,147,2958,25,24,184,185,213,23],"class_list":["post-639475","post","type-post","status-publish","format-standard","has-post-thumbnail","category-musica","tag-entertainment","tag-entretenimiento","tag-entrevistas","tag-es","tag-espana","tag-music","tag-musica","tag-rap","tag-spain"],"share_on_mastodon":{"url":"https:\/\/pubeurope.com\/@es\/116857075642615627","error":""},"_links":{"self":[{"href":"https:\/\/www.europesays.com\/es\/wp-json\/wp\/v2\/posts\/639475","targetHints":{"allow":["GET"]}}],"collection":[{"href":"https:\/\/www.europesays.com\/es\/wp-json\/wp\/v2\/posts"}],"about":[{"href":"https:\/\/www.europesays.com\/es\/wp-json\/wp\/v2\/types\/post"}],"author":[{"embeddable":true,"href":"https:\/\/www.europesays.com\/es\/wp-json\/wp\/v2\/users\/2"}],"replies":[{"embeddable":true,"href":"https:\/\/www.europesays.com\/es\/wp-json\/wp\/v2\/comments?post=639475"}],"version-history":[{"count":0,"href":"https:\/\/www.europesays.com\/es\/wp-json\/wp\/v2\/posts\/639475\/revisions"}],"wp:featuredmedia":[{"embeddable":true,"href":"https:\/\/www.europesays.com\/es\/wp-json\/wp\/v2\/media\/639476"}],"wp:attachment":[{"href":"https:\/\/www.europesays.com\/es\/wp-json\/wp\/v2\/media?parent=639475"}],"wp:term":[{"taxonomy":"category","embeddable":true,"href":"https:\/\/www.europesays.com\/es\/wp-json\/wp\/v2\/categories?post=639475"},{"taxonomy":"post_tag","embeddable":true,"href":"https:\/\/www.europesays.com\/es\/wp-json\/wp\/v2\/tags?post=639475"}],"curies":[{"name":"wp","href":"https:\/\/api.w.org\/{rel}","templated":true}]}}