{"id":63951,"date":"2025-08-22T05:09:09","date_gmt":"2025-08-22T05:09:09","guid":{"rendered":"https:\/\/www.europesays.com\/es\/63951\/"},"modified":"2025-08-22T05:09:09","modified_gmt":"2025-08-22T05:09:09","slug":"un-padre-rockero-varios-records-guinness-y-otras-curiosidades-de-dua-lipa-por-su-30o-cumpleanos-gente","status":"publish","type":"post","link":"https:\/\/www.europesays.com\/es\/63951\/","title":{"rendered":"Un padre rockero, varios r\u00e9cords Guinness y otras curiosidades de Dua Lipa por su 30\u00ba cumplea\u00f1os | Gente"},"content":{"rendered":"<p class=\"\"><a href=\"https:\/\/elpais.com\/cultura\/2025-05-12\/dua-lipa-la-victoria-cantada-de-una-reina-con-mas-talento-que-planificacion.html\" target=\"_blank\" rel=\"noreferrer nofollow noopener\" title=\"https:\/\/elpais.com\/cultura\/2025-05-12\/dua-lipa-la-victoria-cantada-de-una-reina-con-mas-talento-que-planificacion.html\">Dua Lipa <\/a>cumple este viernes, 22 de agosto, los 30 a\u00f1os convertida en una de las artistas del momento. El \u00e9xito de sus \u00faltimos tres \u00e1lbumes de estudio \u2014Dua Lipa (2017), Future Nostalgia (2020) y Radical Optimism (2024)\u2014, la entrada de cinco de sus canciones en el <a href=\"https:\/\/www.billboard.com\/artist\/dua-lipa\/\" target=\"_blank\" rel=\"noreferrer nofollow noopener\" title=\"https:\/\/www.billboard.com\/artist\/dua-lipa\/\">top 10 de Billboard Hot 10<\/a> y su <a href=\"https:\/\/www.instagram.com\/p\/DLe4Mm4Nuym\/?img_index=1\" target=\"_blank\" rel=\"noreferrer nofollow noopener\" title=\"https:\/\/www.instagram.com\/p\/DLe4Mm4Nuym\/?img_index=1\">sold out durante cinco noches seguidas el pasado junio<\/a> en el estadio Wembley de Londres legitiman su reinado en el universo pop de la generaci\u00f3n Z. <\/p>\n<p class=\"\">Pero el trabajo de la cantante de origen albanokosovar no se centra \u00fanicamente en el plano musical. A lo largo de los a\u00f1os, ha desarrollado proyectos en distintas disciplinas: su <a href=\"https:\/\/open.spotify.com\/show\/5FmvJeZbaveegz43O3cFKp\" target=\"_blank\" rel=\"noreferrer nofollow noopener\" title=\"https:\/\/open.spotify.com\/show\/5FmvJeZbaveegz43O3cFKp\">podcast Dua Lipa: At Your Service <\/a>fue nombrado uno de los mejores de 2022 por Spotify, ese mismo a\u00f1o comenz\u00f3 <a href=\"https:\/\/www.service95.com\/\" target=\"_blank\" rel=\"noreferrer nofollow noopener\" title=\"https:\/\/www.service95.com\/\">Service 95<\/a>, su club de lectura \u2014tambi\u00e9n en formato audio\u2014 y el a\u00f1o pasado <a href=\"https:\/\/radical22.com\/\" target=\"_blank\" rel=\"noreferrer nofollow noopener\" title=\"https:\/\/radical22.com\/\">lanz\u00f3 Radical 22<\/a>, una compa\u00f1\u00eda que ha firmado un acuerdo con <a href=\"https:\/\/warnerchappell.com\/\" target=\"_blank\" rel=\"noreferrer nofollow noopener\" title=\"https:\/\/warnerchappell.com\/\">Warner Chappell Music<\/a> para gestionar sus derechos de publicaci\u00f3n y unificar sus grabaciones. <\/p>\n<p>M\u00e1s informaci\u00f3n<\/p>\n<p class=\"\">Fue en 2017 cuando empez\u00f3 a protagonizar titulares despu\u00e9s de sus primeros \u00e9xitos. Aunque desde entonces se ha escrito mucho sobre ella y su trabajo, con motivo de su cambio de d\u00e9cada repasamos varias an\u00e9cdotas y curiosidades que la hacen \u00fanica.<\/p>\n<p>Tiene triple nacionalidad<\/p>\n<p class=\"\">Dua Lipa es hija de padres albanokosovares, Anesa y Dukagjin Lipa, quienes abandonaron Pristina como refugiados a principios de los a\u00f1os noventa para instalarse en Londres, donde la familia obtuvo la nacionalidad brit\u00e1nica. Cuando cumpli\u00f3 11 a\u00f1os, en 2008, su familia regres\u00f3 a Kosovo y, a pesar de que unos a\u00f1os m\u00e1s tarde, con 15, regres\u00f3 a la capital del Reino Unido para dedicarse a la m\u00fasica, la cantante tiene la nacionalidad de Albania y de Kosovo. <\/p>\n<p class=\"\"><a href=\"https:\/\/elpais.com\/smoda\/famosos\/dua-lipa-convierte-su-doble-nacionalidad-en-un-acto-politico-en-albania.html\" target=\"_blank\" rel=\"noreferrer nofollow noopener\" title=\"https:\/\/elpais.com\/smoda\/famosos\/dua-lipa-convierte-su-doble-nacionalidad-en-un-acto-politico-en-albania.html\">Obtuvo la ciudadan\u00eda albanesa el 27 de noviembre de 2022 <\/a>por decisi\u00f3n del presidente Bajram Begaj por promover la naci\u00f3n a trav\u00e9s de su m\u00fasica. <a href=\"https:\/\/elpais.com\/gente\/2025-08-04\/dua-lipa-se-convierte-en-ciudadana-de-kosovo-amo-este-pais-y-significa-mucho-para-mi-y-mi-familia.html\" target=\"_blank\" rel=\"noreferrer nofollow noopener\" title=\"https:\/\/elpais.com\/gente\/2025-08-04\/dua-lipa-se-convierte-en-ciudadana-de-kosovo-amo-este-pais-y-significa-mucho-para-mi-y-mi-familia.html\">La de Kosovo<\/a> la obtuvo este mismo verano de manos de la presidenta <a href=\"https:\/\/elpais.com\/internacional\/2021-04-27\/la-presidenta-que-encarna-el-cambio-en-kosovo.html\" rel=\"nofollow noopener\" title=\"https:\/\/elpais.com\/internacional\/2021-04-27\/la-presidenta-que-encarna-el-cambio-en-kosovo.html\" target=\"_blank\">Vjosa Osmani<\/a> por ser una de las figuras culturales m\u00e1s emblem\u00e1ticas de la naci\u00f3n. Cuando obtuvo la nacionalidad kosovar, el 31 de julio de 2025, la estrella del pop dijo, en unas <a href=\"https:\/\/www.bbc.com\/news\/articles\/cwypepyzqego\" target=\"_blank\" rel=\"noreferrer nofollow noopener\" title=\"https:\/\/www.bbc.com\/news\/articles\/cwypepyzqego\">declaraciones recogidas por la BBC<\/a>, que se sent\u00eda \u201ccomo si mis dos lados fueran ahora uno. Esto completa la dualidad que siempre he tenido dentro. Amo este pa\u00eds y significa mucho para m\u00ed y mi familia\u201d.<\/p>\n<p>Su padre, Dukagjin Lipa, fue una estrella de rock<\/p>\n<p class=\"\">Dukagjin Lipa hoy es empresario y productor musical, pero en los a\u00f1os noventa fue una estrella de rock en Kosovo. Se dio a conocer como vocalista de Oda, una banda de rock disuelta en 1998 <a href=\"https:\/\/open.spotify.com\/album\/4jbF7IPF3L6EdJlzoENN63\" target=\"_blank\" rel=\"noreferrer nofollow noopener\" title=\"https:\/\/open.spotify.com\/album\/4jbF7IPF3L6EdJlzoENN63\">tras su \u00e1lbum 1998<\/a>. Desde su infancia, Dua Lipa ha recibido parte de su formaci\u00f3n art\u00edstica de su padre: creci\u00f3 escuchando a sus m\u00fasicos favoritos (<a href=\"https:\/\/elpais.com\/gente\/2025-07-29\/fin-a-la-disputa-entre-tom-cruise-y-oasis-despues-de-que-los-gallagher-afirmaran-que-le-odiaban-y-le-llamaran-bastardo-y-cabron.html\" target=\"_blank\" rel=\"noreferrer nofollow noopener\" title=\"https:\/\/elpais.com\/gente\/2025-07-29\/fin-a-la-disputa-entre-tom-cruise-y-oasis-despues-de-que-los-gallagher-afirmaran-que-le-odiaban-y-le-llamaran-bastardo-y-cabron.html\">Oasis<\/a>, David Bowie o Radiohead) y rodeada de influencias de diferentes estilos, que iban desde el hip-hop <a href=\"https:\/\/elpais.com\/smoda\/placeres\/2025-08-10\/del-brat-summer-al-britpop-summer-oasis-y-el-enardecimiento-de-lo-masculino-y-lo-heterosexual.html\" target=\"_blank\" rel=\"noreferrer nofollow noopener\" title=\"https:\/\/elpais.com\/smoda\/placeres\/2025-08-10\/del-brat-summer-al-britpop-summer-oasis-y-el-enardecimiento-de-lo-masculino-y-lo-heterosexual.html\">hasta el britpop<\/a>. <\/p>\n<p class=\"\">La m\u00fasica les ha unido hasta el punto que padre e hija fundaron, en 2018, el <a href=\"https:\/\/www.instagram.com\/sunnyhillfestival\/?hl=es\" target=\"_blank\" rel=\"noreferrer nofollow noopener\" title=\"https:\/\/www.instagram.com\/sunnyhillfestival\/?hl=es\">festival de Sunny Hill<\/a>. Se celebra a principios de agosto en Pristina, para \u201ccambiar la ret\u00f3rica de lo que la gente piensa sobre Kosovo y su situaci\u00f3n desgarrada por la guerra\u201d, explic\u00f3 la artista a finales de julio de 2024 <a href=\"https:\/\/www.bbc.com\/news\/articles\/c72v40pmgv1o\" target=\"_blank\" rel=\"noreferrer nofollow noopener\" title=\"https:\/\/www.bbc.com\/news\/articles\/c72v40pmgv1o\">en unas declaraciones recogidas por la BBC<\/a>.<\/p>\n<p><img alt=\"Dua Lipa junto a su padre, Dukagjin Lipa, el 4 de febrero de 2024, en la alfombra roja de la 64\u00aa edici\u00f3n de los premios Grammy en Los \u00c1ngeles (California).\" decoding=\"auto\" class=\"_re lazyload a_m-h\" height=\"277\"  width=\"414\"  src=\"https:\/\/www.europesays.com\/es\/wp-content\/uploads\/2025\/08\/2EXX7SRM4FCQJLJANQHR4ZM7QI.jpg\" loading=\"lazy\"\/>Dua Lipa junto a su padre, Dukagjin Lipa, el 4 de febrero de 2024, en la alfombra roja de la 64\u00aa edici\u00f3n de los premios Grammy en Los \u00c1ngeles (California).Kevin Mazur (Getty Images for The Recording Academy)Fue rechazada del coro de su escuela<\/p>\n<p class=\"\">\u201cEl profesor de M\u00fasica dijo: \u2018\u00bfQui\u00e9n quiere cantar y probar en el coro?\u2019. Le dije: \u2018Me gustar\u00eda\u2019. \u00c9l empez\u00f3 a tocar el piano y era una nota alta y no sali\u00f3 nada, solo aire. En ese momento toda la escuela se rio\u201d, record\u00f3 en marzo de 2024 Dua Lipa sobre c\u00f3mo fue rechazada en el coro de su colegio en <a href=\"https:\/\/www.youtube.com\/watch?v=wjr8Kl90F2Y\" target=\"_blank\" rel=\"noreferrer nofollow noopener\" title=\"https:\/\/www.youtube.com\/watch?v=wjr8Kl90F2Y\">una conversaci\u00f3n con a la drag queen Trixie Mattel<\/a> para su canal de YouTube. Tras el incidente, <a href=\"https:\/\/elpais.com\/cultura\/2025-04-01\/dua-lipa-shakira-celine-dion-diez-divas-en-la-dificil-tarea-de-versionar-a-acdc-de-peor-a-mejor.html\" target=\"_blank\" rel=\"noreferrer nofollow noopener\" title=\"https:\/\/elpais.com\/cultura\/2025-04-01\/dua-lipa-shakira-celine-dion-diez-divas-en-la-dificil-tarea-de-versionar-a-acdc-de-peor-a-mejor.html\">opt\u00f3 por una estrategia diferente<\/a>: acudi\u00f3 a clases de canto y, finalmente, logr\u00f3 ingresar en el coro en un rango vocal m\u00e1s bajo.<\/p>\n<p>Su amor por las islas Baleares<\/p>\n<p class=\"\">Los <a href=\"https:\/\/www.instagram.com\/dualipa\/\" target=\"_blank\" rel=\"noreferrer nofollow noopener\" title=\"https:\/\/www.instagram.com\/dualipa\/\">88 millones de seguidores de Dua Lipa en Instagram<\/a> son testigos, cada verano, de sus lujosas vacaciones y de su amor por Espa\u00f1a y las islas Baleares: yates, posados en piscinas y fiestas. Este a\u00f1o no ha sido una excepci\u00f3n.<a href=\"https:\/\/elpais.com\/gente\/2025-07-14\/de-jennifer-aniston-a-dua-lipa-los-famosos-vuelven-a-elegir-mallorca-para-disfrutar-de-unas-vacaciones.html\" target=\"_blank\" rel=\"noreferrer nofollow noopener\" title=\"https:\/\/elpais.com\/gente\/2025-07-14\/de-jennifer-aniston-a-dua-lipa-los-famosos-vuelven-a-elegir-mallorca-para-disfrutar-de-unas-vacaciones.html\"> La cantante escogi\u00f3 Mallorca para julio<\/a> e Ibiza para repetir una tradici\u00f3n que tambi\u00e9n hizo el a\u00f1o pasado: celebrar su cumplea\u00f1os por adelantado rodeada de familiares, amigas y de <a href=\"https:\/\/elpais.com\/gente\/2025-06-13\/dua-lipa-confirma-su-boda-y-habla-de-su-poco-convencional-anillo-de-compromiso-estoy-obsesionada-con-el.html#:~:text=Dua%20Lipa%20(Londres%2C%2029%20a%C3%B1os,%E2%80%9D%2C%20confiesa%20a%20la%20publicaci%C3%B3n.\" target=\"_blank\" rel=\"noreferrer nofollow noopener\" title=\"https:\/\/elpais.com\/gente\/2025-06-13\/dua-lipa-confirma-su-boda-y-habla-de-su-poco-convencional-anillo-de-compromiso-estoy-obsesionada-con-el.html#:~:text=Dua%20Lipa%20(Londres%2C%2029%20a%C3%B1os,%E2%80%9D%2C%20confiesa%20a%20la%20publicaci%C3%B3n.\">su prometido, Callum Turner<\/a>. <\/p>\n<p class=\"\">En Ibiza se han viralizado sus celebraciones de cumplea\u00f1os, que comenzaron hace m\u00e1s de una semana. \u201cEl sol, el mar, mejores amigos, bailes hasta las seis de la ma\u00f1ana, largas cenas, flamenco, abrazos y una lluvia de estrellas\u201d, <a href=\"https:\/\/www.instagram.com\/p\/DNX-As-Msfo\/?img_index=1\" target=\"_blank\" rel=\"noreferrer nofollow noopener\" title=\"https:\/\/www.instagram.com\/p\/DNX-As-Msfo\/?img_index=1\">escrib\u00eda la artista en un post de Instagram<\/a> donde muestra sus planes, sus looks y sus bailes de flamenco \u2014demostrando a la vez el arte de bailar con un vaso en la cabeza\u2014. Por algo sus fans la han apodado Vacanza Queen.<\/p>\n<p>Tiene cuatro r\u00e9cord Guinness<\/p>\n<p class=\"\">Dua Lipa se ha consolidado <a href=\"https:\/\/elpais.com\/cultura\/2025-05-12\/dua-lipa-versiona-heroe-de-enrique-iglesias-en-su-concierto-en-madrid.html\" target=\"_blank\" rel=\"noreferrer nofollow noopener\" title=\"https:\/\/elpais.com\/cultura\/2025-05-12\/dua-lipa-versiona-heroe-de-enrique-iglesias-en-su-concierto-en-madrid.html\">como una de las artistas m\u00e1s influyentes de su generaci\u00f3n<\/a> y, entre sus hitos, destacan cuatro r\u00e9cords Guinness. En agosto de 2021, alcanz\u00f3 los 65.632.036 <a href=\"https:\/\/open.spotify.com\/intl-es\/artist\/6M2wZ9GZgrQXHCFfjv46we\" target=\"_blank\" rel=\"noreferrer nofollow noopener\" title=\"https:\/\/open.spotify.com\/intl-es\/artist\/6M2wZ9GZgrQXHCFfjv46we\">oyentes mensuales en Spotify<\/a>, convirti\u00e9ndose en la artista femenina con el mayor n\u00famero. En la misma plataforma, su \u00e1lbum debut alcanz\u00f3 en febrero de 2024 las casi 12.000 millones de reproducciones, siendo el m\u00e1s escuchado de una artista. Tambi\u00e9n en Spotify, la artista se convirti\u00f3 en junio de 2024 en la primera de la historia en tener cinco canciones con m\u00e1s de 2.000 millones de reproducciones. Fue gracias a <a href=\"https:\/\/www.youtube.com\/watch?v=oygrmJFKYZY\" target=\"_self\" rel=\"nofollow noopener\" title=\"https:\/\/www.youtube.com\/watch?v=oygrmJFKYZY\">Don\u2019t Start Now<\/a>, <a href=\"https:\/\/www.youtube.com\/watch?v=DkeiKbqa02g\" target=\"_blank\" rel=\"noreferrer nofollow noopener\" title=\"https:\/\/www.youtube.com\/watch?v=DkeiKbqa02g\">One Kiss<\/a>, <a href=\"https:\/\/www.youtube.com\/watch?v=k2qgadSvNyU\" target=\"_blank\" rel=\"noreferrer nofollow noopener\" title=\"https:\/\/www.youtube.com\/watch?v=k2qgadSvNyU\">New Rules<\/a>, <a href=\"https:\/\/m.youtube.com\/watch?v=TUVcZfQe-Kw\" target=\"_blank\" rel=\"noreferrer nofollow noopener\" title=\"https:\/\/m.youtube.com\/watch?v=TUVcZfQe-Kw\">Levitating<\/a> y <a href=\"https:\/\/www.youtube.com\/watch?v=qod03PVTLqk\" target=\"_blank\" rel=\"noreferrer nofollow noopener\" title=\"https:\/\/www.youtube.com\/watch?v=qod03PVTLqk\">Cold Heart<\/a>. <\/p>\n<p class=\"\">La artista tambi\u00e9n logr\u00f3 en noviembre de 2020 el r\u00e9cord Guinness de la mayor cantidad de entradas vendidas para un concierto online de una artista femenina en solitario, <a href=\"https:\/\/elpais.com\/cultura\/2020-11-28\/dua-lipa-que-hermosa-eres.html\" target=\"_blank\" rel=\"noreferrer nofollow noopener\" title=\"https:\/\/elpais.com\/cultura\/2020-11-28\/dua-lipa-que-hermosa-eres.html\">Studio 2054<\/a>. <a href=\"https:\/\/www.guinnessworldrecords.es\/world-records\/649129-most-tickets-sold-for-a-livestreamed-concert-by-a-solo-female-artist-current-yea\" target=\"_self\" rel=\"nofollow noopener\" title=\"https:\/\/www.guinnessworldrecords.es\/world-records\/649129-most-tickets-sold-for-a-livestreamed-concert-by-a-solo-female-artist-current-yea\">Se lograron vender 284.000 tickets<\/a>, y se calcula que alrededor de cinco millones de personas se conectaron online para disfrutar del evento.<\/p>\n<p><img alt=\"Dua Lipa, el 21 de junio de 2025, en un concierto de su gira 'Radical Optimism' en el estadio Wembley, en Londres (Reino Unido).\" decoding=\"auto\" class=\"_re lazyload a_m-h\" height=\"278\"  width=\"414\"  src=\"https:\/\/www.europesays.com\/es\/wp-content\/uploads\/2025\/08\/JYO4BRST5ZFE5BIBYJGXX6MHEM.jpg\" loading=\"lazy\"\/>Dua Lipa, el 21 de junio de 2025, en un concierto de su gira &#8216;Radical Optimism&#8217; en el estadio Wembley, en Londres (Reino Unido).Samir Hussein (Getty Images for Dua Lipa)Logr\u00f3 cinco nominaciones en un a\u00f1o en los premios Brit<\/p>\n<p class=\"\">A lo largo de su carrera, <a href=\"https:\/\/elpais.com\/videos\/2024-02-04\/video-las-mujeres-que-abrieron-camino-a-taylor-swift-olivia-rodrigo-y-dua-lipa-en-los-grammys.html\" target=\"_blank\" rel=\"noreferrer nofollow noopener\" title=\"https:\/\/elpais.com\/videos\/2024-02-04\/video-las-mujeres-que-abrieron-camino-a-taylor-swift-olivia-rodrigo-y-dua-lipa-en-los-grammys.html\">Dua Lipa ha recibido ya 57 premios<\/a> \u2014incluidos tres Grammy\u2014. Pero uno de los mayores hitos en cuanto a reconocimientos por parte de la industria lo logr\u00f3 el 21 de febrero de 2018, cuando se convirti\u00f3 en la primera artista femenina en recibir cinco nominaciones <a href=\"https:\/\/elpais.com\/cultura\/2018\/02\/22\/actualidad\/1519256300_051239.html\" target=\"_blank\" rel=\"noreferrer nofollow noopener\" title=\"https:\/\/elpais.com\/cultura\/2018\/02\/22\/actualidad\/1519256300_051239.html\">en los premios Brit<\/a>. De esas cinco, logr\u00f3 alzarse con dos: mejor artista brit\u00e1nica femenina y mejor artista revelaci\u00f3n brit\u00e1nica.<\/p>\n<p><img alt=\"Dua Lipa, el 21 de febrero de 2018, en los premios Brit, celebrados en Londres (Reino Unido).\" decoding=\"auto\" class=\"_re lazyload a_m-h\" height=\"297\"  width=\"414\"  src=\"https:\/\/www.europesays.com\/es\/wp-content\/uploads\/2025\/08\/2GQ3ODQ33VBORL2RKOUERGESE4.jpg\" loading=\"lazy\"\/>Dua Lipa, el 21 de febrero de 2018, en los premios Brit, celebrados en Londres (Reino Unido).Justin Goff  (Getty Images)Cree en el poder de \u201cmanifestar\u201d<\/p>\n<p class=\"\">\u201cManifestar es algo muy importante para m\u00ed. Creo firmemente en aportar ciertas cosas al mundo. Subconscientemente, trabajas para conseguirlas\u201d, <a href=\"https:\/\/time.com\/6965325\/dua-lipa-interview-time100-2024\/\" target=\"_blank\" rel=\"noreferrer nofollow noopener\" title=\"https:\/\/time.com\/6965325\/dua-lipa-interview-time100-2024\/\">declar\u00f3 Dua Lipa a la revista Time<\/a> el 15 de abril de 2024 sobre una tendencia que se populariz\u00f3 en redes sociales. A pesar de que no hay ninguna prueba cient\u00edfica que avale esta pr\u00e1ctica, que consiste en la creencia de que el di\u00e1logo interno, la visualizaci\u00f3n del \u00e9xito y actuar como si ya hubieras alcanzado tus deseos te ayudar\u00e1n a alcanzar tus metas, parece que a la artista le ha funcionado. <\/p>\n<p class=\"\">En su adolescencia, mientras asist\u00eda a una escuela de teatro en Londres, sub\u00eda covers de canciones a YouTube que compaginaba con trabajos de camarera. En 2013 consigui\u00f3 su primer trabajo como cantante \u2014interpretando Lost in Music para <a href=\"https:\/\/www.youtube.com\/watch?v=wB2QICuUcPs\" target=\"_blank\" rel=\"noreferrer nofollow noopener\" title=\"https:\/\/www.youtube.com\/watch?v=wB2QICuUcPs\">un anuncio de X Factor<\/a>\u2014, a\u00f1o en el que firm\u00f3 un contrato con TaP Music \u2014desde 2022, su productora es Warner Records\u2014. A partir de 2013, Dua Lipa comenz\u00f3 a lanzar sencillos. Y en el verano de 2017, con las canciones New Rules y <a href=\"https:\/\/www.youtube.com\/watch?v=1nydxbGhgv8\" target=\"_blank\" rel=\"noreferrer nofollow noopener\" title=\"https:\/\/www.youtube.com\/watch?v=1nydxbGhgv8\">Blow Your Mind<\/a> de su \u00e1lbum debut, se hizo un hueco en la industria y comenz\u00f3 un ascenso a la fama que parece que a\u00fan no ha tocado techo. <\/p>\n<p><img alt=\"Dua Lipa, el 24 de junio de 2025, en el concierto de Liverpool, Inglaterra, de su gira 'Radical Optimism'.\" decoding=\"auto\" class=\"_re lazyload a_m-h\" height=\"277\"  width=\"414\"  src=\"https:\/\/www.europesays.com\/es\/wp-content\/uploads\/2025\/08\/F64ZZBOEEJBD3HNPFLZBEAAT4U.jpg\" loading=\"lazy\"\/>Dua Lipa, el 24 de junio de 2025, en el concierto de Liverpool, Inglaterra, de su gira &#8216;Radical Optimism&#8217;.Dominic Lipinski (Getty Images for ABA)<script async src=\"\/\/www.instagram.com\/embed.js\"><\/script><\/p>\n","protected":false},"excerpt":{"rendered":"Dua Lipa cumple este viernes, 22 de agosto, los 30 a\u00f1os convertida en una de las artistas del&hellip;\n","protected":false},"author":2,"featured_media":63952,"comment_status":"","ping_status":"","sticky":false,"template":"","format":"standard","meta":{"footnotes":""},"categories":[170],"tags":[505,26242,218,3061,6996,14008,146,147,25,24,256,260,6079,184,185,5590,2444,23],"class_list":{"0":"post-63951","1":"post","2":"type-post","3":"status-publish","4":"format-standard","5":"has-post-thumbnail","7":"category-musica","8":"tag-artistas","9":"tag-brit-awards","10":"tag-canciones","11":"tag-cantantes","12":"tag-cumpleanos","13":"tag-dua-lipa","14":"tag-entertainment","15":"tag-entretenimiento","16":"tag-es","17":"tag-espana","18":"tag-famosos","19":"tag-gente","20":"tag-ibiza","21":"tag-music","22":"tag-musica","23":"tag-records","24":"tag-reino-unido","25":"tag-spain"},"share_on_mastodon":{"url":"","error":""},"_links":{"self":[{"href":"https:\/\/www.europesays.com\/es\/wp-json\/wp\/v2\/posts\/63951","targetHints":{"allow":["GET"]}}],"collection":[{"href":"https:\/\/www.europesays.com\/es\/wp-json\/wp\/v2\/posts"}],"about":[{"href":"https:\/\/www.europesays.com\/es\/wp-json\/wp\/v2\/types\/post"}],"author":[{"embeddable":true,"href":"https:\/\/www.europesays.com\/es\/wp-json\/wp\/v2\/users\/2"}],"replies":[{"embeddable":true,"href":"https:\/\/www.europesays.com\/es\/wp-json\/wp\/v2\/comments?post=63951"}],"version-history":[{"count":0,"href":"https:\/\/www.europesays.com\/es\/wp-json\/wp\/v2\/posts\/63951\/revisions"}],"wp:featuredmedia":[{"embeddable":true,"href":"https:\/\/www.europesays.com\/es\/wp-json\/wp\/v2\/media\/63952"}],"wp:attachment":[{"href":"https:\/\/www.europesays.com\/es\/wp-json\/wp\/v2\/media?parent=63951"}],"wp:term":[{"taxonomy":"category","embeddable":true,"href":"https:\/\/www.europesays.com\/es\/wp-json\/wp\/v2\/categories?post=63951"},{"taxonomy":"post_tag","embeddable":true,"href":"https:\/\/www.europesays.com\/es\/wp-json\/wp\/v2\/tags?post=63951"}],"curies":[{"name":"wp","href":"https:\/\/api.w.org\/{rel}","templated":true}]}}