{"id":639542,"date":"2026-07-03T17:40:15","date_gmt":"2026-07-03T17:40:15","guid":{"rendered":"https:\/\/www.europesays.com\/es\/639542\/"},"modified":"2026-07-03T17:40:15","modified_gmt":"2026-07-03T17:40:15","slug":"granca-live-fest-2026-juan-luis-guerra-lola-indigo-danny-ocean-carlos-rivera-y-la-pantera-toman-hoy-el-escenario","status":"publish","type":"post","link":"https:\/\/www.europesays.com\/es\/639542\/","title":{"rendered":"Granca Live Fest 2026: Juan Luis Guerra, Lola \u00cdndigo, Danny Ocean, Carlos Rivera y La Pantera toman hoy el escenario"},"content":{"rendered":"<p>Un quinto aniversario de r\u00e9cord: m\u00e1s de 90.000 asistentes en los cuatro d\u00edas<img decoding=\"async\" class=\"v-ath__i\" src=\"https:\/\/www.europesays.com\/es\/wp-content\/uploads\/2026\/07\/player-ar-player-6474b57f088e418594be8102-UwXkL8X-1781193683858.jpeg\" alt=\"Ana Cabello\"\/><\/p>\n<p class=\"v-d-p\">El festival celebra su quinto aniversario consolidado como el mayor evento musical de Canarias. Por quinto a\u00f1o consecutivo, el Estadio de Gran Canaria reunir\u00e1 a algunas de las figuras m\u00e1s destacadas del panorama internacional, en una edici\u00f3n que ampl\u00eda por primera vez su duraci\u00f3n a cuatro jornadas y que espera congregar a m\u00e1s de 90.000 asistentes. <\/p>\n<p class=\"v-d-p\">Un escenario de 480 metros cuadrados, una amplia infraestructura t\u00e9cnica y un sistema de sonido e iluminaci\u00f3n reforzado confirma el mayor despliegue t\u00e9cnico realizado hasta la fecha para un festival en las islas.<\/p>\n<p class=\"v-d-p\"><a href=\"https:\/\/www.canarias7.es\/cultura\/musica\/granca-live-fest-bate-record-asistencia-90000-20260630171004-nt.html\" data-voc-vtm-id=\"in-text-traffic\" target=\"_blank\" rel=\"nofollow noopener\"><br \/>\nAqu\u00ed <\/a>puede leer la noticia al completo.<\/p>\n","protected":false},"excerpt":{"rendered":"Un quinto aniversario de r\u00e9cord: m\u00e1s de 90.000 asistentes en los cuatro d\u00edas El festival celebra su quinto&hellip;\n","protected":false},"author":2,"featured_media":639543,"comment_status":"","ping_status":"","sticky":false,"template":"","format":"standard","meta":{"footnotes":""},"categories":[91],"tags":[2125,146,147,25,24,4139,14248,293,6234,3745,23],"class_list":["post-639542","post","type-post","status-publish","format-standard","has-post-thumbnail","category-entretenimiento","tag-directo","tag-entertainment","tag-entretenimiento","tag-es","tag-espana","tag-fest","tag-granca","tag-jornada","tag-live","tag-segunda","tag-spain"],"share_on_mastodon":{"url":"","error":""},"_links":{"self":[{"href":"https:\/\/www.europesays.com\/es\/wp-json\/wp\/v2\/posts\/639542","targetHints":{"allow":["GET"]}}],"collection":[{"href":"https:\/\/www.europesays.com\/es\/wp-json\/wp\/v2\/posts"}],"about":[{"href":"https:\/\/www.europesays.com\/es\/wp-json\/wp\/v2\/types\/post"}],"author":[{"embeddable":true,"href":"https:\/\/www.europesays.com\/es\/wp-json\/wp\/v2\/users\/2"}],"replies":[{"embeddable":true,"href":"https:\/\/www.europesays.com\/es\/wp-json\/wp\/v2\/comments?post=639542"}],"version-history":[{"count":0,"href":"https:\/\/www.europesays.com\/es\/wp-json\/wp\/v2\/posts\/639542\/revisions"}],"wp:featuredmedia":[{"embeddable":true,"href":"https:\/\/www.europesays.com\/es\/wp-json\/wp\/v2\/media\/639543"}],"wp:attachment":[{"href":"https:\/\/www.europesays.com\/es\/wp-json\/wp\/v2\/media?parent=639542"}],"wp:term":[{"taxonomy":"category","embeddable":true,"href":"https:\/\/www.europesays.com\/es\/wp-json\/wp\/v2\/categories?post=639542"},{"taxonomy":"post_tag","embeddable":true,"href":"https:\/\/www.europesays.com\/es\/wp-json\/wp\/v2\/tags?post=639542"}],"curies":[{"name":"wp","href":"https:\/\/api.w.org\/{rel}","templated":true}]}}