{"id":63957,"date":"2025-08-22T05:12:10","date_gmt":"2025-08-22T05:12:10","guid":{"rendered":"https:\/\/www.europesays.com\/es\/63957\/"},"modified":"2025-08-22T05:12:10","modified_gmt":"2025-08-22T05:12:10","slug":"preocupa-la-transmision-del-dengue-en-navarra","status":"publish","type":"post","link":"https:\/\/www.europesays.com\/es\/63957\/","title":{"rendered":"Preocupa la transmisi\u00f3n del dengue en Navarra"},"content":{"rendered":"<p>\n<strong>Es una cadena<\/strong>. Si una persona viaja a un pa\u00eds donde el dengue, una infecci\u00f3n causada por un virus que transmite el mosquito tigre, es end\u00e9mico puede contagiarse tras una picadura y al regresar a su domicilio habitual convertirse en un potencial transmisor. Ser\u00eda as\u00ed en el caso de que un mosquito tigre le picase ya que este insecto podr\u00eda generar nuevos contagios al picar a otras personas.<\/p>\n<p>El problema es que <strong>el mosquito tigre cada vez est\u00e1 m\u00e1s presente en Navarra,<\/strong> tal y como refleja el Plan de Vigilancia que se puso en marcha en 2016, por lo que este eslab\u00f3n de la cadena est\u00e1 ya en casa. Por este motivo, el Instituto de Salud P\u00fablica ha advertido sobre la<strong> posibilidad de que en las pr\u00f3ximas semanas se registren m\u00e1s casos de dengue en Navarra.<\/strong>\n<\/p>\n<p>A lo largo de <strong>este a\u00f1o se han registrado 7 afectado<\/strong>s. Todos en personas que hab\u00edan viajado a pa\u00edses como Maldivas, Cuba, Nicaragua y Filipinas. Y los expertos temen que pueda haber m\u00e1s casos entre personas que regresan de las vacaciones.<\/p>\n<p>De ah\u00ed que Salud P\u00fablica, adem\u00e1s de mostrar su preocupaci\u00f3n por los afectados, pida que <strong>los casos sospechosos o confirmados tanto de dengue como de Chikungunya<\/strong>, otra enfermedad infecciosa cuyo virus transmite el mosquito tigre, <strong>pongan todos los medios posibles para evitar picaduras de mosquitos al regresar de sus vacaciones<\/strong> durante el tiempo en el que tienen fiebre y, como m\u00ednimo, durante diez d\u00edas.<\/p>\n<p>De hecho, apunta que este verano se han diagnosticado tres casos de transmisi\u00f3n aut\u00f3ctona de Chikungunya en Hendaya as\u00ed como en otros puntos de Francia e Italia.<\/p>\n<p>\n<strong>Navarra registr\u00f3 el a\u00f1o pasado 29 casos de dengue<\/strong>, m\u00e1s del doble que el a\u00f1o anterior, cuando se notificaron 13, y una cifra muy superior a los 7 de 2016 o los 3 de 2019.<\/p>\n<p>En todos los casos, los afectados ten\u00edan antecedentes de viajes a pa\u00edses donde hay zonas end\u00e9micas de dengue y el contagio se produjo fuera del territorio foral: desde Argentina, Bolivia, Cuba, Paraguay, Colombia, Rep\u00fablica Dominicana, Ecuador, M\u00e9xico, Brasil y Guatemala a Vietnam, Camboya, Indonesia y Filipinas. Adem\u00e1s, en 2024 hubo un caso de Chikungunya en una persona que hab\u00eda estado en Indonesia. Los casos se produjeron tanto en personas que hab\u00edan realizado viajes de turismo como en otras que acudieron a su pa\u00eds de origen para visitar a familiares.<\/p>\n<p>En cualquier caso, los expertos recuerdan qu<strong>e tras regresar de estos destinos se debe consultar si aparecen s\u00edntomas<\/strong> como fiebre, dolor o erupci\u00f3n cut\u00e1nea, que son propios del dengue, as\u00ed como dolor en articulaciones, m\u00e1s t\u00edpico de Chikungunya. Y tambi\u00e9n <strong>tomar las precauciones <\/strong>citadas para no propiciar que estas enfermedades se extiendan y contagien a otras personas.<\/p>\n","protected":false},"excerpt":{"rendered":"Es una cadena. Si una persona viaja a un pa\u00eds donde el dengue, una infecci\u00f3n causada por un&hellip;\n","protected":false},"author":2,"featured_media":63958,"comment_status":"","ping_status":"","sticky":false,"template":"","format":"standard","meta":{"footnotes":""},"categories":[92],"tags":[2216,25,24,165,14976,166,23,3599],"class_list":{"0":"post-63957","1":"post","2":"type-post","3":"status-publish","4":"format-standard","5":"has-post-thumbnail","7":"category-salud","8":"tag-dengue","9":"tag-es","10":"tag-espana","11":"tag-health","12":"tag-preocupa","13":"tag-salud","14":"tag-spain","15":"tag-transmision"},"share_on_mastodon":{"url":"","error":""},"_links":{"self":[{"href":"https:\/\/www.europesays.com\/es\/wp-json\/wp\/v2\/posts\/63957","targetHints":{"allow":["GET"]}}],"collection":[{"href":"https:\/\/www.europesays.com\/es\/wp-json\/wp\/v2\/posts"}],"about":[{"href":"https:\/\/www.europesays.com\/es\/wp-json\/wp\/v2\/types\/post"}],"author":[{"embeddable":true,"href":"https:\/\/www.europesays.com\/es\/wp-json\/wp\/v2\/users\/2"}],"replies":[{"embeddable":true,"href":"https:\/\/www.europesays.com\/es\/wp-json\/wp\/v2\/comments?post=63957"}],"version-history":[{"count":0,"href":"https:\/\/www.europesays.com\/es\/wp-json\/wp\/v2\/posts\/63957\/revisions"}],"wp:featuredmedia":[{"embeddable":true,"href":"https:\/\/www.europesays.com\/es\/wp-json\/wp\/v2\/media\/63958"}],"wp:attachment":[{"href":"https:\/\/www.europesays.com\/es\/wp-json\/wp\/v2\/media?parent=63957"}],"wp:term":[{"taxonomy":"category","embeddable":true,"href":"https:\/\/www.europesays.com\/es\/wp-json\/wp\/v2\/categories?post=63957"},{"taxonomy":"post_tag","embeddable":true,"href":"https:\/\/www.europesays.com\/es\/wp-json\/wp\/v2\/tags?post=63957"}],"curies":[{"name":"wp","href":"https:\/\/api.w.org\/{rel}","templated":true}]}}