{"id":639607,"date":"2026-07-03T18:26:14","date_gmt":"2026-07-03T18:26:14","guid":{"rendered":"https:\/\/www.europesays.com\/es\/639607\/"},"modified":"2026-07-03T18:26:14","modified_gmt":"2026-07-03T18:26:14","slug":"horario-de-los-conciertos-del-granca-live-fest-2026-del-sabado-4-de-julio-dani-martin-aitana-alejandro-sanz","status":"publish","type":"post","link":"https:\/\/www.europesays.com\/es\/639607\/","title":{"rendered":"Horario de los conciertos del Granca Live Fest 2026 del s\u00e1bado 4 de julio: Dani Mart\u00edn, Aitana, Alejandro Sanz"},"content":{"rendered":"<p><img decoding=\"async\" class=\"v-ath__i\" loading=\"lazy\" src=\"https:\/\/www.europesays.com\/es\/wp-content\/uploads\/2026\/07\/autor-7715-foto-1.jpeg\" alt=\"Gabriel Alberto Su\u00e1rez Rodr\u00edguez\"\/><\/p>\n<p>03\/07\/2026<\/p>\n<p>Actualizado a las 19:08h.<\/p>\n<p class=\"v-d-p\" style=\"\">El tercer d\u00eda de festival, el s\u00e1bado 4 de julio se abrir\u00e1n las puertas del recinto de siete palmas a las 17:00 horas. Ser\u00e1n los artistas<strong>\u00a0Quique Serra, Pablo Batista y Dani Calero\u00a0<\/strong>los encargados de las sesiones intermedias.<\/p>\n<p class=\"v-d-p\" style=\"\"> El primer concierto del d\u00eda ser\u00e1 el del grupo canario <strong>Agua del Chorro<\/strong> a las 18:00, seguido por <strong>Grupo Frontera<\/strong> a las 19.00 horas de la tarde. Despu\u00e9s llegar\u00e1 el turno de dos de los tres cantantes m\u00e1s aclamados de la noche que actuar\u00e1n de forma seguida,<strong>\u00a0Dani Mart\u00edn\u00a0<\/strong>a las 20:45 y <strong>Alejandro Sanz<\/strong> a las 22:45. <\/p>\n<p><img decoding=\"async\" loading=\"lazy\" src=\"https:\/\/www.europesays.com\/es\/wp-content\/uploads\/2026\/07\/Imagen-Dani-Martin-Concierto-U25620300868iLE-680x476@Canarias7.jpg\" class=\"v-a-img\" width=\"680\" height=\"478\" alt=\"Dani Mart\u00edn en concierto hace unos a\u00f1os.\" data-voc-vtm-id=\"in-text-traffic\"\/><\/p>\n<p>Dani Mart\u00edn en concierto hace unos a\u00f1os.<\/p>\n<p>(EP)<\/p>\n<p class=\"v-d-p\" style=\"\">Por \u00faltimo, la \u00absuperestrella\u00bb <strong>Aitana<\/strong> dar\u00e1 cierre al pen\u00faltimo d\u00eda de concierto a las 00.15 horas.<\/p>\n","protected":false},"excerpt":{"rendered":"03\/07\/2026 Actualizado a las 19:08h. El tercer d\u00eda de festival, el s\u00e1bado 4 de julio se abrir\u00e1n las&hellip;\n","protected":false},"author":2,"featured_media":639608,"comment_status":"","ping_status":"","sticky":false,"template":"","format":"standard","meta":{"footnotes":""},"categories":[91],"tags":[3076,3519,10114,208,1996,146,147,25,24,4139,14248,319,888,6234,1730,3397,7457,23],"class_list":["post-639607","post","type-post","status-publish","format-standard","has-post-thumbnail","category-entretenimiento","tag-3076","tag-aitana","tag-alejandro","tag-conciertos","tag-dani","tag-entertainment","tag-entretenimiento","tag-es","tag-espana","tag-fest","tag-granca","tag-horario","tag-julio","tag-live","tag-martin","tag-sabado","tag-sanz","tag-spain"],"share_on_mastodon":{"url":"https:\/\/pubeurope.com\/@es\/116857456904594587","error":""},"_links":{"self":[{"href":"https:\/\/www.europesays.com\/es\/wp-json\/wp\/v2\/posts\/639607","targetHints":{"allow":["GET"]}}],"collection":[{"href":"https:\/\/www.europesays.com\/es\/wp-json\/wp\/v2\/posts"}],"about":[{"href":"https:\/\/www.europesays.com\/es\/wp-json\/wp\/v2\/types\/post"}],"author":[{"embeddable":true,"href":"https:\/\/www.europesays.com\/es\/wp-json\/wp\/v2\/users\/2"}],"replies":[{"embeddable":true,"href":"https:\/\/www.europesays.com\/es\/wp-json\/wp\/v2\/comments?post=639607"}],"version-history":[{"count":0,"href":"https:\/\/www.europesays.com\/es\/wp-json\/wp\/v2\/posts\/639607\/revisions"}],"wp:featuredmedia":[{"embeddable":true,"href":"https:\/\/www.europesays.com\/es\/wp-json\/wp\/v2\/media\/639608"}],"wp:attachment":[{"href":"https:\/\/www.europesays.com\/es\/wp-json\/wp\/v2\/media?parent=639607"}],"wp:term":[{"taxonomy":"category","embeddable":true,"href":"https:\/\/www.europesays.com\/es\/wp-json\/wp\/v2\/categories?post=639607"},{"taxonomy":"post_tag","embeddable":true,"href":"https:\/\/www.europesays.com\/es\/wp-json\/wp\/v2\/tags?post=639607"}],"curies":[{"name":"wp","href":"https:\/\/api.w.org\/{rel}","templated":true}]}}