{"id":639661,"date":"2026-07-03T19:08:15","date_gmt":"2026-07-03T19:08:15","guid":{"rendered":"https:\/\/www.europesays.com\/es\/639661\/"},"modified":"2026-07-03T19:08:15","modified_gmt":"2026-07-03T19:08:15","slug":"una-exposicion-aborda-la-dimension-humana-y-artistica-de-luis-cobiella-y-la-vigencia-de-su-obra","status":"publish","type":"post","link":"https:\/\/www.europesays.com\/es\/639661\/","title":{"rendered":"Una exposici\u00f3n aborda la dimensi\u00f3n humana y art\u00edstica de Luis Cobiella y la vigencia de su obra"},"content":{"rendered":"<p>            <img decoding=\"async\" class=\"lazy\" loading=\"lazy\" data-src=\"https:\/\/static.eldiario.es\/clip\/889ecae7-58c3-484c-9bd4-3221bdeca052_source-aspect-ratio_default_0.jpg\" src=\"data:image\/svg+xml,%3Csvg xmlns=\" http:=\"\" viewbox=\"0 0 1600 1200\" alt=\"Exposici\u00f3n 'La magia del Ser: el humanista Luis Cobiella Cuevas (1925-2013)\u2019. LUZ RODR\u00cdGUEZ\"\/><\/p>\n<p class=\"article-text\">\n        Una exposici\u00f3n aborda la dimensi\u00f3n humana y art\u00edstica de Luis Cobiella y la vigencia de su obra.\u2018La magia del Ser: el humanista Luis Cobiella Cuevas (1925-2013)\u2019 ha abierto sus puertas este mi\u00e9rcoles y podr\u00e1 visitarse durante todo el mes de julio en la Casa de Salazar de Santa Cruz de La Palma, en horario de 10.00 a 20.00 horas, de lunes a viernes, y de 10.00 a 14.00 horas los s\u00e1bados.\n    <\/p>\n<p class=\"article-text\">\n        La muestra ha sido inaugurada en un acto en el que han intervenido el presidente de la Asociaci\u00f3n para la Salvaguarda de Patrimonio Art\u00edstico Cultural de Luis Cobiella Cuevas, Juan Francisco Capote \u00c1varez; la Diputada del Com\u00fan, Lola Padr\u00f3n; la consejera de Cultura y Patrimonio del Cabildo, Miriam Perestelo, y el alcalde de Santa Cruz de La Palma, Asier Antona.\n    <\/p>\n<p class=\"article-text\">\n        La muestra, titulada \u2018La magia del Ser: el humanista Luis Cobiella Cuevas (1925-2013)\u2019 est\u00e1 organizada por la Asociaci\u00f3n para la difusi\u00f3n y salvaguarda del patrimonio art\u00edstico cultural de Luis Cobiella Cuevas con el patrocinio del Cabildo de La Palma y comisariada por Juan Alberto Fern\u00e1ndez.\n    <\/p>\n<p>            <img decoding=\"async\" class=\"lazy\" loading=\"lazy\" data-src=\"https:\/\/static.eldiario.es\/clip\/45e0c8e7-d18d-43bc-9093-3f8a0057fef6_16-9-discover-aspect-ratio_default_0.jpg\" src=\"data:image\/svg+xml,%3Csvg xmlns=\" http:=\"\" viewbox=\"0 0 1200 675\" alt=\"Presentaci\u00f3n de la exposici\u00f3n.\"\/><\/p>\n<p class=\"article-text\">\n        La exposici\u00f3n propone un recorrido \u00edntimo y revelador por la vida y obra de una de las figuras m\u00e1s significavas de la cultura canaria contempor\u00e1nea. A trav\u00e9s de un valioso conjunto de materiales procedentes de su legado, entre los que se incluyen su fondo fotogr\u00e1fico y audiovisual, manuscritos originales, partituras, obras vinculadas a la Bajada de la Virgen y patrimonio musical sonoro, el visitante podr\u00e1 adentrarse en su universo creativo y comprender la dimensi\u00f3n humana y art\u00edstica de su trayectoria: sus creaciones, la labor institucional desarrollada como Diputado del Com\u00fan, su faceta de profesor, etc. Gracias al acceso al fondo familiar, esta retrospectiva ofrece una mirada exhaustiva y rigurosa, y en muchos casos, in\u00e9dita, que invita no solo a recordar, sino tambi\u00e9n a redescubrir la vigencia de su pensamiento y su extraordinaria aportaci\u00f3n cultural y art\u00edstica.\n    <\/p>\n<p>            <img decoding=\"async\" class=\"lazy\" loading=\"lazy\" data-src=\"https:\/\/static.eldiario.es\/clip\/5f945232-9743-4070-b5f1-808de66c3df1_source-aspect-ratio_default_0.jpg\" src=\"data:image\/svg+xml,%3Csvg xmlns=\" http:=\"\" viewbox=\"0 0 1600 1200\" alt=\"Exposici\u00f3n 'La magia del Ser: el humanista Luis Cobiella Cuevas (1925-2013)\u2019. LUZ RODR\u00cdGUEZ\"\/><\/p>\n<p class=\"article-text\">\n        <strong>Luis Cobiella, figura fundamental de la cultura palmera y canaria del siglo XX <\/strong>\n    <\/p>\n<p class=\"article-text\">\n        Luis Cobiella Cuevas naci\u00f3 en Santa Cruz de La Palma en 1925, y falleci\u00f3 en la misma ciudad, de la que es Hijo Predilecto, el 24 de junio de 2013. A lo largo de su vida recibi\u00f3 infinidad de reconocimientos, incluyendo el Premio Canarias de Bellas Artes e Interpretaci\u00f3n 2002 y la Gran Cruz de la Orden \u00abIslas Canarias\u00bb.Licenciado en Ciencias Qu\u00edmicas por la Universidad de La Laguna, fue el primer Diputado del Com\u00fan de Canarias (1986 a 1991) y, entre sus muchas dedicaciones, fue fundador y director de programas de la emisora \u2018La voz de la isla de La Palma\u2019, posteriormente Radio Nacional de Espa\u00f1a, ejerci\u00f3 funciones de director en el peri\u00f3dico Diario de Avisos y fue profesor de ense\u00f1anza secundaria. Hoy el antiguo Instituto El Pilar lleva el nombre de IES Luis Cobiella Cuevas.  No obstante, es en su faceta art\u00edstica y creadora donde el legado de Luis Cobiella resulta dif\u00edcilmente igualable. Entre su numerosa y variada producci\u00f3n sonora, de m\u00e1s de dos centenares de t\u00edtulos musicales, pueden citarse \u2018San Borond\u00f3n, poema sinf\u00f3nico desde una isa\u2019 (obra sinf\u00f3nica para coro, orquesta y solistas), \u2018El poema de La Caldera\u2019, \u2018Polca y transfiguraci\u00f3n\u2019, o sus composiciones para voz y piano.\n    <\/p>\n<p>            <img decoding=\"async\" class=\"lazy\" loading=\"lazy\" data-src=\"https:\/\/static.eldiario.es\/clip\/71f87cba-3358-4644-aa2a-6534e5ef4113_source-aspect-ratio_default_0.jpg\" src=\"data:image\/svg+xml,%3Csvg xmlns=\" http:=\"\" viewbox=\"0 0 1600 1200\" alt=\"Inauguraci\u00f3n de la exposici\u00f3n.\"\/><\/p>\n<p class=\"article-text\">\n        Tambi\u00e9n es autor de villancicos que hoy forman parte del repertorio habitual de las rondallas de Lo Divino, como \u2018El delantal de la Virgen\u2019. Su aportaci\u00f3n al programa de actos de las fiestas de la Bajada de la Virgen es enorme. En 1945 cre\u00f3 el Minu\u00e9, consagrado hoy como uno de los n\u00fameros principales del programa de actos. Para este acto compuso cuatro partituras, siendo el \u2018Minu\u00e9 de los Aires en Re\u2019, para orquesta y solistas, el que habitualmente se representa en cada edici\u00f3n de las fiestas. Tambi\u00e9n como especial aportaci\u00f3n esc\u00e9nica, literaria y musical a las fiestas lustrales, se encuentran sus carros aleg\u00f3ricos. El primero, \u2018Paz de Mar\u00eda\u2019, fue estrenado en 1950, con m\u00fasica de El\u00edas Santos Rodr\u00edguez. Posteriormente estren\u00f3 la trilog\u00eda Las Orillas de Dios, formada por \u2018Mar\u00eda en las orillas\u2019, \u2018La otra virgen\u2019 y \u2018Cubierta con su sombra\u2019.  Para la Bajada de la Virgen tambi\u00e9n compuso la \u2018Misa a modo de berceuse\u2019, la m\u00fasica para la primera parte de la Danza de los Enanos en dos ocasiones y la danza infantil coreada \u2018Danza de las Sirenas\u2019.\n    <\/p>\n<p>            <img decoding=\"async\" class=\"lazy\" loading=\"lazy\" data-src=\"https:\/\/static.eldiario.es\/clip\/bd8a2c42-999e-4b51-822b-cb4d92db3d1d_source-aspect-ratio_default_0.jpg\" src=\"data:image\/svg+xml,%3Csvg xmlns=\" http:=\"\" viewbox=\"0 0 1600 1200\" alt=\"Exposici\u00f3n 'La magia del Ser: el humanista Luis Cobiella Cuevas (1925-2013)\u2019. LUZ RODR\u00cdGUEZ\"\/><\/p>\n<p class=\"article-text\">\n        Como music\u00f3logo destacan sus trabajos sobre el folclore de la isla de La Palma y, sobre todo, \u2018La Comunicaci\u00f3n en Wagner\u2019, un amplio an\u00e1lisis de la semanticidad musical, a\u00fan in\u00e9dito.  En lo que respecta a su faceta literaria, en 1950 sale a la luz su primer poemario, \u2018Versos sin paisaje\u2019, financiado por un grupo de amigos palmeros. Tras varios a\u00f1os editando composiciones sueltas, en 1986 sale su libro de poes\u00eda, \u2018Desde el ser a la vida\u2019. En 1995, el Centro de la Cultura Popular Canaria edita su primera antolog\u00eda, que adem\u00e1s de \u2018Versos sin paisaje\u2019, \u2018Desde el ser a la vida\u2019 y \u2018Las orillas de Dios\u2019, contiene poemas de sus libros in\u00e9ditos \u2018El intento de ser\u2019, \u2018Nosotros, ese yo\u2019, \u2018Las cosas est\u00e1n fuera\u2019 y \u2018Estar.\u2019 En 2010 culmina su poemario \u2018Recados\u2019, tambi\u00e9n in\u00e9dito.  Entre su obra ensay\u00edstica figuran \u2018Juan Canario, los Derechos Humanos y el Diputado del Com\u00fan\u2019, \u2018Comunicaci\u00f3n vivida\u2019, \u2018Aclarando el d\u00eda. Jes\u00fas, sen res, amores tal vez\u2019, \u2018Jes\u00fas de Nazaret, verdadero hombre\u2019 y \u2018El Reino de Dios\u2019. Su vida fue de una actividad creadora incesante, realizando numerosas conferencias, presentaciones, pregones, pr\u00f3logos de libros y ar culos period\u00edsticos.\n    <\/p>\n<p>            <img decoding=\"async\" class=\"lazy\" loading=\"lazy\" data-src=\"https:\/\/static.eldiario.es\/clip\/1ff0e5ca-b9a9-40a9-9159-091f9e1882c6_source-aspect-ratio_default_0.jpg\" src=\"data:image\/svg+xml,%3Csvg xmlns=\" http:=\"\" viewbox=\"0 0 1600 1200\" alt=\"Exposici\u00f3n 'La magia del Ser: el humanista Luis Cobiella Cuevas (1925-2013)\u2019. LUZ RODR\u00cdGUEZ\"\/><\/p>\n<p>            <img decoding=\"async\" class=\"lazy\" loading=\"lazy\" data-src=\"https:\/\/static.eldiario.es\/clip\/351a7237-a188-413f-9517-951e2fd6d761_source-aspect-ratio_default_0.jpg\" src=\"data:image\/svg+xml,%3Csvg xmlns=\" http:=\"\" viewbox=\"0 0 1600 1200\" alt=\"Exposici\u00f3n 'La magia del Ser: el humanista Luis Cobiella Cuevas (1925-2013)\u2019.\"\/><\/p>\n<p>            <img decoding=\"async\" class=\"lazy\" loading=\"lazy\" data-src=\"https:\/\/static.eldiario.es\/clip\/d661c94b-a640-4547-b85b-4b4a62e82eb1_source-aspect-ratio_default_0.jpg\" src=\"data:image\/svg+xml,%3Csvg xmlns=\" http:=\"\" viewbox=\"0 0 1600 1200\" alt=\"Exposici\u00f3n 'La magia del Ser: el humanista Luis Cobiella Cuevas (1925-2013)\u2019. LUZ RODR\u00cdGUEZ\"\/><\/p>\n","protected":false},"excerpt":{"rendered":"Una exposici\u00f3n aborda la dimensi\u00f3n humana y art\u00edstica de Luis Cobiella y la vigencia de su obra.\u2018La magia&hellip;\n","protected":false},"author":2,"featured_media":639662,"comment_status":"","ping_status":"","sticky":false,"template":"","format":"standard","meta":{"footnotes":""},"categories":[173],"tags":[46019,229,233,1840,231,230,118064,232,18440,234,146,147,25,24,2003,4084,7820,4125,23,77711],"class_list":["post-639661","post","type-post","status-publish","format-standard","has-post-thumbnail","category-arte-y-diseno","tag-aborda","tag-arte","tag-arte-y-diseno","tag-artistica","tag-arts","tag-arts-and-design","tag-cobiella","tag-design","tag-dimension","tag-diseno","tag-entertainment","tag-entretenimiento","tag-es","tag-espana","tag-exposicion","tag-humana","tag-luis","tag-obra","tag-spain","tag-vigencia"],"share_on_mastodon":{"url":"https:\/\/pubeurope.com\/@es\/116857622114411427","error":""},"_links":{"self":[{"href":"https:\/\/www.europesays.com\/es\/wp-json\/wp\/v2\/posts\/639661","targetHints":{"allow":["GET"]}}],"collection":[{"href":"https:\/\/www.europesays.com\/es\/wp-json\/wp\/v2\/posts"}],"about":[{"href":"https:\/\/www.europesays.com\/es\/wp-json\/wp\/v2\/types\/post"}],"author":[{"embeddable":true,"href":"https:\/\/www.europesays.com\/es\/wp-json\/wp\/v2\/users\/2"}],"replies":[{"embeddable":true,"href":"https:\/\/www.europesays.com\/es\/wp-json\/wp\/v2\/comments?post=639661"}],"version-history":[{"count":0,"href":"https:\/\/www.europesays.com\/es\/wp-json\/wp\/v2\/posts\/639661\/revisions"}],"wp:featuredmedia":[{"embeddable":true,"href":"https:\/\/www.europesays.com\/es\/wp-json\/wp\/v2\/media\/639662"}],"wp:attachment":[{"href":"https:\/\/www.europesays.com\/es\/wp-json\/wp\/v2\/media?parent=639661"}],"wp:term":[{"taxonomy":"category","embeddable":true,"href":"https:\/\/www.europesays.com\/es\/wp-json\/wp\/v2\/categories?post=639661"},{"taxonomy":"post_tag","embeddable":true,"href":"https:\/\/www.europesays.com\/es\/wp-json\/wp\/v2\/tags?post=639661"}],"curies":[{"name":"wp","href":"https:\/\/api.w.org\/{rel}","templated":true}]}}