{"id":63968,"date":"2025-08-22T05:20:09","date_gmt":"2025-08-22T05:20:09","guid":{"rendered":"https:\/\/www.europesays.com\/es\/63968\/"},"modified":"2025-08-22T05:20:09","modified_gmt":"2025-08-22T05:20:09","slug":"fallados-los-premios-de-la-ii-edicion-toros-en-el-puerto-temporada-taurina-2025","status":"publish","type":"post","link":"https:\/\/www.europesays.com\/es\/63968\/","title":{"rendered":"Fallados los premios de la II Edici\u00f3n Toros en El Puerto temporada taurina 2025"},"content":{"rendered":"<p style=\"text-align:justify;\">El jurado, que en su segunda edici\u00f3n consolida unos galardones llamados a prestigiar la Plaza Real, reconoce a Morante de la Puebla, Jos\u00e9 Mar\u00eda Manzanares, Aar\u00f3n Palacios, Mariano Ben\u00edtez, Francisco Javier Amores Morales, el toro \u2018Encendido\u2019 de N\u00fa\u00f1ez del\u00a0Cuvillo\u00a0y concede una menci\u00f3n especial al portuense Daniel Crespo<\/p>\n<p style=\"text-align:justify;\">\u00a0<\/p>\n<p style=\"text-align:justify;\">Una vez concluidos los festejos de abono de la Feria Taurina de El Puerto de Santa Mar\u00eda 2025, el pasado martes 19 de agosto se reuni\u00f3 el jurado de la II Edici\u00f3n de los Premios Taurinos Toros en El Puerto en El Faro, restaurante portuense con Fernando C\u00f3rdoba a la cabeza y una de las empresas patrocinadoras de estos galardones que celebran este a\u00f1o su segunda convocatoria. En dicho encuentro se procedi\u00f3 al fallo y anuncio de los triunfadores de la reci\u00e9n concluida feria taurina del verano portuense.<\/p>\n<p style=\"text-align:justify;\">\u00a0<\/p>\n<p style=\"text-align:justify;\">Estos premios, creados en 2024 por la empresa portuense EVENTIC, nacieron con el objetivo de otorgar mayor prestigio a la Real Plaza de Toros de la ciudad y, al mismo tiempo, promover los valores culturales de la tauromaquia, en defensa del toro bravo y de todo el sector taurino.<\/p>\n<p style=\"text-align:justify;\">\u00a0<\/p>\n<p style=\"text-align:justify;\">El jurado\u00a0para esta segunda edici\u00f3n,\u00a0ha\u00a0vuelto a\u00a0estarcompuesto por un elenco de lujo que fusiona el mundo del toro desde distintas vertientes y distintos campos de conocimiento: el prestigioso periodista y aficionado\u00a0Antonio Jim\u00e9nez Mart\u00ednez; el maestro\u00a0Jos\u00e9 Luis Galloso\u00a0(presidente del jurado); la que fue presidenta de la Plaza de Toros y actual presidenta de la Federaci\u00f3n Andaluza de Mujeres Empresarias,\u00a0Ana Alonso Lorente, la presidenta del Colegio Oficial de Veterinarios de C\u00e1diz,\u00a0Cristina Velasco\u00a0(secretaria de actas) y\u00a0Francisco Valle, CEO del diario 65ymas.<\/p>\n<p style=\"text-align:justify;\">\u00a0<\/p>\n<p style=\"text-align:justify;\">Tras la deliberaci\u00f3n del jurado, a excepci\u00f3n del periodista Antonio Jim\u00e9nez, que lo hizo de manera virtual, se procedi\u00f3 a levantar acta con la firma de todos los integrantes, acordando por unanimidad, conceder los siguientes premios:<\/p>\n<p style=\"text-align:justify;\">\u00a0<\/p>\n<p>&#8211;\u00a0Premio a la mejor faena de la temporada para:\u00a0Jos\u00e9 Antonio Morante de la Puebla.\u00a0<\/p>\n<p>&#8211;\u00a0Premio \u00abRafael Ortega\u00bb a la mejor estocada para:\u00a0Jos\u00e9 Mar\u00eda Manzanares, por la ejecutadade manera excepcional\u00a0al toro de nombre\u00a0\u00abDescre\u00eddo\u00bb,\u00a0N\u00ba\u00a014, negro, de 490 kilos, de la ganader\u00eda de D\u00f1a. Olga Jim\u00e9nez Fern\u00e1ndez.<\/p>\n<p>&#8211;\u00a0Premio al mejor Novillero con Picadores para:\u00a0Aar\u00f3n Palacios.<\/p>\n<p>&#8211;\u00a0Premio al mejor Picador para:\u00a0Mariano Ben\u00edtezde la Cuadrilla de Pablo Aguado.<\/p>\n<p>&#8211;\u00a0Premio al mejor Torero de Plata para:\u00a0Francisco Javier Amores Morales\u00a0de la Cuadrilla de\u00a0Jos\u00e9 Antonio\u00a0Morante de la Puebla.<\/p>\n<p>&#8211;\u00a0Premio al mejor Toro para:\u00a0\u00abEncendido\u00bb, numero 23, negro mulato de 460 kilos. Ganader\u00eda de D. Joaqu\u00edn N\u00fa\u00f1ez del\u00a0Cuvillo, lidiado\u00a0en el primero de su lote\u00a0por Andr\u00e9s Roca Rey.<\/p>\n<p>&#8211;\u00a0Menci\u00f3n especial al diestro de El Puerto, Daniel Crespo, por la magn\u00edfica actuaci\u00f3n ejecutada al sexto toro de la tarde.<\/p>\n<p style=\"margin-left:36px;text-align:justify;\">\u00a0<\/p>\n<p style=\"text-align:justify;\">Los galardones\u00a0ser\u00e1n\u00a0de nuevo creaciones del artista jerezano y gran aficionado al mundo del toro,\u00a0Crist\u00f3bal Donaire Barea\u00a0\u201cBalcris\u201d<\/p>\n<p style=\"text-align:justify;\">\u00a0<\/p>\n<p style=\"text-align:justify;\">Los premios ser\u00e1n entregados durante\u00a0una gala\u00a0el pr\u00f3ximo mes de enero, toda vez que la organizaci\u00f3n logre aunar las agendas de los distintos galardonados.<\/p>\n<p style=\"text-align:justify;\">\u00a0<\/p>\n","protected":false},"excerpt":{"rendered":"El jurado, que en su segunda edici\u00f3n consolida unos galardones llamados a prestigiar la Plaza Real, reconoce a&hellip;\n","protected":false},"author":2,"featured_media":63969,"comment_status":"","ping_status":"","sticky":false,"template":"","format":"standard","meta":{"footnotes":""},"categories":[277],"tags":[373,168,25,24,12411,23,167,374],"class_list":{"0":"post-63968","1":"post","2":"type-post","3":"status-publish","4":"format-standard","5":"has-post-thumbnail","7":"category-toreo","8":"tag-bullfighting","9":"tag-deportes","10":"tag-es","11":"tag-espana","12":"tag-noticias-de-el-puerto-actualidad-diario-de-cadiz-tiempo-agenda-eventos-informacion","13":"tag-spain","14":"tag-sports","15":"tag-toreo"},"share_on_mastodon":{"url":"","error":""},"_links":{"self":[{"href":"https:\/\/www.europesays.com\/es\/wp-json\/wp\/v2\/posts\/63968","targetHints":{"allow":["GET"]}}],"collection":[{"href":"https:\/\/www.europesays.com\/es\/wp-json\/wp\/v2\/posts"}],"about":[{"href":"https:\/\/www.europesays.com\/es\/wp-json\/wp\/v2\/types\/post"}],"author":[{"embeddable":true,"href":"https:\/\/www.europesays.com\/es\/wp-json\/wp\/v2\/users\/2"}],"replies":[{"embeddable":true,"href":"https:\/\/www.europesays.com\/es\/wp-json\/wp\/v2\/comments?post=63968"}],"version-history":[{"count":0,"href":"https:\/\/www.europesays.com\/es\/wp-json\/wp\/v2\/posts\/63968\/revisions"}],"wp:featuredmedia":[{"embeddable":true,"href":"https:\/\/www.europesays.com\/es\/wp-json\/wp\/v2\/media\/63969"}],"wp:attachment":[{"href":"https:\/\/www.europesays.com\/es\/wp-json\/wp\/v2\/media?parent=63968"}],"wp:term":[{"taxonomy":"category","embeddable":true,"href":"https:\/\/www.europesays.com\/es\/wp-json\/wp\/v2\/categories?post=63968"},{"taxonomy":"post_tag","embeddable":true,"href":"https:\/\/www.europesays.com\/es\/wp-json\/wp\/v2\/tags?post=63968"}],"curies":[{"name":"wp","href":"https:\/\/api.w.org\/{rel}","templated":true}]}}