{"id":63974,"date":"2025-08-22T05:27:13","date_gmt":"2025-08-22T05:27:13","guid":{"rendered":"https:\/\/www.europesays.com\/es\/63974\/"},"modified":"2025-08-22T05:27:13","modified_gmt":"2025-08-22T05:27:13","slug":"es-el-tipico-partido-que-te-gustaria-tachar-del-calendario","status":"publish","type":"post","link":"https:\/\/www.europesays.com\/es\/63974\/","title":{"rendered":"\u00abEs el t\u00edpico partido que te gustar\u00eda tachar del calendario\u00bb"},"content":{"rendered":"<p>El t\u00e9cnico del Alav\u00e9s ha explicado c\u00f3mo se presenta su equipo a esta segunda jornada de LaLiga<\/p>\n<p><img fetchpriority=\"high\" class=\"voc-img\" src=\"https:\/\/www.europesays.com\/es\/wp-content\/uploads\/2025\/08\/1499820621-ROhvyPv5JJu5nhlJyNxqmSO-1200x840@diario_abc.JPG\" loading=\"eager\" decoding=\"async\" alt=\"Coudet antes de visitar al Betis: \u00abEs el t\u00edpico partido que te gustar\u00eda tachar del calendario\u00bb\" width=\"1200\" height=\"840\"\/><\/p>\n<p><img decoding=\"async\" class=\"voc-author__img\" src=\"https:\/\/www.europesays.com\/es\/wp-content\/uploads\/2025\/08\/autor-3756-foto-1.png\" alt=\"Al Final de la Palmera\"\/><\/p>\n<p class=\"voc-p\" style=\"\">El <strong>Betis<\/strong> recibe este viernes al <strong>Alav\u00e9s<\/strong> en el estadio de La Cartuja a partir de las 21.30 horas. Un duelo que estar\u00e1 marcado por el<a href=\"https:\/\/www.abc.es\/deportes\/alfinaldelapalmera\/noticias-betis\/sancionan-betis-cierre-parcial-grada-estreno-cartuja-20250820122458-nts.html\" target=\"_self\" data-voc-vtm-id=\"in-text-traffic\" title=\" cierre parcial de la grada\" data-mrf-link=\"www.abc.es\" rel=\"nofollow noopener\"> cierre parcial de la grada<\/a> por los insultos racistas que se pudieron o\u00edr en el Villamar\u00edn la pasada temporada ante el <strong>Athletic<\/strong>. Un castigo que emborrona en parte el estreno de los de Pellegrini en la que ser\u00e1 su nueva cara los pr\u00f3ximos dos a\u00f1os. <\/p>\n<p class=\"voc-p\" style=\"\">Sobre el partido ha hablado el<strong> Chacho Coudet<\/strong>. El t\u00e9cnico del Alav\u00e9s ha puesto en valor la calidad del conjunto verdiblanco en la rueda de prensa previa al encuentro: \u00abVamos a enfrentarnos a un gran equipo que cuenta con una plantilla muy buena. Ser\u00eda el t\u00edpico partido de calendario que te gustar\u00eda tachar. Nuestra idea es volver a ser protagonistas, como en cualquier otro partido y tratar de ganar, como siempre\u00bb.<\/p>\n<p class=\"voc-p\" style=\"\">El Alav\u00e9s viaja este viernes por la ma\u00f1ana y se quedan fuera de la expedici\u00f3n <strong>Maras y Novoa<\/strong>. \u00abUn mont\u00f3n de cosas pueden pasar hasta los \u00faltimos d\u00edas. Habr\u00e1 movimientos, aunque hablar de nombres en particular se me hace dif\u00edcil. Hablo de Lucas Boy\u00e9 porque es un caso en el que ya estuve involucrado con el jugador. Despu\u00e9s aparecer\u00e1n un mont\u00f3n de nombres y candidatos para la plantilla\u00bb, concluy\u00f3 Coudet.<\/p>\n<p class=\"voc-p\" style=\"\">Sobre nombres propios, Coudet no ha escondido su inter\u00e9s por <strong>Lucas Boy\u00e9<\/strong>: \u00abYa lo quise tener varias veces. He hablado varias veces con \u00e9l mientras entrenaba a equipos como el Racing, el Inter de Porto Alegre o el Celta. Es un jugador con el que he querido contar siempre, me gustan sus caracter\u00edsticas\u00ab.<\/p>\n<p class=\"voc-p\" style=\"\">Por \u00faltimo, el t\u00e9cnico ha querido aclarar que la realidad de su equipo se dar\u00e1 a partir de que finalice el mercado de fichajes: \u00abEl 1 de septiembre veremos nuestra realidad con el final del mercado. Est\u00e1n todos los equipos en igualdad de condiciones hasta ese d\u00eda\u00bb.<\/p>\n<p>Reportar un error<\/p>\n","protected":false},"excerpt":{"rendered":"El t\u00e9cnico del Alav\u00e9s ha explicado c\u00f3mo se presenta su equipo a esta segunda jornada de LaLiga El&hellip;\n","protected":false},"author":2,"featured_media":63975,"comment_status":"","ping_status":"","sticky":false,"template":"","format":"standard","meta":{"footnotes":""},"categories":[268],"tags":[291,6783,26095,168,25,24,280,282,20638,1045,281,23,167,26246,8099,11833],"class_list":{"0":"post-63974","1":"post","2":"type-post","3":"status-publish","4":"format-standard","5":"has-post-thumbnail","7":"category-futbol","8":"tag-betis","9":"tag-calendario","10":"tag-coudet","11":"tag-deportes","12":"tag-es","13":"tag-espana","14":"tag-football","15":"tag-futbol","16":"tag-gustaria","17":"tag-partido","18":"tag-soccer","19":"tag-spain","20":"tag-sports","21":"tag-tachar","22":"tag-tipico","23":"tag-visitar"},"share_on_mastodon":{"url":"","error":""},"_links":{"self":[{"href":"https:\/\/www.europesays.com\/es\/wp-json\/wp\/v2\/posts\/63974","targetHints":{"allow":["GET"]}}],"collection":[{"href":"https:\/\/www.europesays.com\/es\/wp-json\/wp\/v2\/posts"}],"about":[{"href":"https:\/\/www.europesays.com\/es\/wp-json\/wp\/v2\/types\/post"}],"author":[{"embeddable":true,"href":"https:\/\/www.europesays.com\/es\/wp-json\/wp\/v2\/users\/2"}],"replies":[{"embeddable":true,"href":"https:\/\/www.europesays.com\/es\/wp-json\/wp\/v2\/comments?post=63974"}],"version-history":[{"count":0,"href":"https:\/\/www.europesays.com\/es\/wp-json\/wp\/v2\/posts\/63974\/revisions"}],"wp:featuredmedia":[{"embeddable":true,"href":"https:\/\/www.europesays.com\/es\/wp-json\/wp\/v2\/media\/63975"}],"wp:attachment":[{"href":"https:\/\/www.europesays.com\/es\/wp-json\/wp\/v2\/media?parent=63974"}],"wp:term":[{"taxonomy":"category","embeddable":true,"href":"https:\/\/www.europesays.com\/es\/wp-json\/wp\/v2\/categories?post=63974"},{"taxonomy":"post_tag","embeddable":true,"href":"https:\/\/www.europesays.com\/es\/wp-json\/wp\/v2\/tags?post=63974"}],"curies":[{"name":"wp","href":"https:\/\/api.w.org\/{rel}","templated":true}]}}