{"id":63976,"date":"2025-08-22T05:28:09","date_gmt":"2025-08-22T05:28:09","guid":{"rendered":"https:\/\/www.europesays.com\/es\/63976\/"},"modified":"2025-08-22T05:28:09","modified_gmt":"2025-08-22T05:28:09","slug":"sheila-casas-vuelve-del-viaje-familiar-y-sorprende-con-sus-declaraciones-no-las-conozco","status":"publish","type":"post","link":"https:\/\/www.europesays.com\/es\/63976\/","title":{"rendered":"Sheila Casas vuelve del viaje familiar y sorprende con sus declaraciones: \u00abNo las conozco\u00bb"},"content":{"rendered":"<p><strong>Sheila Casas <\/strong>ha disfrutado de un<a href=\"https:\/\/okdiario.com\/look\/actualidad\/sheila-casas-olvida-escassi-vacaciones-salvador-2360253\" rel=\"nofollow noopener\" target=\"_blank\"> viaje de ensue\u00f1o en El Salvador<\/a> junto a sus hermanos: Mario, \u00d3scar, Cristian y el peque\u00f1o Daniel, \u2013su hermano menor de 8 a\u00f1os y al que<strong> todos consideran el \u00abojito derecho\u00bb de la familia<\/strong>\u2013. Muy feliz y relajada tras unos d\u00edas en medio del para\u00edso, la joven ha reaparecido en el aeropuerto.<\/p>\n<p><strong>\u00abMe habr\u00eda quedado all\u00ed todo el verano\u00bb<\/strong>, confesaba a los reporteros, que no dudaban en preguntarle sobre esta nueva aventura. Un viaje muy familiar en el que ella recalca que \u00abhan estado todos\u00bb. \u00abOjal\u00e1 siempre sea as\u00ed\u00bb, apunta. \u00abLo hacemos en Navidad y en verano, por lo que ojal\u00e1 sea as\u00ed por mucho tiempo\u00bb.<\/p>\n<blockquote class=\"instagram-media\" style=\"background: #FFF; border: 0; border-radius: 3px; box-shadow: 0 0 1px 0 rgba(0,0,0,0.5),0 1px 10px 0 rgba(0,0,0,0.15); margin: 1px; max-width: 540px; min-width: 326px; padding: 0; width: calc(100% - 2px);\" data-instgrm-captioned=\"\" data-instgrm-permalink=\"https:\/\/www.instagram.com\/p\/DNiZn4QRLwM\/?utm_source=ig_embed&amp;utm_campaign=loading\" data-instgrm-version=\"14\">\n<\/blockquote>\n<p>Estos \u00faltimos d\u00edas, Sheila nos ha compartido unas espectaculares im\u00e1genes en las que adem\u00e1s de presumir de cuerpazo, tambi\u00e9n<strong> nos ha mostrado algunos de los paisajes m\u00e1s espectaculares del lugar.<\/strong> \u00abUn paseo de 20 fotos por el para\u00edso, El Salvador. Que naturaleza, paz, paisajes de ensue\u00f1o, gente amable, comida rica, buen clima. He descubierto un lugar donde me quedar\u00eda por mucho tiempo\u00bb, escrib\u00eda en su Instagram.<\/p>\n<p>\n<img decoding=\"async\" loading=\"lazy\" class=\"wp-image-2356418 size-full\" alt=\"Ana Mena, Melyssa Pinto y Mario Casas\" width=\"1800\" height=\"1013\"  src=\"https:\/\/www.europesays.com\/es\/wp-content\/uploads\/2025\/08\/1754781369_613_placeholder.jpg\"  bad-src=\"https:\/\/www.europesays.com\/es\/wp-content\/uploads\/2025\/08\/1754781369_613_placeholder.jpg\"\/><\/p>\n<p><img decoding=\"async\" loading=\"lazy\" class=\"wp-image-2356418 size-full\" src=\"https:\/\/www.europesays.com\/es\/wp-content\/uploads\/2025\/08\/diseno-sin-titulo-18.jpg\" alt=\"Ana Mena, Melyssa Pinto y Mario Casas\" width=\"1800\" height=\"1013\"  \/><\/p>\n<p> Captura de las stories que han subido Ana Mena, Melyssa Pinto y Mario Casas a su Instagram. (Foto: Redes sociales)\n<\/p>\n<p>Sheila Casas habla sobre las novias de sus hermanos<\/p>\n<p>Ya de vuelta, Sheila tampoco ha dudado a la hora de pronunciarse obre las respectivas parejas de sus hermanos, \u2013Mario y \u00d3scar\u2013, con las que supuestamente hab\u00eda coincidido en El Salvador. Sin embargo, la abogada asegura que se ha dado pie a una gran confusi\u00f3n. Y es que, por lo visto, ella <a href=\"https:\/\/okdiario.com\/look\/actualidad\/melyssa-pinto-ana-mena-dos-mas-viaje-familiar-casas-salvador-2356352\" rel=\"nofollow noopener\" target=\"_blank\">todav\u00eda no conoce a Melyssa Pinto y Ana Mena<\/a>. Declaraciones que han sorprendido bastante, ya que <strong>todos daban por hecho que la influencer y la cantante hab\u00edan pasado esos d\u00edas en compa\u00f1\u00eda de toda la familia Casas<\/strong>.<\/p>\n<p>\u00abNo hemos coincidido, ha habido una confusi\u00f3n\u00bb, respond\u00eda con una sonrisa a los reporteros.<strong> \u00abNo tengo el gusto, no las he conocido\u00bb<\/strong>. Y cuando le preguntaban por una posible confirmaci\u00f3n del romance por parte de Mario y Melyssa, ella ha procurado mantenerse al margen. <strong>\u00abNo puedo hablar de cosas que no me conciernen\u00bb<\/strong>, ha zanjado. Eso s\u00ed, ha dejado muy claro de que en el caso de que la pareja haya decidido dar un paso adelante y oficializarlo, se alegra mucho por ellos.<\/p>\n<p>\n<img decoding=\"async\" loading=\"lazy\" class=\"wp-image-2361920 size-full\" alt=\"sheila casas\" width=\"2744\" height=\"1506\"  src=\"https:\/\/www.europesays.com\/es\/wp-content\/uploads\/2025\/08\/1754781369_613_placeholder.jpg\"  bad-src=\"https:\/\/www.europesays.com\/es\/wp-content\/uploads\/2025\/08\/1754781369_613_placeholder.jpg\"\/><\/p>\n<p><img decoding=\"async\" loading=\"lazy\" class=\"wp-image-2361920 size-full\" src=\"https:\/\/www.europesays.com\/es\/wp-content\/uploads\/2025\/08\/captura-de-pantalla-2025-08-21-a-las-20.23.43.png\" alt=\"sheila casas\" width=\"2744\" height=\"1506\"  \/><\/p>\n<p> Sheila Casas en el aeropuerto. (Foto: Gtres)\n<\/p>\n<p>\u00abQue todo el mundo sea feliz, y m\u00e1s despu\u00e9s de este viaje. <strong>\u00bfC\u00f3mo no iba a estar feliz?<\/strong>\u00bb, ha insinuado respecto a su propio estado an\u00edmico. Lo cierto es que la abogada se ha dejado ver much\u00edsimo m\u00e1s animada, sobre todo ahora que ya <a href=\"https:\/\/okdiario.com\/look\/actualidad\/casanova-espanol-amores-alvaro-escassi-vicky-martin-berrocal-sheila-2356357\" rel=\"nofollow noopener\" target=\"_blank\">ha dejado atr\u00e1s todo el hurac\u00e1n relacionado con \u00c1lvaro Mu\u00f1oz Escassi<\/a>. La medi\u00e1tica ruptura colocaba a Sheila en el punto de mira, sobre todo debido a las graves acusaciones que lanzaban en contra del jinete.<\/p>\n<p>Sin embargo, ella ha procurado mantenerse cauta en todo momento y guardar silencio. \u00abNo puedo decir nada, lo siento\u00bb, ha dicho cuando le han sacado el tema.<\/p>\n<p>\t\t\t\t\t\t\t<script async src=\"\/\/www.instagram.com\/embed.js\"><\/script><\/p>\n","protected":false},"excerpt":{"rendered":"Sheila Casas ha disfrutado de un viaje de ensue\u00f1o en El Salvador junto a sus hermanos: Mario, \u00d3scar,&hellip;\n","protected":false},"author":2,"featured_media":63977,"comment_status":"","ping_status":"","sticky":false,"template":"","format":"standard","meta":{"footnotes":""},"categories":[174],"tags":[255,146,147,25,24,256,4823,23],"class_list":{"0":"post-63976","1":"post","2":"type-post","3":"status-publish","4":"format-standard","5":"has-post-thumbnail","7":"category-famosos","8":"tag-celebrities","9":"tag-entertainment","10":"tag-entretenimiento","11":"tag-es","12":"tag-espana","13":"tag-famosos","14":"tag-sheila-casas","15":"tag-spain"},"share_on_mastodon":{"url":"","error":""},"_links":{"self":[{"href":"https:\/\/www.europesays.com\/es\/wp-json\/wp\/v2\/posts\/63976","targetHints":{"allow":["GET"]}}],"collection":[{"href":"https:\/\/www.europesays.com\/es\/wp-json\/wp\/v2\/posts"}],"about":[{"href":"https:\/\/www.europesays.com\/es\/wp-json\/wp\/v2\/types\/post"}],"author":[{"embeddable":true,"href":"https:\/\/www.europesays.com\/es\/wp-json\/wp\/v2\/users\/2"}],"replies":[{"embeddable":true,"href":"https:\/\/www.europesays.com\/es\/wp-json\/wp\/v2\/comments?post=63976"}],"version-history":[{"count":0,"href":"https:\/\/www.europesays.com\/es\/wp-json\/wp\/v2\/posts\/63976\/revisions"}],"wp:featuredmedia":[{"embeddable":true,"href":"https:\/\/www.europesays.com\/es\/wp-json\/wp\/v2\/media\/63977"}],"wp:attachment":[{"href":"https:\/\/www.europesays.com\/es\/wp-json\/wp\/v2\/media?parent=63976"}],"wp:term":[{"taxonomy":"category","embeddable":true,"href":"https:\/\/www.europesays.com\/es\/wp-json\/wp\/v2\/categories?post=63976"},{"taxonomy":"post_tag","embeddable":true,"href":"https:\/\/www.europesays.com\/es\/wp-json\/wp\/v2\/tags?post=63976"}],"curies":[{"name":"wp","href":"https:\/\/api.w.org\/{rel}","templated":true}]}}