{"id":639766,"date":"2026-07-03T20:28:16","date_gmt":"2026-07-03T20:28:16","guid":{"rendered":"https:\/\/www.europesays.com\/es\/639766\/"},"modified":"2026-07-03T20:28:16","modified_gmt":"2026-07-03T20:28:16","slug":"la-lenta-recuperacion-de-cadaveres-de-los-terremotos-exaspera-a-los-venezolanos","status":"publish","type":"post","link":"https:\/\/www.europesays.com\/es\/639766\/","title":{"rendered":"La lenta recuperaci\u00f3n de cad\u00e1veres de los terremotos exaspera a los venezolanos"},"content":{"rendered":"<p>    <img src=\"https:\/\/www.europesays.com\/es\/wp-content\/uploads\/2026\/07\/2026-07-03T173A543A31Z-91696582.jpg\" width=\"1024\" height=\"682\" alt=\"\" loading=\"eager\" decoding=\"sync\" fetchpriority=\"high\"\/><\/p>\n<p>            afp_tickers        <\/p>\n<p>        Este contenido fue publicado en    <\/p>\n<p>        03 julio 2026 &#8211; 19:54\n<\/p>\n<p>Sin esperanzas de encontrar a sus familiares con vida, los deudos del doble sismo de Venezuela exigieron este viernes m\u00e1s rapidez para recuperar los cuerpos, a medida que aumenta la incertidumbre sobre el n\u00famero de v\u00edctimas de la tragedia.<\/p>\n<p>Las autoridades reportaron hasta el jueves m\u00e1s de 2.500 muertos por los terremotos de magnitud 7,2 y 7,5 que sacudieron el pa\u00eds la semana pasada, la mayor\u00eda en el balneario de La Guaira, vecino a la tambi\u00e9n golpeada Caracas.<\/p>\n<p>Cumplidos nueve d\u00edas del sacud\u00f3n, las brigadas de rescate comienzan a cerrar operaciones de b\u00fasqueda de sobrevivientes, aunque muchos se aferran a un ruido como se\u00f1al de vida entre los escombros.<\/p>\n<p>Frente a un edificio en el sector Caraballeda, en La Guaira, un rescatista asegur\u00f3 haber escuchado en la madrugada gritos de \u2018\u00a1eh eh!\u2019 de una persona adulta. Tambi\u00e9n se habl\u00f3 de un ni\u00f1o de 9 a\u00f1os, pero socorristas extranjeros dijeron a la AFP que no hay rastros de sobrevivientes.<\/p>\n<p>Las personas que intentan recuperar los cuerpos de sus familiares terminaron a los gritos con quienes creen que a\u00fan hay vida dentro.<\/p>\n<p>\u00abHasta que yo no recupere los cuerpos, yo no voy a estar tranquilo\u00bb, asegur\u00f3 Jos\u00e9 Francisco Liendo, de 50 a\u00f1os, que tiene a su padre y a su hermana sepultados bajo las ruinas del edificio en Caraballeda.<\/p>\n<p>\u00abQue no vengan las m\u00e1quinas y se los lleven como basura. Ese es el objetivo\u00bb.<\/p>\n<p>\u2013 \u00abPerturbar y generar caos\u00bb \u2013<\/p>\n<p>El gobierno evita hablar de desaparecidos, estimados en 50.000 por Naciones Unidas. Los damnificados se calculan en millones. Muchos est\u00e1n en la calle o en precarios refugios instalados en parques sin un futuro claro en el horizonte.<\/p>\n<p>La presidenta Delcy Rodr\u00edguez se aferra a la posibilidad de hallar sobrevivientes, pero el escenario es remoto. La ventana en este tipo de eventos cierra a las 72 horas.<\/p>\n<p>Rodr\u00edguez asumi\u00f3 el poder de forma interina despu\u00e9s de la captura de Nicol\u00e1s Maduro en una operaci\u00f3n de Estados Unidos.\u00a0<\/p>\n<p>La reacci\u00f3n del gobierno ante la tragedia ha sido blanco de duras cr\u00edticas por parte de muchos en La Guaira, que denunciaron la ausencia de rescatistas hasta la llegada de las brigadas internacionales. Fueron los vecinos, familiares y voluntarios quienes removieron escombros y buscaron gente, aseguran.<\/p>\n<p>La AFP constat\u00f3 hace unos d\u00edas c\u00f3mo un voluntario exig\u00eda a militares soltar los fusiles y ayudar en la remoci\u00f3n de escombros.<\/p>\n<p>Rodr\u00edguez defendi\u00f3 la respuesta oficial. \u00abEl que quiera auditar, la realidad est\u00e1 a la disposici\u00f3n\u00bb, dijo en su primera rueda de prensa como gobernante.\u00a0<\/p>\n<p>\u00abLa primera decisi\u00f3n ese d\u00eda fue: se militariza el estado La Guaira porque no pod\u00edamos permitir que laboratorios medi\u00e1ticos y matrices medi\u00e1ticas creadas para perturbar y generar caos imposibilitaran las labores de b\u00fasqueda y rescate\u00bb, a\u00f1adi\u00f3. \u00ab\u00a1Es miserable! \u00a1Desalmado!\u00bb.<\/p>\n<p>La presidenta encargada cuenta con el apoyo del gobierno de Donald Trump. Estados Unidos coordina incluso los esfuerzos internacionales en Venezuela.\u00a0<\/p>\n<p>Y ha marcado distancia de la l\u00edder opositora exiliada Mar\u00eda Corina Machado, que quiere regresar al pa\u00eds a\u00fan desafiando a Trump.<\/p>\n<p>\u00abSe ha evidenciado la ausencia total del Estado, el pa\u00eds necesita referentes en quienes confiar\u00bb, dijo a corresponsales en Venezuela v\u00eda Zoom.<\/p>\n<p>\u2013 \u00abMuerta en vida\u00bb \u2013<\/p>\n<p>Rodr\u00edguez descart\u00f3 que los muertos terminar\u00e1n en fosas comunes y orden\u00f3 su debida identificaci\u00f3n. Una morgue improvisada opera al aire libre en el puerto de La Guaira, donde hay largas filas para recibir el cuerpo de seres queridos y el acta de defunci\u00f3n.<\/p>\n<p>Pero la gente denuncia falta de apoyo en la recuperaci\u00f3n de cad\u00e1veres.<\/p>\n<p>\u00abAuxilio, aqu\u00ed est\u00e1 mi madre muerta\u00bb, escribi\u00f3 Mirosnel Gord\u00f3n con pintura negra en la fachada verde de una casa.<\/p>\n<p>La familia puso cal sobre el cuerpo para \u00abamortiguar\u00bb los efectos de la descomposici\u00f3n por el paso de los d\u00edas y el calor.\u00a0\u00abNecesitamos equipos y maquinaria\u00bb para extraerla, dijo.<\/p>\n<p>En el edificio donde Jos\u00e9 Francisco Liendo permanece inm\u00f3vil, llegaron militares. Tambi\u00e9n una brigada espa\u00f1ola con una gr\u00faa pluma para comenzar a levantar escombros.<\/p>\n<p>Aloa Gonz\u00e1lez tambi\u00e9n espera por el cuerpo de su hermana, enterrada bajo bloques y concreto. \u00abYo vengo de enterrar a mi pap\u00e1 y a mi mam\u00e1, y vine aqu\u00ed a rescatar a mi hermana\u00bb, expres\u00f3 compungida.<\/p>\n<p>\u00ab\u00bfC\u00f3mo me siento? Muerta en vida\u00bb, sentenci\u00f3. \u00abLas personas m\u00e1s importantes de mi vida -que fueron mi madre y mi padre- est\u00e1n muertos y no lo puedo creer. No quiero parar porque no quiero asumir la realidad de lo que est\u00e1 pasando\u00bb.<\/p>\n<p>bur-jt\/nn\/mar<\/p>\n","protected":false},"excerpt":{"rendered":"afp_tickers Este contenido fue publicado en 03 julio 2026 &#8211; 19:54 Sin esperanzas de encontrar a sus familiares&hellip;\n","protected":false},"author":2,"featured_media":639767,"comment_status":"","ping_status":"","sticky":false,"template":"","format":"standard","meta":{"footnotes":""},"categories":[42],"tags":[17,18,83,637,638,10123,13,14,8861,11,61,62,63,86,64,19,20,10124,9,10,15,16,88,32264,90,12,21,22,65,66,67],"class_list":["post-639766","post","type-post","status-publish","format-standard","has-post-thumbnail","category-internacional","tag-breaking-news","tag-breakingnews","tag-diplomacy","tag-disaster","tag-disaster-general","tag-earthquake","tag-featured-news","tag-featurednews","tag-foreign-aid","tag-headlines","tag-internacional","tag-international","tag-international-news","tag-international-relations","tag-internationalnews","tag-latest-news","tag-latestnews","tag-natural-disasters","tag-news","tag-noticias","tag-noticias-destacadas","tag-noticiasdestacadas","tag-politics","tag-relief-and-aid-organisation","tag-ticker","tag-titulares","tag-ultimas-noticias","tag-ultimasnoticias","tag-world","tag-world-news","tag-worldnews"],"share_on_mastodon":{"url":"","error":"Validation failed: Text character limit of 500 exceeded"},"_links":{"self":[{"href":"https:\/\/www.europesays.com\/es\/wp-json\/wp\/v2\/posts\/639766","targetHints":{"allow":["GET"]}}],"collection":[{"href":"https:\/\/www.europesays.com\/es\/wp-json\/wp\/v2\/posts"}],"about":[{"href":"https:\/\/www.europesays.com\/es\/wp-json\/wp\/v2\/types\/post"}],"author":[{"embeddable":true,"href":"https:\/\/www.europesays.com\/es\/wp-json\/wp\/v2\/users\/2"}],"replies":[{"embeddable":true,"href":"https:\/\/www.europesays.com\/es\/wp-json\/wp\/v2\/comments?post=639766"}],"version-history":[{"count":0,"href":"https:\/\/www.europesays.com\/es\/wp-json\/wp\/v2\/posts\/639766\/revisions"}],"wp:featuredmedia":[{"embeddable":true,"href":"https:\/\/www.europesays.com\/es\/wp-json\/wp\/v2\/media\/639767"}],"wp:attachment":[{"href":"https:\/\/www.europesays.com\/es\/wp-json\/wp\/v2\/media?parent=639766"}],"wp:term":[{"taxonomy":"category","embeddable":true,"href":"https:\/\/www.europesays.com\/es\/wp-json\/wp\/v2\/categories?post=639766"},{"taxonomy":"post_tag","embeddable":true,"href":"https:\/\/www.europesays.com\/es\/wp-json\/wp\/v2\/tags?post=639766"}],"curies":[{"name":"wp","href":"https:\/\/api.w.org\/{rel}","templated":true}]}}