{"id":63978,"date":"2025-08-22T05:31:12","date_gmt":"2025-08-22T05:31:12","guid":{"rendered":"https:\/\/www.europesays.com\/es\/63978\/"},"modified":"2025-08-22T05:31:12","modified_gmt":"2025-08-22T05:31:12","slug":"de-su-exito-como-presentadora-a-concursante-de-top-chef-vip","status":"publish","type":"post","link":"https:\/\/www.europesays.com\/es\/63978\/","title":{"rendered":"de su \u00e9xito como presentadora a concursante de &#8216;Top Chef VIP&#8217;"},"content":{"rendered":"<p data-journey-content=\"true\" data-node-id=\"2\" class=\"css-i9p093 emevuu60\"><strong data-node-id=\"2.0\">Cristina Porta vuelve a triunfar en televisi\u00f3n&#8230; aunque a miles de kil\u00f3metros de Espa\u00f1a.<\/strong> La periodista, que comenz\u00f3 sus primeros pasos profesionales en el periodismo deportivo, se ha hecho un hueco en Telemundo y actualmente <strong data-node-id=\"2.2\">es una de la concursantes de la cuarta edici\u00f3n del talent culinario &#8216;Top Chef VIP&#8217;, que Telemundo emite en Miami<\/strong>. Tras finalizar <a href=\"https:\/\/www.diezminutos.es\/teleprograma\/programas-tv\/a38837673\/cristina-porta-enfado-veto-secret-story\/\" target=\"_blank\" data-vars-ga-outbound-link=\"https:\/\/www.diezminutos.es\/teleprograma\/programas-tv\/a38837673\/cristina-porta-enfado-veto-secret-story\/\" data-vars-ga-ux-element=\"Hyperlink\" data-vars-ga-call-to-action=\"su participaci\u00f3n en el reality &#039;Secret Story 2\" data-node-id=\"2.4\" class=\"body-link css-177bzfx emevuu60\" rel=\"nofollow noopener\">su participaci\u00f3n en el reality &#8216;Secret Story 2<\/a>: la casa de los secretos&#8217;, en 2022, en el que Cristina fue una de las concursantes m\u00e1s destacadas por protagonizar varias pol\u00e9micas y relaciones, <a href=\"https:\/\/www.diezminutos.es\/teleprograma\/programas-tv\/a65042125\/luca-onestini-vida-secret-story-cristina-porta\/\" target=\"_blank\" data-vars-ga-outbound-link=\"https:\/\/www.diezminutos.es\/teleprograma\/programas-tv\/a65042125\/luca-onestini-vida-secret-story-cristina-porta\/\" data-vars-ga-ux-element=\"Hyperlink\" data-vars-ga-call-to-action=\"especialmente con Luca Onestini\" data-node-id=\"2.6\" class=\"body-link css-177bzfx emevuu60\" rel=\"nofollow noopener\">especialmente con Luca Onestini<\/a>. <\/p>\n<p data-journey-content=\"true\" data-node-id=\"3\" class=\"css-i9p093 emevuu60\">Lo de Cristina Porta y Luca Onestini no acab\u00f3 bien y, tras protagonizar otros momentos pol\u00e9micos como <a href=\"https:\/\/www.diezminutos.es\/famosos-corazon\/famosos-espanoles\/a42742002\/marta-riesco-aclara-motivo-pelea-cristina-porta\/\" target=\"_blank\" data-vars-ga-outbound-link=\"https:\/\/www.diezminutos.es\/famosos-corazon\/famosos-espanoles\/a42742002\/marta-riesco-aclara-motivo-pelea-cristina-porta\/\" data-vars-ga-ux-element=\"Hyperlink\" data-vars-ga-call-to-action=\"su enfrentamiento con Marta Riesco\" data-node-id=\"3.1\" class=\"body-link css-177bzfx emevuu60\" rel=\"nofollow noopener\">su enfrentamiento con Marta Riesco<\/a> en &#8216;S\u00e1lvame&#8217;,<strong data-node-id=\"3.3\"> la periodista decidi\u00f3 dar un cambio a su vida<\/strong>, aceptando participar en el reality show de Telemundo, &#8216;La Casa de los Famosos&#8217;. Lo que no sab\u00eda es que esa decisi\u00f3n cambiar\u00eda su vida profesional para siempre, y para bien.  <\/p>\n<p><img draggable=\"true\" alt=\"luca onestini y cristina porta\" title=\"Luca Onestini y Cristina Porta\" loading=\"lazy\" width=\"4000\" height=\"2666\" decoding=\"async\" data-nimg=\"1\" style=\"color:transparent;width:100%;height:auto;\"   src=\"https:\/\/www.europesays.com\/es\/wp-content\/uploads\/2025\/08\/final-secret-story-21-1640345932.jpg\" class=\"css-0 e1g79fud0\"\/>Mediaset<\/p>\n<p>Cristina Porta y Luca Onestini en \u2019Secret Story\u2019 en 2022.<\/p>\n<p><img draggable=\"true\" alt=\"marta riesco y cristina porta\" title=\"Marta Riesco y Cristina Porta\" loading=\"lazy\" width=\"1440\" height=\"900\" decoding=\"async\" data-nimg=\"1\" style=\"color:transparent;width:100%;height:auto;\"   src=\"https:\/\/www.europesays.com\/es\/wp-content\/uploads\/2025\/08\/cris-porta-y-marta-riesco-1675293330.png\" class=\"css-0 e1g79fud0\"\/><\/p>\n<p>Instagram<\/p>\n<p data-journey-content=\"true\" data-node-id=\"6\" class=\"css-i9p093 emevuu60\">Fue en mayo de 2024, <a href=\"https:\/\/www.diezminutos.es\/famosos-corazon\/famosos-espanoles\/a46503701\/cristina-porta-entrevista-la-casa-de-los-famosos-mexico\/\" target=\"_blank\" data-vars-ga-outbound-link=\"https:\/\/www.diezminutos.es\/famosos-corazon\/famosos-espanoles\/a46503701\/cristina-porta-entrevista-la-casa-de-los-famosos-mexico\/\" data-vars-ga-ux-element=\"Hyperlink\" data-vars-ga-call-to-action=\" tras pasar por &#039;La casa de los Famosos&#039;\" data-node-id=\"6.1\" class=\"body-link css-177bzfx emevuu60\" rel=\"nofollow noopener\"> tras pasar por &#8216;La casa de los Famosos&#8217;<\/a>, cuando <strong data-node-id=\"6.3\">la catalana anunci\u00f3 a sus seguidores en redes sociales que ser\u00eda la copresentadora de &#8216;La mesa caliente&#8217;<\/strong>, un programa diario de actualidad que emite la cadena americana Telemundo. \u00abOs dije que quer\u00eda daros una noticia. Ha llegado el momento. Ma\u00f1ana cojo una avi\u00f3n a Miami. Ya sab\u00e9is que para m\u00ed es un sue\u00f1o, y m\u00e1s para lo que voy a hacer. Voy a estar de copresentadora invitada en &#8216;La mesa caliente&#8217; de martes a viernes. Much\u00edsimas gracias por la oportunidad, Telemundo. Hay que cosechar. De verdad, estoy muy emocionada\u00bb, coment\u00f3 la periodista emocionada.<\/p>\n<p data-journey-content=\"true\" data-node-id=\"9\" class=\"css-i9p093 emevuu60\">Su trabajo ha sido respaldado por la audiencia convirti\u00e9ndose en uno de los rostros m\u00e1s queridos del grupo audiovisual. Pero <strong data-node-id=\"9.1\">lejos de conformarse o estancarse en este programa, Cristina Porta ha puesto a prueba sus dotes como cocinera<\/strong> al fichar por la cuarta temporada del talent-culinario &#8216;Top Chef VIP&#8217;, similar a <a href=\"https:\/\/www.diezminutos.es\/masterchef\/\" target=\"_blank\" data-vars-ga-outbound-link=\"https:\/\/www.diezminutos.es\/masterchef\/\" data-vars-ga-ux-element=\"Hyperlink\" data-vars-ga-call-to-action=\"&#039;MasterChef Celebrity&#039;\" data-node-id=\"9.3\" class=\"body-link css-177bzfx emevuu60\" rel=\"nofollow noopener\">&#8216;MasterChef Celebrity&#8217;<\/a> en Espa\u00f1a.<br data-node-id=\"9.5\"\/><\/p>\n<p>Cristina Porta se gana el papel de \u00abvillana\u00bb en &#8216;Top Chef VIP&#8217;<\/p>\n<p data-journey-content=\"true\" data-node-id=\"12\" class=\"body-text css-i9p093 emevuu60\">El concurso de cocina se estren\u00f3 el 22 de julio de 2025 y <strong data-node-id=\"12.1\">la periodista ya se ha convertido en una de las concursantes m\u00e1s destacadas de su edici\u00f3n y no s\u00f3lo por las pol\u00e9micas<\/strong>. Cristina ha demostrado sus dotes en la cocina, ganando inmunidad que le permite continuar en el reality. Tambi\u00e9n ha tenido varios roces con algunos de sus compa\u00f1eros, que la acusan de  gritar sin motivo. Ella se defiende, alegando que <strong data-node-id=\"12.3\">sus compa\u00f1eros, entre los que se encuentran <a href=\"https:\/\/www.diezminutos.es\/telenovela\/a1821068\/angelica-celaya-jenni-rivera-transformacion\/\" target=\"_blank\" data-vars-ga-outbound-link=\"https:\/\/www.diezminutos.es\/telenovela\/a1821068\/angelica-celaya-jenni-rivera-transformacion\/\" data-vars-ga-ux-element=\"Hyperlink\" data-vars-ga-call-to-action=\"actrices como Ang\u00e9lica Celaya\" data-node-id=\"12.3.1\" class=\"body-link css-177bzfx emevuu60\" rel=\"nofollow noopener\">actrices como Ang\u00e9lica Celaya<\/a> y cantantes como Elvis Crespo<\/strong>, \u00abse asustan por todo\u00bb. Precisamente no es con ellos con los que Cristina se lleva peor. En sus redes, la periodista comparti\u00f3 un v\u00eddeo del programa en el que cocina junto al autor de la canci\u00f3n &#8216;Suavemente&#8217;. <strong data-node-id=\"12.5\">\u00abMam\u00e1, he conocido con Elvis Crespo\u00bb, escribe junto a las im\u00e1genes<\/strong>.<\/p>\n<p data-journey-content=\"true\" data-node-id=\"14\" class=\"css-i9p093 emevuu60\">Cristina Porta se ha ganado el papel de \u00abvillana\u00bb de esta edici\u00f3n, tras <strong data-node-id=\"14.1\">sus enfrentamientos con sus compa\u00f1eros, sobre todo con CurvyZelma,<\/strong> que termin\u00f3 llorando por la actitud de Cristina Porta, y con Sergio Sendel, con el que se molest\u00f3 porque el actor mexicano -ya eliminado- a Cristina por otras de las concursantes, Nicole Curiel, en un reto de inmunidad.<\/p>\n<p data-journey-content=\"true\" data-node-id=\"15\" class=\"css-i9p093 emevuu60\">Lo cierto es que Cristina est\u00e1 conquistado a la audiencia del talent-culinario y hay muchos espectadores que ya la consideran su favorita. <strong data-node-id=\"15.1\">\u00abSoy TAN feliz en esta cocina. Nunca lo imagin\u00e9. Gracias por el apoyo\u00bb, ha escrito<\/strong> en sus redes sociales.<\/p>\n<p><img src=\"https:\/\/www.europesays.com\/es\/wp-content\/uploads\/2025\/08\/1755840672_488_edf7d479-6cd4-48bc-8600-bcfd6ef75c9d_1734435678.jpg\" alt=\"Headshot of Magdalena Pi\u00f1ero\" title=\"Headshot of Magdalena Pi\u00f1ero\" width=\"100%\" height=\"100%\" decoding=\"async\" loading=\"lazy\" class=\"css-o0wq4v ev8dhu53\"\/><\/p>\n<p>Magdalena Pi\u00f1ero es periodista experta en coraz\u00f3n, celebridades y sociedad. Licenciada en Periodismo por la Universidad de Sevilla, se mud\u00f3 a Madrid para cursar el M\u00e1ster de Periodismo de la Agencia EFE. Hizo pr\u00e1cticas en la secci\u00f3n de Tribunales y en la de Sociedad y Televisi\u00f3n. En ambas disfrut\u00f3 mucho, pero fue en la segunda en la que descubri\u00f3 que cubrir el estreno de la serie de televisi\u00f3n del momento y entrevistar a sus protagonistas le apasionaba mucho m\u00e1s de lo que jam\u00e1s hubiera imaginado. Sonr\u00ede al recordar sus primeras ruedas de prensa, entre ellas &#8216;El programa de Ana Rosa&#8217;.<br \/>\nLleva m\u00e1s de una d\u00e9cada trabajando en la web de Diezminutos.es, pero es una nost\u00e1lgica y recuerda con cari\u00f1o su etapa en el formato de papel de la revista, en la que estuvo colaborando. Un tiempo en el que ha visto y trabajado en las noticias m\u00e1s destacadas del panorama nacional como la boda de Pilar Rubio y Sergio Ramos; el divorcio de Paula Echavarr\u00eda y David Bustamante; y acontecimientos hist\u00f3ricos como la coronaci\u00f3n de Felipe VI como rey de Espa\u00f1a.<br \/>\nAdem\u00e1s del coraz\u00f3n, le encanta la moda y la belleza. De ah\u00ed que ponga el mismo entusiasmo escribiendo sobre los looks de la Reina Letizia que sobre la crema favorita de Isasaweis. Tiene ojo cl\u00ednico para detectar si dos famosas han llevado el mismo vestido y hacer un tema sobre cu\u00e1l de ellas lo lleva mejor.<br \/>\nEn sus ratos libres, adem\u00e1s de seguir form\u00e1ndose en las \u00faltimas novedades digitales para aplicarlas en su trabajo, le encanta ver realities como &#8216;Supervivientes&#8217; y &#8216;Soy Georgina&#8217; (comparte con Georgina Rodr\u00edguez su amor por los ib\u00e9ricos), programas de coraz\u00f3n y todo lo que se emita en la parrilla televisiva de lo que pueda sacar un buen salseo. \u00bfLa excusa que pone siempre para verlos sin que la molesten? : \u00abLo hago por trabajo\u00bb.<\/p>\n","protected":false},"excerpt":{"rendered":"Cristina Porta vuelve a triunfar en televisi\u00f3n&#8230; aunque a miles de kil\u00f3metros de Espa\u00f1a. La periodista, que comenz\u00f3&hellip;\n","protected":false},"author":2,"featured_media":63979,"comment_status":"","ping_status":"","sticky":false,"template":"","format":"standard","meta":{"footnotes":""},"categories":[171],"tags":[253,146,147,25,24,23,214],"class_list":{"0":"post-63978","1":"post","2":"type-post","3":"status-publish","4":"format-standard","5":"has-post-thumbnail","7":"category-tv","8":"tag-discover","9":"tag-entertainment","10":"tag-entretenimiento","11":"tag-es","12":"tag-espana","13":"tag-spain","14":"tag-tv"},"share_on_mastodon":{"url":"","error":""},"_links":{"self":[{"href":"https:\/\/www.europesays.com\/es\/wp-json\/wp\/v2\/posts\/63978","targetHints":{"allow":["GET"]}}],"collection":[{"href":"https:\/\/www.europesays.com\/es\/wp-json\/wp\/v2\/posts"}],"about":[{"href":"https:\/\/www.europesays.com\/es\/wp-json\/wp\/v2\/types\/post"}],"author":[{"embeddable":true,"href":"https:\/\/www.europesays.com\/es\/wp-json\/wp\/v2\/users\/2"}],"replies":[{"embeddable":true,"href":"https:\/\/www.europesays.com\/es\/wp-json\/wp\/v2\/comments?post=63978"}],"version-history":[{"count":0,"href":"https:\/\/www.europesays.com\/es\/wp-json\/wp\/v2\/posts\/63978\/revisions"}],"wp:featuredmedia":[{"embeddable":true,"href":"https:\/\/www.europesays.com\/es\/wp-json\/wp\/v2\/media\/63979"}],"wp:attachment":[{"href":"https:\/\/www.europesays.com\/es\/wp-json\/wp\/v2\/media?parent=63978"}],"wp:term":[{"taxonomy":"category","embeddable":true,"href":"https:\/\/www.europesays.com\/es\/wp-json\/wp\/v2\/categories?post=63978"},{"taxonomy":"post_tag","embeddable":true,"href":"https:\/\/www.europesays.com\/es\/wp-json\/wp\/v2\/tags?post=63978"}],"curies":[{"name":"wp","href":"https:\/\/api.w.org\/{rel}","templated":true}]}}