{"id":63980,"date":"2025-08-22T05:32:08","date_gmt":"2025-08-22T05:32:08","guid":{"rendered":"https:\/\/www.europesays.com\/es\/63980\/"},"modified":"2025-08-22T05:32:08","modified_gmt":"2025-08-22T05:32:08","slug":"vuelve-bts-al-cine-con-sus-conciertos-mas-iconicos-reforma","status":"publish","type":"post","link":"https:\/\/www.europesays.com\/es\/63980\/","title":{"rendered":"Vuelve BTS al cine con sus conciertos m\u00e1s ic\u00f3nicos &#8211; Reforma"},"content":{"rendered":"<ol>\n<li><a href=\"https:\/\/news.google.com\/rss\/articles\/CBMijAFBVV95cUxQaURzYmVaa2R6SVdWWlJITWgxUHJrOExPTmdhQ1EwdWpHSlhKblhHdmhaLWVNNmJnLVpNaE9KM1lLT3ZDR0pzVDZRZW10VXhxNXRJTnJERW5hTUt5N0hUYzlad1E1UDdPVTVUbWVNTTRhbFY3RzNQdVVYd2ExdFExTzhVdFByLW9qNXlIcw?oc=5\" target=\"_blank\" rel=\"nofollow noopener\">Vuelve BTS al cine con sus conciertos m\u00e1s ic\u00f3nicos<\/a>&nbsp;&nbsp;Reforma<\/li>\n<li><a href=\"https:\/\/news.google.com\/rss\/articles\/CBMicEFVX3lxTE95SmxHTjI2REtOSkd2dk0yUnE0TnFRc1pNNmx3bkhjRzlMamRpZVNHMm0yWEY3azNkLV9ZR0N4V1lkZ3ZadklZei1LY0RXa3dpcWZXSUtzX2JlMGNoNzRVTkRlOGpQdXhXWklRYk4yejLSAYQBQVVfeXFMTVFhVG9TZG9DcjZVNFgzX1BoZ2lrR210ZTkyNEo2OGRfQk1YS0tmTmxLWHgxenBjalVzYUNYdHpFcXh6c085ZU5FSTNodmFSRHNGZHpVU0F1M0t2OHUtcXZ4MDdxdVFHOUw2dWJaTktrbGlWV3ZSVGdaQ2F0YV9CQ0t2dGNt?oc=5\" target=\"_blank\" rel=\"nofollow noopener\">Los chicos de BTS vuelven al cine<\/a>&nbsp;&nbsp;LOS40<\/li>\n<li><a href=\"https:\/\/news.google.com\/rss\/articles\/CBMiYkFVX3lxTE5naXJtVktYYWliVFg1cnFKQ2REbWdPWWlWSFM4ZWhnRWZsYnhLMF9uRGdGM195bEVVV1RiWG4wdXJnNUl4UzgyXzNUN0tWQm5RdGUxWmZCQ2FTQ1BXc2hXUDZB?oc=5\" target=\"_blank\" rel=\"nofollow noopener\">BTS en pantalla grande: proyectar\u00e1n cuatro conciertos en cines, ya hay fechas confirmadas<\/a>&nbsp;&nbsp;Ciudad de M\u00e9xico Secreta<\/li>\n<li><a href=\"https:\/\/news.google.com\/rss\/articles\/CBMihgFBVV95cUxNVzRvNlVPbGpEd3VWNlR3QkJzdG5OY1lIdFptdFdHVlVNZFRlZGNoZ1NydU9qbzNTN3hBUzlrck80bTlGMHpHMjU0bEExekQ2RGppV3FxdEJ0bEtrblVWdFpSRFRMLU1fTVVUZExxMXNQNFNOUG1JdkdkTHo0UURkRUlFWi1qQQ?oc=5\" target=\"_blank\" rel=\"nofollow noopener\">TinyTAN, b\u00e9isbol y Movie Weeks, la agenda de BTS ya est\u00e1 aqu\u00ed \u00bb PORTADA<\/a>&nbsp;&nbsp;miescaparate.com.mx<\/li>\n<li><a href=\"https:\/\/news.google.com\/rss\/articles\/CBMihAFBVV95cUxORktOM0VCS053RzdVX2hiNUYxNGt2UVp3ZTdqT1VhMm9lS1FVS25QQTQ1SEJxSnQ2VGpNUnpBZUo5V3JBTXlKUXhjNjBncmxqYl9ncTRSdmJGZHJTY0VhbGVEY2pmV001QkZLNHRyRk93TUZiWU44Y2NxN0ZqTVdhMXdJa0g?oc=5\" target=\"_blank\" rel=\"nofollow noopener\">Fans de BTS prep\u00e1rense, un evento sorpresa llegar\u00e1 este septiembre a las salas de cine<\/a>&nbsp;&nbsp;El Comercio<\/li>\n<\/ol>\n","protected":false},"excerpt":{"rendered":"Vuelve BTS al cine con sus conciertos m\u00e1s ic\u00f3nicos&nbsp;&nbsp;Reforma Los chicos de BTS vuelven al cine&nbsp;&nbsp;LOS40 BTS en&hellip;\n","protected":false},"author":2,"featured_media":63981,"comment_status":"","ping_status":"","sticky":false,"template":"","format":"standard","meta":{"footnotes":""},"categories":[170],"tags":[8407,26249,146,147,25,24,260,2502,26251,26252,184,185,26253,26250,26248,26247,23],"class_list":{"0":"post-63980","1":"post","2":"type-post","3":"status-publish","4":"format-standard","5":"has-post-thumbnail","7":"category-musica","8":"tag-bts","9":"tag-bts-movie-weeks","10":"tag-entertainment","11":"tag-entretenimiento","12":"tag-es","13":"tag-espana","14":"tag-gente","15":"tag-k-pop","16":"tag-live-trilogy-episode-iii-the-wings-tour-the-final","17":"tag-love-yourself-speak-yourself-london","18":"tag-music","19":"tag-musica","20":"tag-muster-sowoozoo","21":"tag-on-stage-epilogue","22":"tag-peliculas-de-conciertos","23":"tag-serie-de-peliculas","24":"tag-spain"},"share_on_mastodon":{"url":"","error":""},"_links":{"self":[{"href":"https:\/\/www.europesays.com\/es\/wp-json\/wp\/v2\/posts\/63980","targetHints":{"allow":["GET"]}}],"collection":[{"href":"https:\/\/www.europesays.com\/es\/wp-json\/wp\/v2\/posts"}],"about":[{"href":"https:\/\/www.europesays.com\/es\/wp-json\/wp\/v2\/types\/post"}],"author":[{"embeddable":true,"href":"https:\/\/www.europesays.com\/es\/wp-json\/wp\/v2\/users\/2"}],"replies":[{"embeddable":true,"href":"https:\/\/www.europesays.com\/es\/wp-json\/wp\/v2\/comments?post=63980"}],"version-history":[{"count":0,"href":"https:\/\/www.europesays.com\/es\/wp-json\/wp\/v2\/posts\/63980\/revisions"}],"wp:featuredmedia":[{"embeddable":true,"href":"https:\/\/www.europesays.com\/es\/wp-json\/wp\/v2\/media\/63981"}],"wp:attachment":[{"href":"https:\/\/www.europesays.com\/es\/wp-json\/wp\/v2\/media?parent=63980"}],"wp:term":[{"taxonomy":"category","embeddable":true,"href":"https:\/\/www.europesays.com\/es\/wp-json\/wp\/v2\/categories?post=63980"},{"taxonomy":"post_tag","embeddable":true,"href":"https:\/\/www.europesays.com\/es\/wp-json\/wp\/v2\/tags?post=63980"}],"curies":[{"name":"wp","href":"https:\/\/api.w.org\/{rel}","templated":true}]}}