{"id":63986,"date":"2025-08-22T05:35:15","date_gmt":"2025-08-22T05:35:15","guid":{"rendered":"https:\/\/www.europesays.com\/es\/63986\/"},"modified":"2025-08-22T05:35:15","modified_gmt":"2025-08-22T05:35:15","slug":"europa-advierte-que-medicamentos-para-adelgazar-como-ozempic-y-wegovy-pueden-provocar-ceguera","status":"publish","type":"post","link":"https:\/\/www.europesays.com\/es\/63986\/","title":{"rendered":"Europa advierte que medicamentos para adelgazar como Ozempic y Wegovy pueden provocar ceguera"},"content":{"rendered":"<p>La Agencia Europea de Medicamentos (EMA) confirm\u00f3 recientemente que <a href=\"https:\/\/www.larazon.es\/salud\/europa-confirma-que-medicamentos-adelgazar-como-ozempic-wegovy-pueden-dejarte-ciego_2025082068a5998897dddb0112a38aa0.html\" target=\"_blank\" rel=\"noreferrer noopener nofollow\">los medicamentos para adelgazar que contienen semaglutida, como Ozempic y Wegovy, pueden causar p\u00e9rdida s\u00fabita de visi\u00f3n<\/a>. Esta advertencia surge tras la identificaci\u00f3n de la neuropat\u00eda \u00f3ptica isqu\u00e9mica anterior no arter\u00edtica (NOIANA), una enfermedad que puede dejar ciego a quien la padece, debido a la interrupci\u00f3n del flujo sangu\u00edneo en el nervio \u00f3ptico.<\/p>\n<p>La NOIANA se manifiesta como una p\u00e9rdida r\u00e1pida, indolora y total o parcial de la vista en uno o ambos ojos y es la segunda causa m\u00e1s frecuente de ceguera en adultos, despu\u00e9s del glaucoma. <a href=\"https:\/\/jamanetwork.com\/journals\/jamaophthalmology\/article-abstract\/2820255\" target=\"_blank\" rel=\"noreferrer noopener nofollow\">Estudios recientes publicados en revistas como <strong>JAMA Ophthalmology<\/strong><\/a> han mostrado un posible aumento en el riesgo de esta complicaci\u00f3n entre los usuarios de semaglutida, aunque los investigadores advierten que las pruebas a\u00fan son limitadas y se necesita seguir investigando.<\/p>\n<p><a class=\"embed-article-link embed-article-title\" href=\"https:\/\/www.ismorbo.com\/farmaceuticos-alertan-que-la-demanda-de-medicamentos-para-adelgazar-se-esta-haciendo-insostenible\/\" target=\"_blank\" rel=\"nofollow noopener\">Farmac\u00e9uticos alertan que la demanda de medicamentos para adelgazar se est\u00e1 haciendo \u00abinsostenible\u00bb<\/a><\/p>\n<p>Algunos estudios han ampliado el riesgo a otras enfermedades oculares, como la maculopat\u00eda media aguda paracentral, vinculada tambi\u00e9n a f\u00e1rmacos similares, pero otros an\u00e1lisis con un gran n\u00famero de pacientes no encontraron relaci\u00f3n con retinopat\u00edas diab\u00e9ticas u otros trastornos, manteniendo la se\u00f1al principalmente en la neuropat\u00eda \u00f3ptica. \u201cLos hallazgos confirman una se\u00f1al, pero los resultados deben replicarse. Hay cierta imprecisi\u00f3n en los an\u00e1lisis y no podemos hablar a\u00fan de causalidad definitiva\u201d, afirm\u00f3 el endocrin\u00f3logo <strong>Fernando Gerchman.<\/strong><\/p>\n<p>Por este motivo, la EMA ha pedido actualizar los prospectos de estos medicamentos incluyendo la NOIANA como efecto secundario \u201cmuy raro\u201d, afectando a aproximadamente 1 de cada 10.000 pacientes. En Espa\u00f1a, la Agencia de Medicamentos y Productos Sanitarios (AEMPS) ya inform\u00f3 en junio de este riesgo potencial, aunque la informaci\u00f3n a\u00fan no est\u00e1 reflejada oficialmente en las fichas t\u00e9cnicas de Ozempic o Wegovy.<\/p>\n<p><a class=\"embed-article-link embed-article-title\" href=\"https:\/\/www.ismorbo.com\/microdosis-de-ozempic-la-tendencia-que-se-ha-popularizado-entre-los-usuarios-del-medicamento\/\" target=\"_blank\" rel=\"nofollow noopener\">Microdosis de Ozempic, la tendencia que se ha popularizado entre los usuarios del medicamento<\/a><\/p>\n<p>Para m\u00e9dicos especialistas, la probabilidad real de sufrir esta complicaci\u00f3n es baja, pero insisten en la importancia de que los pacientes est\u00e9n atentos a cualquier p\u00e9rdida r\u00e1pida de visi\u00f3n y acudan a un m\u00e9dico de inmediato. Pese a este efecto secundario, la EMA subray\u00f3 que los beneficios de la semaglutida, tanto para la diabetes como para el control del peso corporal, siguen siendo mayores que los riesgos. No obstante, recomend\u00f3 mantener un monitoreo cl\u00ednico riguroso para detectar a tiempo cualquier efecto adverso y garantizar la seguridad de los pacientes.<\/p>\n<p>Despues de leer, \u00bfqu\u00e9 te pareci\u00f3?<\/p>\n","protected":false},"excerpt":{"rendered":"La Agencia Europea de Medicamentos (EMA) confirm\u00f3 recientemente que los medicamentos para adelgazar que contienen semaglutida, como Ozempic&hellip;\n","protected":false},"author":2,"featured_media":63987,"comment_status":"","ping_status":"","sticky":false,"template":"","format":"standard","meta":{"footnotes":""},"categories":[92],"tags":[25,24,700,165,8799,166,23,8798],"class_list":{"0":"post-63986","1":"post","2":"type-post","3":"status-publish","4":"format-standard","5":"has-post-thumbnail","7":"category-salud","8":"tag-es","9":"tag-espana","10":"tag-europa","11":"tag-health","12":"tag-ozempic","13":"tag-salud","14":"tag-spain","15":"tag-wegovy"},"share_on_mastodon":{"url":"","error":""},"_links":{"self":[{"href":"https:\/\/www.europesays.com\/es\/wp-json\/wp\/v2\/posts\/63986","targetHints":{"allow":["GET"]}}],"collection":[{"href":"https:\/\/www.europesays.com\/es\/wp-json\/wp\/v2\/posts"}],"about":[{"href":"https:\/\/www.europesays.com\/es\/wp-json\/wp\/v2\/types\/post"}],"author":[{"embeddable":true,"href":"https:\/\/www.europesays.com\/es\/wp-json\/wp\/v2\/users\/2"}],"replies":[{"embeddable":true,"href":"https:\/\/www.europesays.com\/es\/wp-json\/wp\/v2\/comments?post=63986"}],"version-history":[{"count":0,"href":"https:\/\/www.europesays.com\/es\/wp-json\/wp\/v2\/posts\/63986\/revisions"}],"wp:featuredmedia":[{"embeddable":true,"href":"https:\/\/www.europesays.com\/es\/wp-json\/wp\/v2\/media\/63987"}],"wp:attachment":[{"href":"https:\/\/www.europesays.com\/es\/wp-json\/wp\/v2\/media?parent=63986"}],"wp:term":[{"taxonomy":"category","embeddable":true,"href":"https:\/\/www.europesays.com\/es\/wp-json\/wp\/v2\/categories?post=63986"},{"taxonomy":"post_tag","embeddable":true,"href":"https:\/\/www.europesays.com\/es\/wp-json\/wp\/v2\/tags?post=63986"}],"curies":[{"name":"wp","href":"https:\/\/api.w.org\/{rel}","templated":true}]}}