{"id":639969,"date":"2026-07-03T23:14:12","date_gmt":"2026-07-03T23:14:12","guid":{"rendered":"https:\/\/www.europesays.com\/es\/639969\/"},"modified":"2026-07-03T23:14:12","modified_gmt":"2026-07-03T23:14:12","slug":"victoria-beckham-presente-en-los-premios-cavia-a-traves-de-uno-de-sus-vestidos-mas-conocidos","status":"publish","type":"post","link":"https:\/\/www.europesays.com\/es\/639969\/","title":{"rendered":"Victoria Beckham, presente en los premios Cavia a trav\u00e9s de uno de sus vestidos m\u00e1s conocidos"},"content":{"rendered":"<p style=\"\"><strong>Victoria Beckham<\/strong> se col\u00f3 en los <a href=\"https:\/\/www.abc.es\/cultura\/felipe-reivindica-buen-periodismo-nutre-democracia-20260702162925-nt.html\" target=\"_blank\" data-voc-vtm-id=\"in-text-traffic\" data-mrf-link=\"www.abc.es\" rel=\"nofollow noopener\">premios Mariano de Cavia<\/a>, Luca de Tena y Mingote que entreg\u00f3 el diario ABC en la tarde del jueves. Fue a trav\u00e9s de una invitada, Elena Cu\u00e9, quien eligi\u00f3 uno de sus vestidos m\u00e1s reconocibles. Se trata  &#8230; de un dise\u00f1o midi con cintura ajustada y fruncido vertical, escote redondo y mangas tipo capa abiertas. La dise\u00f1adora y ex cantante del m\u00edtico grupo Spice Girl ha convertido este vestido en la se\u00f1a de identidad de su <strong>colecci\u00f3n de moda<\/strong>, de forma que cada temporada lo renueva en nuevos colores.<\/p>\n<p class=\"v-d-p\" style=\"\">Este dise\u00f1o no es nuevo, ya que la <a href=\"https:\/\/www.abc.es\/estilo\/moda\/guino-dona-letizia-reino-unido-vestido-fruncido-20230505183359-nt.html\" target=\"_blank\" data-voc-vtm-id=\"in-text-traffic\" data-mrf-link=\"www.abc.es\" rel=\"nofollow noopener\">Reina Letizia ya lo llev\u00f3<\/a> en la cena previa a la coronaci\u00f3n de Carlos III all\u00e1 por 2023. Mientras que ella eligi\u00f3 un llamativo tono verde c\u00e9sped que, curiosamente tambi\u00e9n hab\u00eda lucido la propia <a href=\"https:\/\/www.abc.es\/estilo\/moda\/victoria-beckham-llevo-vestido-letizia-triunfo-recepcion-20230509183308-nt.html\" target=\"_blank\" data-voc-vtm-id=\"in-text-traffic\" data-mrf-link=\"www.abc.es\" rel=\"nofollow noopener\">Victoria Bekcham<\/a>, Elena Cu\u00e9 se decant\u00f3 por un modelo en color marfil adornado con una gran flor roja en la parte superior delantera y en el bajo de la parte de atr\u00e1s. <\/p>\n<p><img decoding=\"async\" loading=\"lazy\" src=\"https:\/\/www.europesays.com\/es\/wp-content\/uploads\/2026\/07\/elena_cue_EP_20260703104200-U71630884185XJM-680x700@diario_abc.JPG\" class=\"v-a-img\" height=\"700\" alt=\"Elena Cu\u00e9 con el dise\u00f1o de Victoria Beckham en ABC.\" data-voc-vtm-id=\"in-text-traffic\" width=\"680\"\/><\/p>\n<p>Elena Cu\u00e9 con el dise\u00f1o de Victoria Beckham en ABC.<\/p>\n<p>(EP)<\/p>\n<p class=\"v-d-p\" style=\"\">El vers\u00e1til modelo est\u00e1 a la venta en El Corte Ingl\u00e9s y ahora, adem\u00e1s, cuenta con una suculenta rebaja del 40%. El precio actual es de <strong>690 euros<\/strong>, frente a los 1.150 euros originales, en los almacenes espa\u00f1oles. La empresaria Elena Cu\u00e9 lo combin\u00f3 de forma muy estilosa con complementos en color rojo, convirti\u00e9ndose as\u00ed en una de las invitadas a los premios Cavia m\u00e1s elegantes, junto a la <a href=\"https:\/\/www.abc.es\/estilo\/moda\/dona-letizia-look-cavia-20260702210535-nt.html\" target=\"_blank\" data-voc-vtm-id=\"in-text-traffic\" data-mrf-link=\"www.abc.es\" rel=\"nofollow noopener\">Reina Letizia que luci\u00f3 espl\u00e9ndida<\/a> en un dise\u00f1o negro sin mangas de la firma espa\u00f1ola The 2nd Skin Co. <\/p>\n<p class=\"v-d-p\" style=\"\">Otra de las invitadas que tampoco pas\u00f3 desapercibida fue <a href=\"https:\/\/www.abc.es\/estilo\/moda\/look-ayuso-premios-cavia-20260702172037-nt.html\" target=\"_blank\" data-voc-vtm-id=\"in-text-traffic\" data-mrf-link=\"www.abc.es\" rel=\"nofollow noopener\">Isabel D\u00edaz Ayuso<\/a> con un elegante vestido blanco con escote cruzado y abertura en la cintura de la firma sevillana Panambi.<\/p>\n<p><img decoding=\"async\" loading=\"lazy\" src=\"https:\/\/www.europesays.com\/es\/wp-content\/uploads\/2026\/07\/letizia_vestido_victoria_beckham_20260703105208-U37844070412cUW-680x700@diario_abc.jpg\" class=\"v-a-img\" height=\"700\" alt=\"Letizia con el vestido de Victoria Beckham en Londres, en 2023.\" data-voc-vtm-id=\"in-text-traffic\" width=\"680\"\/><\/p>\n<p>Letizia con el vestido de Victoria Beckham en Londres, en 2023.<\/p>\n<p>(GTRES)<\/p>\n<p class=\"v-d-p\" style=\"\">Volviendo al <strong>dise\u00f1o de Victoria Beckham<\/strong>, es posible encontrar infinitas versiones, tanto en colores (blanco, morado, azul, rosa&#8230; con estampados florales), como en patrones (con escote en pico, largo hasta los pies, etc.). Confeccionado con viscosa y acetato, destaca por su ca\u00edda que suele favorecer todo tipo de siluetas, por lo que desde su introducci\u00f3n se ha convertido en uno de los<strong> best-sellers de la marca de moda<\/strong> de la brit\u00e1nica.<\/p>\n<p class=\"v-d-p\" style=\"\"> Adem\u00e1s de la Reina Letizia, son muchas las celebrities que lo han elegido en alg\u00fan momento: <strong>Kendall Jenner<\/strong> tambi\u00e9n eligi\u00f3 el verde c\u00e9sped, al igual que <strong>Eva Longoria<\/strong>, <strong>Gigi Hadid<\/strong> llev\u00f3 un verde m\u00e1s oscuro, la propia Victoria Bekcham ha lucido diversos colores desde el verde al blanco y el negro.<\/p>\n","protected":false},"excerpt":{"rendered":"Victoria Beckham se col\u00f3 en los premios Mariano de Cavia, Luca de Tena y Mingote que entreg\u00f3 el&hellip;\n","protected":false},"author":2,"featured_media":639970,"comment_status":"","ping_status":"","sticky":false,"template":"","format":"standard","meta":{"footnotes":""},"categories":[91],"tags":[19858,30897,26701,146,147,25,24,532,9249,23,3230,5732,1261],"class_list":["post-639969","post","type-post","status-publish","format-standard","has-post-thumbnail","category-entretenimiento","tag-beckham","tag-cavia","tag-conocidos","tag-entertainment","tag-entretenimiento","tag-es","tag-espana","tag-premios","tag-presente","tag-spain","tag-traves","tag-vestidos","tag-victoria"],"share_on_mastodon":{"url":"https:\/\/pubeurope.com\/@es\/116858589305724246","error":""},"_links":{"self":[{"href":"https:\/\/www.europesays.com\/es\/wp-json\/wp\/v2\/posts\/639969","targetHints":{"allow":["GET"]}}],"collection":[{"href":"https:\/\/www.europesays.com\/es\/wp-json\/wp\/v2\/posts"}],"about":[{"href":"https:\/\/www.europesays.com\/es\/wp-json\/wp\/v2\/types\/post"}],"author":[{"embeddable":true,"href":"https:\/\/www.europesays.com\/es\/wp-json\/wp\/v2\/users\/2"}],"replies":[{"embeddable":true,"href":"https:\/\/www.europesays.com\/es\/wp-json\/wp\/v2\/comments?post=639969"}],"version-history":[{"count":0,"href":"https:\/\/www.europesays.com\/es\/wp-json\/wp\/v2\/posts\/639969\/revisions"}],"wp:featuredmedia":[{"embeddable":true,"href":"https:\/\/www.europesays.com\/es\/wp-json\/wp\/v2\/media\/639970"}],"wp:attachment":[{"href":"https:\/\/www.europesays.com\/es\/wp-json\/wp\/v2\/media?parent=639969"}],"wp:term":[{"taxonomy":"category","embeddable":true,"href":"https:\/\/www.europesays.com\/es\/wp-json\/wp\/v2\/categories?post=639969"},{"taxonomy":"post_tag","embeddable":true,"href":"https:\/\/www.europesays.com\/es\/wp-json\/wp\/v2\/tags?post=639969"}],"curies":[{"name":"wp","href":"https:\/\/api.w.org\/{rel}","templated":true}]}}