{"id":640178,"date":"2026-07-04T02:28:09","date_gmt":"2026-07-04T02:28:09","guid":{"rendered":"https:\/\/www.europesays.com\/es\/640178\/"},"modified":"2026-07-04T02:28:09","modified_gmt":"2026-07-04T02:28:09","slug":"gaza-mil-dias-de-guerra-sigamos-orando-la-paz-es-posible","status":"publish","type":"post","link":"https:\/\/www.europesays.com\/es\/640178\/","title":{"rendered":"Gaza, mil d\u00edas de guerra: Sigamos orando, la paz es posible"},"content":{"rendered":"<p>El p\u00e1rroco de la Sagrada Familia relata c\u00f3mo, a pesar del alto el fuego, la gente sigue muriendo y el conflicto contin\u00faa cobr\u00e1ndose vidas y arrebatando esperanzas. \u00abLos miles de ni\u00f1os y ni\u00f1as muertos, heridos y hu\u00e9rfanos son una realidad estremecedora. Estas cifras deben conmover al mundo para que se inicie el camino hacia una paz justa\u00bb.&#13;\n<\/p>\n<p>Francesca Sabatinelli \u2013 Ciudad del Vaticano<\/p>\n<p>Mil d\u00edas de destrucci\u00f3n y muerte: estos son los d\u00edas transcurridos desde el inicio de la ofensiva israel\u00ed en Gaza, tras el ataque de Ham\u00e1s el 7 de octubre de 2023. Mil d\u00edas despu\u00e9s del comienzo de los bombardeos en la Franja, la poblaci\u00f3n sufre una crisis humanitaria que se acerca a un punto de no retorno, con suministros de alimentos, medicinas y agua potable por debajo del m\u00ednimo indispensable. Numerosas organizaciones no gubernamentales internacionales informan sobre las cifras m\u00e1s dram\u00e1ticas del conflicto, incluidas las relativas a los menores: m\u00e1s de veinte mil han muerto, 245 mil est\u00e1n en riesgo de desnutrici\u00f3n o ya la padecen, y 800 mil est\u00e1n desplazados. Estas cifras son hipot\u00e9ticas, ya que es seguro que hay m\u00e1s personas sepultadas bajo los escombros.<\/p>\n<p>    <img decoding=\"async\" src=\"data:image\/gif;base64,R0lGODlhAQABAIAAAAAAAP\/\/\/yH5BAEAAAAALAAAAAABAAEAAAIBRAA7\" data-original=\"https:\/\/www.vaticannews.va\/content\/dam\/vaticannews\/multimedia\/2026\/Luglio\/02\/gaza.jpg\/_jcr_content\/renditions\/cq5dam.thumbnail.cropped.750.422.jpeg\" alt=\" Ayuda humanitaria distribuida a civiles\" title=\" Ayuda humanitaria distribuida a civiles\"\/><\/p>\n<p>\n    Ayuda humanitaria distribuida a civiles\n  <\/p>\n<p>Los miles de peque\u00f1as v\u00edctimas <\/p>\n<p>Durante los \u00faltimos mil a\u00f1os\u00bb, afirma Ahmad Ahendawi, director regional de Save the Children para Oriente Medio, Norte de \u00c1frica y Europa del Este, \u00abel mundo ha dado la espalda a un mill\u00f3n de ni\u00f1os y ni\u00f1as en Gaza, sin intervenir para detener las matanzas y las mutilaciones\u00bb. A pesar del alto el fuego, firmado en octubre de 2025 entre Ham\u00e1s e Israel, \u00abla guerra contin\u00faa y sigue arrebatando vidas y sus esperanzas\u00bb, declara\u00a0el padre Gabriel Romanelli, de la parroquia de la Sagrada Familia en Gaza,\u00a0quien no ha cesado en sus llamamientos durante estos mil d\u00edas. \u00abLos miles de ni\u00f1os y ni\u00f1as asesinados, hu\u00e9rfanos o heridos constituyen una realidad estremecedora, que inevitablemente conmueve los corazones y las emociones. Adem\u00e1s, estas cifras deben inspirar al mundo a decir basta, a emprender un verdadero camino hacia una paz justa, hacia el respeto a cada ser humano, independientemente de su religi\u00f3n, religi\u00f3n, fe, religi\u00f3n, religi\u00f3n, condici\u00f3n social, nacionalidad o condici\u00f3n de indigencia. Son seres humanos. Por lo tanto, el dolor es inmenso\u00bb.<\/p>\n<p>La comunidad cristiana <\/p>\n<p>En Gaza, contin\u00faa el p\u00e1rroco, no hay una sola familia que no est\u00e9 de luto por la muerte de un miembro. \u00abEn cuanto a la comunidad cristiana, es num\u00e9ricamente peque\u00f1a; al comienzo de la guerra, hab\u00eda 1017 cristianos, tanto cat\u00f3licos como ortodoxos. Durante la guerra, murieron 60, 23 de ellos por bombardeos o francotiradores israel\u00edes, y los dem\u00e1s por falta de atenci\u00f3n m\u00e9dica. Estas 60 personas representan aproximadamente el 6 % de la comunidad cristiana, tanto cat\u00f3lica como ortodoxa\u00bb.<\/p>\n<p>Sin agua, sin electricidad <\/p>\n<p>La mayor parte de la Franja de Gaza carece ahora de agua potable. Muchas ONG la proporcionan, pero conseguir un bid\u00f3n requiere esperar en cola entre dos y tres horas, suponiendo que a\u00fan sea potable, comenta Romanelli, teniendo en cuenta los numerosos trasbordos. Esta situaci\u00f3n se agrava por la falta de combustible, repuestos y generadores, que dificultan el funcionamiento y el uso de todos los sistemas, empezando por el suministro de agua.<\/p>\n<p>\u00abEl sistema el\u00e9ctrico ha sido pr\u00e1cticamente inexistente desde el comienzo de la guerra\u00bb, contin\u00faa Romanelli, \u00aby la poca energ\u00eda que producimos es extremadamente cara\u00bb. Y para la mayor\u00eda de la gente, el \u00fanico techo que les queda, si es que se le puede llamar as\u00ed, son sus tiendas de campa\u00f1a, que se est\u00e1n convirtiendo en un infierno bajo el sol. \u00abQuienes viven en tiendas de campa\u00f1a no tienen nada; el suelo es arenoso y est\u00e1 empapado de aguas residuales\u00bb. Para muchos residentes, el refugio lo proporcionan los pocos edificios que quedan, aunque en estado ruinoso, mientras que para otros consiste en los escombros de edificios destruidos.<\/p>\n<p>    <img decoding=\"async\" src=\"data:image\/gif;base64,R0lGODlhAQABAIAAAAAAAP\/\/\/yH5BAEAAAAALAAAAAABAAEAAAIBRAA7\" data-original=\"https:\/\/www.vaticannews.va\/content\/dam\/vaticannews\/agenzie\/images\/reuters\/2026\/07\/02\/09\/1782976561418.JPG\/_jcr_content\/renditions\/cq5dam.thumbnail.cropped.750.422.jpeg\" alt=\"Tiendas de campa\u00f1a de los desplazados\" title=\"Tiendas de campa\u00f1a de los desplazados\"\/><\/p>\n<p>\n   Tiendas de campa\u00f1a de los desplazados\n  <\/p>\n<p>Una posible paz <\/p>\n<p>Dos millones de personas viven sin nada, abandonadas a su suerte. En tiendas de campa\u00f1a, sin agua, sin electricidad, con una plaga de ratas y epidemias de enfermedades cut\u00e1neas y gastrointestinales. Todo esto hace la vida realmente dif\u00edcil, sobre todo porque, mil d\u00edas despu\u00e9s del inicio de la guerra, nadie habla de c\u00f3mo terminar\u00e1 ni de si habr\u00e1 realmente un rayo de esperanza para toda esta poblaci\u00f3n.<\/p>\n<p>En Gaza, concluye Romanelli, seguimos orando por la paz y trabajando para convencer a los l\u00edderes mundiales de que no deben olvidar esta guerra. La paz es posible, dif\u00edcil, pero posible. No debemos rendirnos; debemos seguir hablando, difundiendo el mensaje de paz y justicia.<\/p>\n","protected":false},"excerpt":{"rendered":"El p\u00e1rroco de la Sagrada Familia relata c\u00f3mo, a pesar del alto el fuego, la gente sigue muriendo&hellip;\n","protected":false},"author":2,"featured_media":640179,"comment_status":"","ping_status":"","sticky":false,"template":"","format":"standard","meta":{"footnotes":""},"categories":[42],"tags":[17,18,28780,13,14,69,11,401,61,62,63,64,19,20,9,2932,10,15,16,12359,76,11506,12,21,22,65,66,67],"class_list":["post-640178","post","type-post","status-publish","format-standard","has-post-thumbnail","category-internacional","tag-breaking-news","tag-breakingnews","tag-emergencia-humanitaria","tag-featured-news","tag-featurednews","tag-guerra","tag-headlines","tag-iglesia-catolica","tag-internacional","tag-international","tag-international-news","tag-internationalnews","tag-latest-news","tag-latestnews","tag-news","tag-ninos","tag-noticias","tag-noticias-destacadas","tag-noticiasdestacadas","tag-oracion","tag-palestina","tag-paz","tag-titulares","tag-ultimas-noticias","tag-ultimasnoticias","tag-world","tag-world-news","tag-worldnews"],"share_on_mastodon":{"url":"https:\/\/pubeurope.com\/@es\/116859352361641203","error":""},"_links":{"self":[{"href":"https:\/\/www.europesays.com\/es\/wp-json\/wp\/v2\/posts\/640178","targetHints":{"allow":["GET"]}}],"collection":[{"href":"https:\/\/www.europesays.com\/es\/wp-json\/wp\/v2\/posts"}],"about":[{"href":"https:\/\/www.europesays.com\/es\/wp-json\/wp\/v2\/types\/post"}],"author":[{"embeddable":true,"href":"https:\/\/www.europesays.com\/es\/wp-json\/wp\/v2\/users\/2"}],"replies":[{"embeddable":true,"href":"https:\/\/www.europesays.com\/es\/wp-json\/wp\/v2\/comments?post=640178"}],"version-history":[{"count":0,"href":"https:\/\/www.europesays.com\/es\/wp-json\/wp\/v2\/posts\/640178\/revisions"}],"wp:featuredmedia":[{"embeddable":true,"href":"https:\/\/www.europesays.com\/es\/wp-json\/wp\/v2\/media\/640179"}],"wp:attachment":[{"href":"https:\/\/www.europesays.com\/es\/wp-json\/wp\/v2\/media?parent=640178"}],"wp:term":[{"taxonomy":"category","embeddable":true,"href":"https:\/\/www.europesays.com\/es\/wp-json\/wp\/v2\/categories?post=640178"},{"taxonomy":"post_tag","embeddable":true,"href":"https:\/\/www.europesays.com\/es\/wp-json\/wp\/v2\/tags?post=640178"}],"curies":[{"name":"wp","href":"https:\/\/api.w.org\/{rel}","templated":true}]}}