{"id":64027,"date":"2025-08-22T06:04:08","date_gmt":"2025-08-22T06:04:08","guid":{"rendered":"https:\/\/www.europesays.com\/es\/64027\/"},"modified":"2025-08-22T06:04:08","modified_gmt":"2025-08-22T06:04:08","slug":"un-master-interdisciplinar-que-ahonda-en-las-conductas-criminales-y-su-adaptacion-social","status":"publish","type":"post","link":"https:\/\/www.europesays.com\/es\/64027\/","title":{"rendered":"Un m\u00e1ster interdisciplinar que ahonda en las conductas criminales y su adaptaci\u00f3n social"},"content":{"rendered":"<p>            Redacci\u00f3n<\/p>\n<p>Toda decisi\u00f3n de pol\u00edtica criminal debe basarse en el estudio de lo relacionado con el crimen, la delincuencia y las conductas desviadas. El m\u00e1ster en Perfiles Forenses de Peligrosidad Criminal cuenta con un gran n\u00famero de profesionales vinculados a la Administraci\u00f3n de Justicia, instituciones penitenciarias, Fuerzas y Cuerpos de Seguridad, peritos y personal de recursos humanos que abordan de manera eminentemente pr\u00e1ctica el an\u00e1lisis de las conductas criminales y la elaboraci\u00f3n de perfiles de peligrosidad.\u00a0<\/p>\n<p>La elaboraci\u00f3n de estos perfiles es una especializaci\u00f3n que cuenta con una prolongada tradici\u00f3n internacional en el \u00e1mbito criminol\u00f3gico. La perfilaci\u00f3n criminal indaga en los mecanismos que llevan a un delincuente a cesar en su actividad criminal, investigando las condiciones en que podr\u00e1 presumirse que dejar\u00e1 de ser peligroso y su posibilidad de adaptaci\u00f3n social. Estas cuestiones que despiertan no solo gran inter\u00e9s social, sino que son esenciales en el dise\u00f1o de la pol\u00edtica criminal se abordan en el m\u00e1ster en Perfiles Forenses de Peligrosidad Criminal de la URJC desde diferentes perspectivas te\u00f3ricas y disciplinas complementarias que permiten al estudiante obtener una visi\u00f3n general y aplicada de las materias que se imparten.\u00a0<\/p>\n<p>Este m\u00e1ster ofrece la formaci\u00f3n necesaria para el estudio de los factores que permitan construir un perfil de peligrosidad mediante el aporte de la t\u00e9cnica cient\u00edfica y metodol\u00f3gica a emplear, as\u00ed como su instrumentalizaci\u00f3n. Con \u00e9l se adquieren habilidades y conocimientos espec\u00edficos para la comprensi\u00f3n y el an\u00e1lisis del perfil de peligrosidad criminal, la detecci\u00f3n de riesgos potenciales de seguridad y su prevenci\u00f3n. Adem\u00e1s, se indaga sobre las t\u00e9cnicas para el an\u00e1lisis del testimonio de victimarios y v\u00edctimas, en las herramientas existentes para el estudio de la escena del crimen y la elaboraci\u00f3n de pericias con el fin de realizar una adecuada presentaci\u00f3n de la prueba en sede judicial.<\/p>\n<p><a href=\"https:\/\/www.urjc.es\/images\/galeria\/Comunicacion\/MasterPerfilesForenses\/El examen forense de los indicios.jpg\" class=\"modal_link\" aria-label=\"Popup link\" data-modal-rel=\"gallery_68a8083a50d827442\" data-modal-image=\"true\" data-modal-class-name=\"is_image no_title\" rel=\"nofollow noopener\" target=\"_blank\"><img loading=\"lazy\" decoding=\"async\" width=\"120\" height=\"90\" src=\"https:\/\/www.europesays.com\/es\/wp-content\/uploads\/2025\/08\/El examen forense de los indicios_120x90.jpg\"\/><\/a>  <a href=\"https:\/\/www.urjc.es\/images\/galeria\/Comunicacion\/MasterPerfilesForenses\/IMG_0154 clase.JPG\" class=\"modal_link\" aria-label=\"Popup link\" data-modal-rel=\"gallery_68a8083a50d827442\" data-modal-image=\"true\" data-modal-class-name=\"is_image no_title\" rel=\"nofollow noopener\" target=\"_blank\"><img loading=\"lazy\" decoding=\"async\" width=\"120\" height=\"90\" src=\"https:\/\/www.europesays.com\/es\/wp-content\/uploads\/2025\/08\/IMG_0154 clase_120x90.JPG\"\/><\/a>  <a href=\"https:\/\/www.urjc.es\/images\/galeria\/Comunicacion\/MasterPerfilesForenses\/fotos escena 2.jpg\" class=\"modal_link\" aria-label=\"Popup link\" data-modal-rel=\"gallery_68a8083a50d827442\" data-modal-image=\"true\" data-modal-class-name=\"is_image no_title\" rel=\"nofollow noopener\" target=\"_blank\"><img loading=\"lazy\" decoding=\"async\" width=\"120\" height=\"90\" src=\"https:\/\/www.europesays.com\/es\/wp-content\/uploads\/2025\/08\/fotos escena 2_120x90.jpg\"\/><\/a>  <a href=\"https:\/\/www.urjc.es\/images\/galeria\/Comunicacion\/MasterPerfilesForenses\/fotos laboratorio 4.jpg\" class=\"modal_link\" aria-label=\"Popup link\" data-modal-rel=\"gallery_68a8083a50d827442\" data-modal-image=\"true\" data-modal-class-name=\"is_image no_title\" rel=\"nofollow noopener\" target=\"_blank\"><img loading=\"lazy\" decoding=\"async\" width=\"120\" height=\"90\" src=\"https:\/\/www.europesays.com\/es\/wp-content\/uploads\/2025\/08\/fotos laboratorio 4_120x90.jpg\"\/><\/a><\/p>\n<p><strong>Innovador y completo<\/strong>\u00a0<\/p>\n<p>En todo el itinerario de este m\u00e1ster se desarrolla una formaci\u00f3n avanzada para el respeto a los derechos fundamentales en la puesta en pr\u00e1ctica de la investigaci\u00f3n criminal, principalmente en el marco de las nuevas tecnolog\u00edas\u00a0<\/p>\n<p>Se trata de un m\u00e1ster interdisciplinar innovador en el que se combinan, para dar una formaci\u00f3n de calidad, profesionales y acad\u00e9micos de \u00e1reas de conocimiento tan variadas como la medicina, psicolog\u00eda, derecho, ciencia pol\u00edtica y la criminolog\u00eda y que va dirigido principalmente a alumnos provenientes de esas disciplinas.\u00a0<\/p>\n<p>\u00a0<\/p>\n","protected":false},"excerpt":{"rendered":"Redacci\u00f3n Toda decisi\u00f3n de pol\u00edtica criminal debe basarse en el estudio de lo relacionado con el crimen, la&hellip;\n","protected":false},"author":2,"featured_media":64028,"comment_status":"","ping_status":"","sticky":false,"template":"","format":"standard","meta":{"footnotes":""},"categories":[5],"tags":[17,18,24645,2026,25,24,6040,5687,13,14,26256,11,1294,19,20,205,10320,9,10,15,16,14150,23,12,21,22,2845,10321],"class_list":{"0":"post-64027","1":"post","2":"type-post","3":"status-publish","4":"format-standard","5":"has-post-thumbnail","7":"category-titulares","8":"tag-breaking-news","9":"tag-breakingnews","10":"tag-criminal","11":"tag-educacion","12":"tag-es","13":"tag-espana","14":"tag-estudiante","15":"tag-estudiar","16":"tag-featured-news","17":"tag-featurednews","18":"tag-forense","19":"tag-headlines","20":"tag-investigacion","21":"tag-latest-news","22":"tag-latestnews","23":"tag-madrid","24":"tag-master","25":"tag-news","26":"tag-noticias","27":"tag-noticias-destacadas","28":"tag-noticiasdestacadas","29":"tag-postgrado","30":"tag-spain","31":"tag-titulares","32":"tag-ultimas-noticias","33":"tag-ultimasnoticias","34":"tag-universidad","35":"tag-urjc"},"share_on_mastodon":{"url":"","error":""},"_links":{"self":[{"href":"https:\/\/www.europesays.com\/es\/wp-json\/wp\/v2\/posts\/64027","targetHints":{"allow":["GET"]}}],"collection":[{"href":"https:\/\/www.europesays.com\/es\/wp-json\/wp\/v2\/posts"}],"about":[{"href":"https:\/\/www.europesays.com\/es\/wp-json\/wp\/v2\/types\/post"}],"author":[{"embeddable":true,"href":"https:\/\/www.europesays.com\/es\/wp-json\/wp\/v2\/users\/2"}],"replies":[{"embeddable":true,"href":"https:\/\/www.europesays.com\/es\/wp-json\/wp\/v2\/comments?post=64027"}],"version-history":[{"count":0,"href":"https:\/\/www.europesays.com\/es\/wp-json\/wp\/v2\/posts\/64027\/revisions"}],"wp:featuredmedia":[{"embeddable":true,"href":"https:\/\/www.europesays.com\/es\/wp-json\/wp\/v2\/media\/64028"}],"wp:attachment":[{"href":"https:\/\/www.europesays.com\/es\/wp-json\/wp\/v2\/media?parent=64027"}],"wp:term":[{"taxonomy":"category","embeddable":true,"href":"https:\/\/www.europesays.com\/es\/wp-json\/wp\/v2\/categories?post=64027"},{"taxonomy":"post_tag","embeddable":true,"href":"https:\/\/www.europesays.com\/es\/wp-json\/wp\/v2\/tags?post=64027"}],"curies":[{"name":"wp","href":"https:\/\/api.w.org\/{rel}","templated":true}]}}