{"id":640343,"date":"2026-07-04T05:28:20","date_gmt":"2026-07-04T05:28:20","guid":{"rendered":"https:\/\/www.europesays.com\/es\/640343\/"},"modified":"2026-07-04T05:28:20","modified_gmt":"2026-07-04T05:28:20","slug":"tdt-ya-hay-fecha-exacta-para-el-lanzamiento-de-la-tdt-en-ultra-alta-definicion-y-el-nuevo-canal-de-siete","status":"publish","type":"post","link":"https:\/\/www.europesays.com\/es\/640343\/","title":{"rendered":"TDT | Ya hay fecha exacta para el lanzamiento de la TDT en ultra alta definici\u00f3n y el nuevo canal de SIETE"},"content":{"rendered":"<p style=\"\">Llegan novedades a la Televisi\u00f3n Digital Terrestre (TDT) que afectar\u00e1n de lleno a los espectadores. Y es que, el Ministerio para la Transformaci\u00f3n Digital y  &#8230; de la Funci\u00f3n P\u00fablica ha fijado ya la fecha exacta para la llegada de los canales UHD en la TDT as\u00ed como el <a href=\"https:\/\/www.lasprovincias.es\/culturas\/tv\/nuevo-canal-abierto-tdt-desvela-posible-nombre-20260629011319-nt.html\" title=\"\" data-voc-vtm-id=\"in-text-traffic\" data-mrf-link=\"www.lasprovincias.es\" rel=\"nofollow noopener\" target=\"_blank\">esperado canal de SIETE<\/a>.<\/p>\n<p class=\"v-d-p\" style=\"\">Tal y como ha anunciado este viernes el Gobierno, la fecha exacta para que esto ocurra ser\u00e1 el pr\u00f3ximo 5 de noviembre. A partir de este d\u00eda se abrir\u00e1 su espacio en el espectro radioel\u00e9ctrico para la <a href=\"https:\/\/www.lasprovincias.es\/politica\/gobierno-adjudica-nuevo-canal-siete-administrada-varela-20260526113520-vi.html\" title=\"\" data-voc-vtm-id=\"in-text-traffic\" data-mrf-link=\"www.lasprovincias.es\" rel=\"nofollow noopener\" target=\"_blank\">llegada del nuevo canal<\/a>, al tiempo que comenzar\u00e1n tambi\u00e9n las emisiones de TDT en ultra alta definici\u00f3n (UHD) en Espa\u00f1a. A\u00fan as\u00ed, han matizado que, en todo caso, la parrilla de la nueva cadena de televisi\u00f3n deber\u00e1 estar disposible para los espectadores \u00absiempre antes del 27 de noviembre\u00bb. El canal cuenta con Luis Morales Losada como production manager.<\/p>\n<p class=\"v-d-p\" style=\"\">El departamento que dirige \u00d3scar L\u00f3pez ha sacado a audiencia p\u00fablica una resoluci\u00f3n para la puesta en marcha de la implantaci\u00f3n del nuevo est\u00e1ndar tecnol\u00f3gico DVB-T2 (Digital Video Broadcasting &#8211; Terrestrial 2) en el servicio de TDT, que es la que usa la mayor\u00eda de los pa\u00edses de la Uni\u00f3n Europea.<\/p>\n<p class=\"v-d-p\" style=\"\">Seg\u00fan ha explicado el Ministerio, el DVB-T2 permite emisiones en ultra alta definici\u00f3n (UHD), que ofrecen mayor nitidez y calidad tanto de imagen como de sonido. \u00abLos prestadores de TDT podr\u00e1n competir con otras plataformas o servicios audiovisuales que utilizan otras redes de transmisi\u00f3n, como el sat\u00e9lite o la televisi\u00f3n por internet, que ya emiten en UHD\u00bb, ha detallado.<\/p>\n<p class=\"v-d-p\" style=\"\">Asimismo, ha explicado que la tecnolog\u00eda DVB-T2 tambi\u00e9n permite \u00abun uso m\u00e1s eficiente\u00bb del espectro radioel\u00e9ctrico, ya que su implantaci\u00f3n libera parte de la capacidad de uno de los m\u00faltiples digitales &#8211;los bloques de frecuencias donde se emiten simult\u00e1neamente varios canales&#8211;, dejando espacio para la emisi\u00f3n del nuevo canal de \u00e1mbito estatal cuya licencia se adjudic\u00f3 el pasado 26 de mayo a la empresa administrada por Andr\u00e9s Varela Entrecanales y vinculada al grupo de accionistas de Prisa agrupados en torno a Global Alconaba.<\/p>\n<p>\nEvoluci\u00f3n tecnol\u00f3gica\n<\/p>\n<p class=\"v-d-p\" style=\"\">De este modo, el texto de la audiencia establece la madrugada del 5 de noviembre como la fecha en la que se realizar\u00e1 la redistribuci\u00f3n de los canales de televisi\u00f3n de \u00e1mbito estatal entre los diferentes m\u00faltiples digitales. Tambi\u00e9n se habilitar\u00e1 la nueva tecnolog\u00eda DVB-T2 en los principales canales de TDT nacionales, que pasar\u00e1n a disponer de dos emisiones simultaneas, una en HD y otra en UHD sobre esta nueva tecnolog\u00eda.<\/p>\n<p class=\"v-d-p\" style=\"\">A partir de las 8.00 horas de ese d\u00eda, los telespectadores deber\u00e1n sintonizar de nuevo los canales de televisi\u00f3n para disfrutar de emisiones en UHD, as\u00ed como del nuevo canal de SIETE y de todos los canales en su nueva posici\u00f3n.<\/p>\n<p class=\"v-d-p\" style=\"\">Hasta que se haga una nueva sintonizaci\u00f3n, no se podr\u00e1n ver las nuevas emisiones en UHD, pero la mayor\u00eda de los canales se podr\u00e1n seguir viendo como hasta ahora en alta definici\u00f3n (HD). En el caso de Clan (RTVE), DKISS (RadioBlanca), A3Series (A3Media), BeMad y Boing (Mediaset) es imprescindible sintonizar de nuevo, ya que podr\u00edan verse en una ubicaci\u00f3n diferente del dial TDT o incluso dejar de verse, en funci\u00f3n de la configuraci\u00f3n de los aparatos receptores.<\/p>\n<p class=\"v-d-p\" style=\"\">La audiencia tambi\u00e9n establece que las empresas afectadas por la redistribuci\u00f3n de canales est\u00e1n obligadas a informar de los cambios que les afectan desde el pr\u00f3ximo 8 de septiembre, para que la ciudadan\u00eda conozca con antelaci\u00f3n la necesidad de resintonizar sus televisores para disfrutar de las nuevas prestaciones de la TDT.<\/p>\n<p class=\"v-d-p\" style=\"\">El proceso para la implantaci\u00f3n de este nuevo est\u00e1ndar tecnol\u00f3gico est\u00e1 incluido en el Plan T\u00e9cnico Nacional de la Televisi\u00f3n Digital Terrestre, aprobado en marzo de 2025. Desde la entrada en vigor del Plan, los aparatos de televisi\u00f3n que se comercializan en Espa\u00f1a tienen la obligaci\u00f3n de poder sintonizar emisiones de TDT en ultra alta definici\u00f3n.<\/p>\n<p class=\"v-d-p\" style=\"\">Los ciudadanos que no dispongan de televisores adaptados a esta tecnolog\u00eda seguir\u00e1n recibiendo los contenidos en HD como hasta ahora. Cuando el parque de receptores de televisi\u00f3n digital terrestre est\u00e9 suficientemente adaptado, comenzar\u00e1 la segunda fase de la evoluci\u00f3n tecnol\u00f3gica de la TDT, con la implantaci\u00f3n global de la calidad UHD en los canales auton\u00f3micos y locales.<\/p>\n","protected":false},"excerpt":{"rendered":"Llegan novedades a la Televisi\u00f3n Digital Terrestre (TDT) que afectar\u00e1n de lleno a los espectadores. Y es que,&hellip;\n","protected":false},"author":2,"featured_media":640344,"comment_status":"","ping_status":"","sticky":false,"template":"","format":"standard","meta":{"footnotes":""},"categories":[171],"tags":[5593,4632,67442,146,147,25,24,27916,1151,14018,524,5294,23,2458,214,5765],"class_list":["post-640343","post","type-post","status-publish","format-standard","has-post-thumbnail","category-tv","tag-alta","tag-canal","tag-definicion","tag-entertainment","tag-entretenimiento","tag-es","tag-espana","tag-exacta","tag-fecha","tag-lanzamiento","tag-nuevo","tag-siete","tag-spain","tag-tdt","tag-tv","tag-ultra"],"share_on_mastodon":{"url":"https:\/\/pubeurope.com\/@es\/116860060173362337","error":""},"_links":{"self":[{"href":"https:\/\/www.europesays.com\/es\/wp-json\/wp\/v2\/posts\/640343","targetHints":{"allow":["GET"]}}],"collection":[{"href":"https:\/\/www.europesays.com\/es\/wp-json\/wp\/v2\/posts"}],"about":[{"href":"https:\/\/www.europesays.com\/es\/wp-json\/wp\/v2\/types\/post"}],"author":[{"embeddable":true,"href":"https:\/\/www.europesays.com\/es\/wp-json\/wp\/v2\/users\/2"}],"replies":[{"embeddable":true,"href":"https:\/\/www.europesays.com\/es\/wp-json\/wp\/v2\/comments?post=640343"}],"version-history":[{"count":0,"href":"https:\/\/www.europesays.com\/es\/wp-json\/wp\/v2\/posts\/640343\/revisions"}],"wp:featuredmedia":[{"embeddable":true,"href":"https:\/\/www.europesays.com\/es\/wp-json\/wp\/v2\/media\/640344"}],"wp:attachment":[{"href":"https:\/\/www.europesays.com\/es\/wp-json\/wp\/v2\/media?parent=640343"}],"wp:term":[{"taxonomy":"category","embeddable":true,"href":"https:\/\/www.europesays.com\/es\/wp-json\/wp\/v2\/categories?post=640343"},{"taxonomy":"post_tag","embeddable":true,"href":"https:\/\/www.europesays.com\/es\/wp-json\/wp\/v2\/tags?post=640343"}],"curies":[{"name":"wp","href":"https:\/\/api.w.org\/{rel}","templated":true}]}}