{"id":640387,"date":"2026-07-04T06:17:45","date_gmt":"2026-07-04T06:17:45","guid":{"rendered":"https:\/\/www.europesays.com\/es\/640387\/"},"modified":"2026-07-04T06:17:45","modified_gmt":"2026-07-04T06:17:45","slug":"marsella-nuevo-punto-de-encuentro-del-equipo-madrid","status":"publish","type":"post","link":"https:\/\/www.europesays.com\/es\/640387\/","title":{"rendered":"Marsella, nuevo punto de encuentro del equipo Madrid"},"content":{"rendered":"<p>La temporada de Women\u2019s Series coge velocidad de crucero y este viernes y s\u00e1bado se disputa el torneo de Marsella, con la participaci\u00f3n del equipo Madrid de la Selecci\u00f3n Femenina 3&#215;3 y el privado de Fuengirola.<\/p>\n<p>\u00c1REA DE COMUNICACI\u00d3N FEB<\/p>\n<p>Irene Lahuerta es la gran novedad en Marsella, ya que la aragonesa debutar\u00e1 en un Women\u2019s Series. Estar\u00e1 acompa\u00f1ada de Blanca Mill\u00e1n, Ceci Muhate y Mar\u00eda Roters, tres de las cuatro que ganaron el t\u00edtulo en Viena.<\/p>\n<p>En la primera fase est\u00e1n enclavadas en el Grupo C junto a la U25 de Francia, anfitrionas y con un cuarteto muy potente, y el ganador de la Qualify del Grupo A, formada por Benin, Portugal y Uganda.<\/p>\n<p>Madrid ha entrado como cabeza de serie n\u00famero 3, y tendr\u00e1 por delante a dos de los mejores equipos del planeta: la Canad\u00e1 de Khaterine Plouffe y Paige Crozon, y la Azerbaiy\u00e1n de Arica Carter y Alexandra Mollenhauer.<\/p>\n<p>HORARIOS<br \/>&#13;<br \/>\n Madrid \u2013 Ganador Qualyfing A (16:40 h)<br \/>&#13;<br \/>\n Madrid \u2013 Francia U25 (18:45 h)<\/p>\n","protected":false},"excerpt":{"rendered":"La temporada de Women\u2019s Series coge velocidad de crucero y este viernes y s\u00e1bado se disputa el torneo&hellip;\n","protected":false},"author":2,"featured_media":640388,"comment_status":"","ping_status":"","sticky":false,"template":"","format":"standard","meta":{"footnotes":""},"categories":[93],"tags":[4605,299,1918,4597,4613,4616,4609,4608,4610,168,4603,4606,25,24,4120,4598,4614,2713,4601,830,4599,4600,4602,4615,4617,4607,4604,23,167,4611,4612],"class_list":["post-640387","post","type-post","status-publish","format-standard","has-post-thumbnail","category-deportes","tag-arbitros-baloncesto","tag-baloncesto","tag-basket","tag-basquet","tag-canalfeb","tag-clasificacion","tag-copa-princesa","tag-copa-principe","tag-copa-reina","tag-deportes","tag-eba","tag-entrenadores-baloncesto","tag-es","tag-espana","tag-estadisticas","tag-federacion-baloncesto","tag-jornada-virtual","tag-jugadores","tag-laeb-plata","tag-leb-oro","tag-liga-espana","tag-liga-espanola-baloncesto","tag-liga-femenina","tag-marcadores-baloncesto","tag-rankings","tag-reglas-baloncesto","tag-seleccion-baloncesto","tag-spain","tag-sports","tag-supercopa","tag-television-baloncesto"],"share_on_mastodon":{"url":"https:\/\/pubeurope.com\/@es\/116860252803980715","error":""},"_links":{"self":[{"href":"https:\/\/www.europesays.com\/es\/wp-json\/wp\/v2\/posts\/640387","targetHints":{"allow":["GET"]}}],"collection":[{"href":"https:\/\/www.europesays.com\/es\/wp-json\/wp\/v2\/posts"}],"about":[{"href":"https:\/\/www.europesays.com\/es\/wp-json\/wp\/v2\/types\/post"}],"author":[{"embeddable":true,"href":"https:\/\/www.europesays.com\/es\/wp-json\/wp\/v2\/users\/2"}],"replies":[{"embeddable":true,"href":"https:\/\/www.europesays.com\/es\/wp-json\/wp\/v2\/comments?post=640387"}],"version-history":[{"count":0,"href":"https:\/\/www.europesays.com\/es\/wp-json\/wp\/v2\/posts\/640387\/revisions"}],"wp:featuredmedia":[{"embeddable":true,"href":"https:\/\/www.europesays.com\/es\/wp-json\/wp\/v2\/media\/640388"}],"wp:attachment":[{"href":"https:\/\/www.europesays.com\/es\/wp-json\/wp\/v2\/media?parent=640387"}],"wp:term":[{"taxonomy":"category","embeddable":true,"href":"https:\/\/www.europesays.com\/es\/wp-json\/wp\/v2\/categories?post=640387"},{"taxonomy":"post_tag","embeddable":true,"href":"https:\/\/www.europesays.com\/es\/wp-json\/wp\/v2\/tags?post=640387"}],"curies":[{"name":"wp","href":"https:\/\/api.w.org\/{rel}","templated":true}]}}