{"id":640402,"date":"2026-07-04T06:37:36","date_gmt":"2026-07-04T06:37:36","guid":{"rendered":"https:\/\/www.europesays.com\/es\/640402\/"},"modified":"2026-07-04T06:37:36","modified_gmt":"2026-07-04T06:37:36","slug":"el-calor-extremo-amenaza-el-tour-de-francia","status":"publish","type":"post","link":"https:\/\/www.europesays.com\/es\/640402\/","title":{"rendered":"El calor extremo amenaza el Tour de Francia"},"content":{"rendered":"<p class=\"c-paragraph\">La <a href=\"https:\/\/www.heraldo.es\/noticias\/sociedad\/2026\/07\/02\/las-muertes-calor-disparan-mas-mil-junio-cierra-cotas-historicas-2033783.html\" title=\"Las muertes por calor se disparan a m\u00e1s de mil en un junio que cierra en cotas hist\u00f3ricas\" target=\"_blank\" rel=\"nofollow noopener\">ola de calor<\/a> que achicharra desde hace semanas a Francia amenaza con dejar un verano negro para la historia del pa\u00eds. Basta con ver los primeros datos que arroja la temporada estival -reci\u00e9n iniciada- para temerse lo peor: <b>temperaturas de r\u00e9cord, con una m\u00e1xima de 43,8 grados en\u00a0Saintes\u00a0(suroeste) y varias noches tropicales, 2.025 muertos por encima de lo habitual durante la \u00faltima semana de junio <\/b>y, ahora, una sucesi\u00f3n de incendios que ha devorado ya m\u00e1s de un millar de hect\u00e1reas. Las autoridades galas no ocultan su \u00abpreocupaci\u00f3n\u00bb por un escenario que comienza a recordar al fat\u00eddico 2003, cuando se registraron 15.000 fallecimientos asociados a otro episodio extremo. Tal es la alerta que incluso el Tour, que arranca este s\u00e1bado, podr\u00eda verse\u00a0alterado.La\u00a0atenci\u00f3n est\u00e1 puesta en estos momentos en el \u00faltimo ingrediente en a\u00f1adirse a este peligroso c\u00f3ctel: el fuego. Laurent\u00a0Nu\u00f1ez, ministro del Interior, reconoci\u00f3 este viernes que la temporada de incendios se ha adelantado \u00abun mes\u00bb, alimentada por el calor y por la \u00abvegetaci\u00f3n abundante\u00bb, que creci\u00f3 con las intensas lluvias de finales de 2025 y que las elevadas temperaturas han secado. \u00abLa situaci\u00f3n actual del suelo es similar a la de los grandes episodios hist\u00f3ricos de sequ\u00eda\u00bb, retrata\u00a0M\u00e9t\u00e9o-France, que vio en junio c\u00f3mo se pulverizaba una marca tras otra en los term\u00f3metros galos, incluidos dos d\u00edas por encima de los 40 grados en Par\u00eds.<\/p>\n","protected":false},"excerpt":{"rendered":"La ola de calor que achicharra desde hace semanas a Francia amenaza con dejar un verano negro para&hellip;\n","protected":false},"author":2,"featured_media":640403,"comment_status":"","ping_status":"","sticky":false,"template":"","format":"standard","meta":{"footnotes":""},"categories":[273],"tags":[4213,4922,313,312,168,25,24,8868,317,23,167,316],"class_list":["post-640402","post","type-post","status-publish","format-standard","has-post-thumbnail","category-ciclismo","tag-amenaza","tag-calor","tag-ciclismo","tag-cycling","tag-deportes","tag-es","tag-espana","tag-extremo","tag-francia","tag-spain","tag-sports","tag-tour"],"share_on_mastodon":{"url":"https:\/\/pubeurope.com\/@es\/116860331374325154","error":""},"_links":{"self":[{"href":"https:\/\/www.europesays.com\/es\/wp-json\/wp\/v2\/posts\/640402","targetHints":{"allow":["GET"]}}],"collection":[{"href":"https:\/\/www.europesays.com\/es\/wp-json\/wp\/v2\/posts"}],"about":[{"href":"https:\/\/www.europesays.com\/es\/wp-json\/wp\/v2\/types\/post"}],"author":[{"embeddable":true,"href":"https:\/\/www.europesays.com\/es\/wp-json\/wp\/v2\/users\/2"}],"replies":[{"embeddable":true,"href":"https:\/\/www.europesays.com\/es\/wp-json\/wp\/v2\/comments?post=640402"}],"version-history":[{"count":0,"href":"https:\/\/www.europesays.com\/es\/wp-json\/wp\/v2\/posts\/640402\/revisions"}],"wp:featuredmedia":[{"embeddable":true,"href":"https:\/\/www.europesays.com\/es\/wp-json\/wp\/v2\/media\/640403"}],"wp:attachment":[{"href":"https:\/\/www.europesays.com\/es\/wp-json\/wp\/v2\/media?parent=640402"}],"wp:term":[{"taxonomy":"category","embeddable":true,"href":"https:\/\/www.europesays.com\/es\/wp-json\/wp\/v2\/categories?post=640402"},{"taxonomy":"post_tag","embeddable":true,"href":"https:\/\/www.europesays.com\/es\/wp-json\/wp\/v2\/tags?post=640402"}],"curies":[{"name":"wp","href":"https:\/\/api.w.org\/{rel}","templated":true}]}}