{"id":640465,"date":"2026-07-04T07:32:13","date_gmt":"2026-07-04T07:32:13","guid":{"rendered":"https:\/\/www.europesays.com\/es\/640465\/"},"modified":"2026-07-04T07:32:13","modified_gmt":"2026-07-04T07:32:13","slug":"la-tdt-cambia-pronto-y-obligara-a-resintonizar-canales-no-todos-los-televisores-estan-preparados","status":"publish","type":"post","link":"https:\/\/www.europesays.com\/es\/640465\/","title":{"rendered":"La TDT cambia pronto y obligar\u00e1 a resintonizar canales: no todos los televisores est\u00e1n preparados"},"content":{"rendered":"<p style=\"\">La TDT cambia y lo har\u00e1 pronto. As\u00ed lo ha anunciado el Ministerio para la Transformaci\u00f3n Digital y de la Funci\u00f3n P\u00fablica, que ha fijado  &#8230; la fecha exacta para la llegada de los canales en ultra alta definici\u00f3n (UHD) en la TDT as\u00ed como para el <a href=\"https:\/\/www.lasprovincias.es\/culturas\/tv\/nuevo-canal-abierto-tdt-desvela-posible-nombre-20260629011319-nt.html\" title=\"\" data-voc-vtm-id=\"in-text-traffic\" data-mrf-link=\"www.lasprovincias.es\" rel=\"nofollow noopener\" target=\"_blank\">esperado canal de televisi\u00f3n de SIETE<\/a>.<\/p>\n<p class=\"v-d-p\" style=\"\">El d\u00eda en la que se producir\u00e1n estas novedades ser\u00e1 el pr\u00f3ximo 5 de noviembre y para disfrutar de ellas habr\u00e1 que resintonizar los canales. A partir de las 8.00 horas, los telespectadores deber\u00e1n sintonizar de nuevo las cadenas de televisi\u00f3n para tener acceso a las emisiones en UHD, as\u00ed como del nuevo canal de SIETE y de todos los canales en su nueva posici\u00f3n.<\/p>\n<p class=\"v-d-p\" style=\"\">Sin esa nueva sintonizaci\u00f3n no se podr\u00e1n ver las nuevas emisiones en UHD. Pero, ojo, aunque la mayor\u00eda de los canales se podr\u00e1n seguir viendo como hasta ahora en alta definici\u00f3n (HD), hay otros que no. Es el caso de Clan (RTVE), DKISS (RadioBlanca), A3Series (A3Media), BeMad y Boing (Mediaset), que ser\u00e1 imprescindible sintonizar de nuevo ya que podr\u00edan verse en una ubicaci\u00f3n diferente del dial TDT o incluso dejar de verse, en funci\u00f3n de la configuraci\u00f3n de los aparatos receptores.<\/p>\n<ul class=\"v-cmp-rld__u\">\n<li class=\"v-cmp-rld__l\">\n<p><a class=\"v-a-lnk\" href=\"http:\/\/www.lasprovincias.es\/culturas\/tv\/fecha-exacta-lanzamiento-tdt-ultra-alta-definicion-20260703193735-nt.html#vtm_modulosEngag=noticiasrelacionadas-cmp-uno:culturas:noticia:1\" data-voc-vtm-id=\"in-text-traffic\" rel=\"nofollow noopener\" target=\"_blank\"><br \/>\n<img decoding=\"async\" loading=\"lazy\" src=\"https:\/\/www.europesays.com\/es\/wp-content\/uploads\/2026\/07\/tele-kcwG--366x256@Las Provincias.jpg\" class=\"v-a-img\" width=\"258\" height=\"180\" alt=\"Ya hay fecha exacta para el lanzamiento de la TDT en ultra alta definici\u00f3n y el nuevo canal de SIETE\"\/><br \/>\n<\/a><\/p>\n<\/li>\n<\/ul>\n<p class=\"v-d-p\" style=\"\">La audiencia tambi\u00e9n establece que las empresas afectadas por la redistribuci\u00f3n de canales est\u00e1n obligadas a informar de los cambios que les afectan desde el pr\u00f3ximo 8 de septiembre, para que la ciudadan\u00eda conozca con antelaci\u00f3n la necesidad de resintonizar sus televisores para disfrutar de las nuevas prestaciones de la TDT.<\/p>\n<p class=\"v-d-p\" style=\"\">El proceso para la implantaci\u00f3n de este nuevo est\u00e1ndar tecnol\u00f3gico est\u00e1 incluido en el Plan T\u00e9cnico Nacional de la Televisi\u00f3n Digital Terrestre, aprobado en marzo de 2025. Desde la entrada en vigor del Plan, los aparatos de televisi\u00f3n que se comercializan en Espa\u00f1a tienen la obligaci\u00f3n de poder sintonizar emisiones de TDT en ultra alta definici\u00f3n.<\/p>\n<p class=\"v-d-p\" style=\"\">Los ciudadanos que no dispongan de televisores adaptados a esta tecnolog\u00eda seguir\u00e1n recibiendo los contenidos en HD como hasta ahora. Cuando el parque de receptores de televisi\u00f3n digital terrestre est\u00e9 suficientemente adaptado, comenzar\u00e1 la segunda fase de la evoluci\u00f3n tecnol\u00f3gica de la TDT, con la implantaci\u00f3n global de la calidad UHD en los canales auton\u00f3micos y locales.<\/p>\n","protected":false},"excerpt":{"rendered":"La TDT cambia y lo har\u00e1 pronto. As\u00ed lo ha anunciado el Ministerio para la Transformaci\u00f3n Digital y&hellip;\n","protected":false},"author":2,"featured_media":640466,"comment_status":"","ping_status":"","sticky":false,"template":"","format":"standard","meta":{"footnotes":""},"categories":[171],"tags":[1838,10529,146,147,25,24,58485,27278,18844,118184,23,2458,16332,214],"class_list":["post-640465","post","type-post","status-publish","format-standard","has-post-thumbnail","category-tv","tag-cambia","tag-canales","tag-entertainment","tag-entretenimiento","tag-es","tag-espana","tag-obligara","tag-preparados","tag-pronto","tag-resintonizar","tag-spain","tag-tdt","tag-televisores","tag-tv"],"share_on_mastodon":{"url":"https:\/\/pubeurope.com\/@es\/116860548459037234","error":""},"_links":{"self":[{"href":"https:\/\/www.europesays.com\/es\/wp-json\/wp\/v2\/posts\/640465","targetHints":{"allow":["GET"]}}],"collection":[{"href":"https:\/\/www.europesays.com\/es\/wp-json\/wp\/v2\/posts"}],"about":[{"href":"https:\/\/www.europesays.com\/es\/wp-json\/wp\/v2\/types\/post"}],"author":[{"embeddable":true,"href":"https:\/\/www.europesays.com\/es\/wp-json\/wp\/v2\/users\/2"}],"replies":[{"embeddable":true,"href":"https:\/\/www.europesays.com\/es\/wp-json\/wp\/v2\/comments?post=640465"}],"version-history":[{"count":0,"href":"https:\/\/www.europesays.com\/es\/wp-json\/wp\/v2\/posts\/640465\/revisions"}],"wp:featuredmedia":[{"embeddable":true,"href":"https:\/\/www.europesays.com\/es\/wp-json\/wp\/v2\/media\/640466"}],"wp:attachment":[{"href":"https:\/\/www.europesays.com\/es\/wp-json\/wp\/v2\/media?parent=640465"}],"wp:term":[{"taxonomy":"category","embeddable":true,"href":"https:\/\/www.europesays.com\/es\/wp-json\/wp\/v2\/categories?post=640465"},{"taxonomy":"post_tag","embeddable":true,"href":"https:\/\/www.europesays.com\/es\/wp-json\/wp\/v2\/tags?post=640465"}],"curies":[{"name":"wp","href":"https:\/\/api.w.org\/{rel}","templated":true}]}}