{"id":640516,"date":"2026-07-04T08:14:15","date_gmt":"2026-07-04T08:14:15","guid":{"rendered":"https:\/\/www.europesays.com\/es\/640516\/"},"modified":"2026-07-04T08:14:15","modified_gmt":"2026-07-04T08:14:15","slug":"pantzar-y-balcerowski-completan-el-pleno-del-unicaja-en-la-primera-jornada-de-la-ventana-fiba","status":"publish","type":"post","link":"https:\/\/www.europesays.com\/es\/640516\/","title":{"rendered":"Pantzar y Balcerowski completan el pleno del Unicaja en la primera jornada de la Ventana FIBA"},"content":{"rendered":"<p class=\"ft-text\"><strong>El Unicaja cerr\u00f3 con pleno de victorias la primera jornada de la Ventana FIBA<\/strong>. Despu\u00e9s del triunfo de la Espa\u00f1a de <strong>Alberto D\u00edaz<\/strong>, este viernes fue el turno de <strong>Olek Balcerowski y Melwin Pantzar<\/strong>, que tambi\u00e9n saldaron con victoria sus compromisos internacionales con Polonia y Suecia, respectivamente.<\/p>\n<p>Balcerowski<\/p>\n<p class=\"ft-text\"><strong>Balcerowski no tuvo excesivos problemas con la selecci\u00f3n polaca, que pas\u00f3 por encima de Austria<\/strong> en un partido sin apenas historia. Polonia se impuso por un contundente 77-123 a domicilio y certific\u00f3 su quinta victoria en cinco jornadas dentro de la fase de clasificaci\u00f3n para el Mundial. El p\u00edvot del Unicaja sali\u00f3 en el quinteto titular y aprovech\u00f3 bien sus minutos sobre la pista.<\/p>\n<p><img decoding=\"async\" src=\"https:\/\/www.europesays.com\/es\/wp-content\/uploads\/2026\/07\/33620624-5c82-4469-ad48-04e02b1cc2e6_alta-libre-aspect-ratio_default_0_x600y266.jpg\" width=\"1200\" height=\"800\" alt=\"Balcerowski, durante el partido de este viernes\" class=\"ft-helper-img-rd\" loading=\"lazy\" fetchpriority=\"auto\"\/><\/p>\n<p class=\"ft-helper-fontColor-quaternary ft-helper-fontSize-body-S ft-helper-spacer-t-xxs\">Balcerowski, durante el partido de este viernes  \/ FIBA<\/p>\n<p class=\"ft-text\"><strong>El interior verde jug\u00f3 13 minutos, en los que firm\u00f3 10 puntos, un rebote y dos asistencias<\/strong>. Una aportaci\u00f3n s\u00f3lida en un encuentro dominado de principio a fin por el combinado polaco, que demostr\u00f3 su superioridad desde el inicio y termin\u00f3 reforzando su liderato en el Grupo F. Polonia cierra as\u00ed esta parte de la clasificaci\u00f3n como l\u00edder indiscutible, mientras que Austria queda muy lejos, con solo una victoria hasta la fecha.<\/p>\n<p class=\"ft-text\"><strong>La selecci\u00f3n de Balcerowski afrontar\u00e1 ahora la \u00faltima jornada con el pleno en el horizonte. Ser\u00e1 el lunes 6 frente a Pa\u00edses Bajos, <\/strong>en un duelo en el que los polacos tratar\u00e1n de completar una fase perfecta y llegar con las mejores sensaciones al siguiente tramo del camino hacia la Copa del Mundo.<\/p>\n<p>Pantzar<\/p>\n<p class=\"ft-text\"><a class=\"ft-link ft-link--decoration\" href=\"https:\/\/www.laopiniondemalaga.es\/unicaja\/2026\/06\/07\/melwin-pantzar-primera-piedra-nuevo-unicaja-2026-2027-131092001.html\" target=\"_blank\" rel=\"nofollow noopener\">Tambi\u00e9n sonri\u00f3 Melwin Pantzar, uno de los fichajes del nuevo Unicaja de Txus Vidorreta.<\/a> El base sueco fue importante en la victoria de su selecci\u00f3n ante la Rep\u00fablica Checa por 87-76, un resultado clave para mantener vivas sus opciones en el Grupo H. Pantzar<strong> disput\u00f3 25 minutos y dej\u00f3 una actuaci\u00f3n muy completa: 13 puntos, cinco rebotes y cinco asistencias.<\/strong><\/p>\n<p class=\"ft-text\">El exjugador del Surne Bilbao Basket fue el cuarto m\u00e1ximo anotador de Suecia y volvi\u00f3 a mostrar esa capacidad para sumar en varias facetas del juego que ha llamado la atenci\u00f3n del Unicaja. <strong>Direcci\u00f3n, f\u00edsico, rebote desde el puesto de base y presencia constante en pista para ayudar<\/strong> a su selecci\u00f3n en un partido de m\u00e1xima exigencia.<\/p>\n<p class=\"ft-text\">Suecia se jugar\u00e1 ahora buena parte de sus opciones mundialistas el pr\u00f3ximo lunes en Eslovenia. Lo har\u00e1 con Pantzar como una de sus piezas importantes y con el Unicaja muy pendiente de un jugador llamado a tener protagonismo en el nuevo proyecto verde.<strong> De momento, la ventana internacional no ha podido empezar mejor para los representantes cajistas.<\/strong><\/p>\n","protected":false},"excerpt":{"rendered":"El Unicaja cerr\u00f3 con pleno de victorias la primera jornada de la Ventana FIBA. Despu\u00e9s del triunfo de&hellip;\n","protected":false},"author":2,"featured_media":640517,"comment_status":"","ping_status":"","sticky":false,"template":"","format":"standard","meta":{"footnotes":""},"categories":[269],"tags":[15995,5102,299,298,15796,168,25,24,13863,29918,2464,7027,23,167,7218,2246,3108,1261],"class_list":["post-640516","post","type-post","status-publish","format-standard","has-post-thumbnail","category-baloncesto","tag-austria","tag-balcerowski","tag-baloncesto","tag-basketball","tag-completan","tag-deportes","tag-es","tag-espana","tag-fiba","tag-pantzar","tag-pleno","tag-polonia","tag-spain","tag-sports","tag-suecia","tag-unicaja","tag-ventana","tag-victoria"],"share_on_mastodon":{"url":"https:\/\/pubeurope.com\/@es\/116860713605134013","error":""},"_links":{"self":[{"href":"https:\/\/www.europesays.com\/es\/wp-json\/wp\/v2\/posts\/640516","targetHints":{"allow":["GET"]}}],"collection":[{"href":"https:\/\/www.europesays.com\/es\/wp-json\/wp\/v2\/posts"}],"about":[{"href":"https:\/\/www.europesays.com\/es\/wp-json\/wp\/v2\/types\/post"}],"author":[{"embeddable":true,"href":"https:\/\/www.europesays.com\/es\/wp-json\/wp\/v2\/users\/2"}],"replies":[{"embeddable":true,"href":"https:\/\/www.europesays.com\/es\/wp-json\/wp\/v2\/comments?post=640516"}],"version-history":[{"count":0,"href":"https:\/\/www.europesays.com\/es\/wp-json\/wp\/v2\/posts\/640516\/revisions"}],"wp:featuredmedia":[{"embeddable":true,"href":"https:\/\/www.europesays.com\/es\/wp-json\/wp\/v2\/media\/640517"}],"wp:attachment":[{"href":"https:\/\/www.europesays.com\/es\/wp-json\/wp\/v2\/media?parent=640516"}],"wp:term":[{"taxonomy":"category","embeddable":true,"href":"https:\/\/www.europesays.com\/es\/wp-json\/wp\/v2\/categories?post=640516"},{"taxonomy":"post_tag","embeddable":true,"href":"https:\/\/www.europesays.com\/es\/wp-json\/wp\/v2\/tags?post=640516"}],"curies":[{"name":"wp","href":"https:\/\/api.w.org\/{rel}","templated":true}]}}