{"id":640654,"date":"2026-07-04T09:49:17","date_gmt":"2026-07-04T09:49:17","guid":{"rendered":"https:\/\/www.europesays.com\/es\/640654\/"},"modified":"2026-07-04T09:49:17","modified_gmt":"2026-07-04T09:49:17","slug":"el-museo-de-palencia-acoge-terra-ignota-de-marina-nunez","status":"publish","type":"post","link":"https:\/\/www.europesays.com\/es\/640654\/","title":{"rendered":"El Museo de Palencia acoge &#8216;Terra ignota&#8217;, de Marina N\u00fa\u00f1ez"},"content":{"rendered":"<p>El Museo de Palencia inaugurar\u00e1 \u00a0el 10 de julio Terra ignota, la nueva exposici\u00f3n de la palentina Marina N\u00fa\u00f1ez, una de las creadoras m\u00e1s destacadas del arte contempor\u00e1neo espa\u00f1ol. La muestra, inspirada en el impulso humano por conocer el mundo, \u00a0promete transformar la Casa del Cord\u00f3n.\u00a0<\/p>\n<p>El proyecto dialoga con una de las joyas arqueol\u00f3gicas del museo, el mosaico romano del siglo IV Oc\u00e9ano y las Nereidas, hallado en la Villa Possidica de Due\u00f1as, a partir del cual la artista desarrolla una propuesta que conecta la iconograf\u00eda cl\u00e1sica con las inquietudes del presente.<\/p>\n<p>Como es habitual en la obra de Marina N\u00fa\u00f1ez, la exposici\u00f3n explora la tensi\u00f3n entre las visiones ut\u00f3picas de convivencia y empat\u00eda con la naturaleza y los escenarios dist\u00f3picos marcados por el deseo de dominarla y controlarla.<\/p>\n<p>La muestra ha sido concebida espec\u00edficamente para el Museo de Palencia e incluye dos instalaciones realizadas para el atrio del edificio, adem\u00e1s de dos videoproyecciones, cinco v\u00eddeos en monitores y nueve esculturas de cristal tallado con l\u00e1ser.\u00a0<\/p>\n<p>Con esta propuesta, el Museo de Palencia presenta una de las grandes citas culturales de la temporada, una propuesta que combina patrimonio, arte contempor\u00e1neo y nuevos lenguajes audiovisuales en una exposici\u00f3n concebida para dialogar con la arquitectura y las colecciones del propio museo.<\/p>\n<p>&#8216;tantos mundos en este&#8217;. Recordar, por otra parte, que el 19 de junio Marina N\u00fa\u00f1ez inaugur\u00f3 en La T\u00e9rmica Cultural de Ponferrada la exposici\u00f3n Tantos mundos en este, un proyecto comisariado por Isabel Dur\u00e1n que propone una reflexi\u00f3n sobre la interdependencia entre los seres humanos, la naturaleza y el cosmos a trav\u00e9s de un conjunto de obras que combinan arte, ciencia y pensamiento ecol\u00f3gico.\u00a0<\/p>\n<p>El eje central de la exposici\u00f3n, que podr\u00e1 visitarse hasta el 17 de enero de 2027, es una instalaci\u00f3n monumental de 104 metros cuadrados compuesta por 288 baldosas cer\u00e1micas impresas digitalmente, acompa\u00f1ada por una pieza sonora creada por Luis de la Torre. El recorrido se completa con Cosmos, una serie de esferas de cristal grabadas con l\u00e1ser que ampl\u00edan la mirada hacia una dimensi\u00f3n universal.<\/p>\n","protected":false},"excerpt":{"rendered":"El Museo de Palencia inaugurar\u00e1 \u00a0el 10 de julio Terra ignota, la nueva exposici\u00f3n de la palentina Marina&hellip;\n","protected":false},"author":2,"featured_media":640655,"comment_status":"","ping_status":"","sticky":false,"template":"","format":"standard","meta":{"footnotes":""},"categories":[173],"tags":[16227,801,229,233,231,230,118214,119,108918,232,234,27223,146,147,25,24,241,85637,1409,6442,16148,23],"class_list":["post-640654","post","type-post","status-publish","format-standard","has-post-thumbnail","category-arte-y-diseno","tag-arqueologia","tag-arquitectura","tag-arte","tag-arte-y-diseno","tag-arts","tag-arts-and-design","tag-casa-del-cordon","tag-ciencia","tag-cultural-cordon","tag-design","tag-diseno","tag-duenas","tag-entertainment","tag-entretenimiento","tag-es","tag-espana","tag-exposiciones","tag-museo-de-palencia","tag-naturaleza","tag-palencia","tag-ponferrada","tag-spain"],"share_on_mastodon":{"url":"https:\/\/pubeurope.com\/@es\/116861086417838529","error":""},"_links":{"self":[{"href":"https:\/\/www.europesays.com\/es\/wp-json\/wp\/v2\/posts\/640654","targetHints":{"allow":["GET"]}}],"collection":[{"href":"https:\/\/www.europesays.com\/es\/wp-json\/wp\/v2\/posts"}],"about":[{"href":"https:\/\/www.europesays.com\/es\/wp-json\/wp\/v2\/types\/post"}],"author":[{"embeddable":true,"href":"https:\/\/www.europesays.com\/es\/wp-json\/wp\/v2\/users\/2"}],"replies":[{"embeddable":true,"href":"https:\/\/www.europesays.com\/es\/wp-json\/wp\/v2\/comments?post=640654"}],"version-history":[{"count":0,"href":"https:\/\/www.europesays.com\/es\/wp-json\/wp\/v2\/posts\/640654\/revisions"}],"wp:featuredmedia":[{"embeddable":true,"href":"https:\/\/www.europesays.com\/es\/wp-json\/wp\/v2\/media\/640655"}],"wp:attachment":[{"href":"https:\/\/www.europesays.com\/es\/wp-json\/wp\/v2\/media?parent=640654"}],"wp:term":[{"taxonomy":"category","embeddable":true,"href":"https:\/\/www.europesays.com\/es\/wp-json\/wp\/v2\/categories?post=640654"},{"taxonomy":"post_tag","embeddable":true,"href":"https:\/\/www.europesays.com\/es\/wp-json\/wp\/v2\/tags?post=640654"}],"curies":[{"name":"wp","href":"https:\/\/api.w.org\/{rel}","templated":true}]}}