{"id":640910,"date":"2026-07-04T13:02:26","date_gmt":"2026-07-04T13:02:26","guid":{"rendered":"https:\/\/www.europesays.com\/es\/640910\/"},"modified":"2026-07-04T13:02:26","modified_gmt":"2026-07-04T13:02:26","slug":"nace-la-asociacion-valenciana-de-la-industria-del-videojuego","status":"publish","type":"post","link":"https:\/\/www.europesays.com\/es\/640910\/","title":{"rendered":"Nace la Asociaci\u00f3n Valenciana de la Industria del Videojuego"},"content":{"rendered":"<p class=\"ft-text ft-helper-closenews ft-helper-align-justify\">Val\u00e8ncia da un paso en la <strong>consolidaci\u00f3n de su industria del videojuego<\/strong> con el nacimiento de AVIV, la Asociaci\u00f3n Valenciana de la Industria del Videojuego. La asociaci\u00f3n estar\u00e1 integrada por<strong> \u201cprofesionales de referencia\u201d<\/strong> del sector, entre ellos Carles Pons, CEO de No Soon Tech Lab; Javier Gim\u00e9nez, CEO de Digital Sun Games; Jaime Torres, director de ESAT; Javier Carri\u00f3n, CEO de ENCOM; Axel Garc\u00eda, Managing Director de Brave Zebra; y Ram\u00f3n Nafria, desarrollador y director de proyectos de videojuegos, entre otros.<\/p>\n<p class=\"ft-text ft-helper-align-justify\">\u201cLa creaci\u00f3n de AVIV supone un<strong> hito para el ecosistema valenciano<\/strong> al dotar al sector de una entidad propia que represente sus intereses, impulse su visibilidad institucional y act\u00fae como interlocutor ante las administraciones p\u00fablicas\u201d, ha explicado Llobet, quien tambi\u00e9n ha asegurado que \u201cla asociaci\u00f3n nace en un momento de crecimiento para la industria del videojuego en la Comunitat Valenciana y contribuir\u00e1 a reforzar la colaboraci\u00f3n entre empresas, profesionales, centros de formaci\u00f3n e instituciones\u201d.<\/p>\n<p><img decoding=\"async\" src=\"https:\/\/www.europesays.com\/es\/wp-content\/uploads\/2026\/07\/d856c0d8-a2e0-4f51-903d-2cc19e2e1984_alta-libre-aspect-ratio_default_0_x800y355.jpg\" width=\"1200\" height=\"800\" alt=\"La AVIV busca consolidar la industria de los videojuegos en Valencia\" class=\"ft-helper-img-rd\" loading=\"lazy\" fetchpriority=\"auto\"\/><\/p>\n<p class=\"ft-helper-fontColor-quaternary ft-helper-fontSize-body-S ft-helper-spacer-t-xxs\">La AVIV busca consolidar la industria de los videojuegos en Valencia  \/ Daniel Tortajada<\/p>\n<p class=\"ft-text ft-helper-align-justify\">La presentaci\u00f3n de AVIV ha tenido lugar en el marco de OWN 2026, donde Val\u00e8ncia Game City, la iniciativa impulsada por el Ayuntamiento de Val\u00e8ncia a trav\u00e9s de Val\u00e8ncia Innovation Capital, contar\u00e1 con un<strong> espacio propio<\/strong>.<\/p>\n<p class=\"ft-text ft-helper-align-justify\">El espacio de la instituci\u00f3n estar\u00e1 organizado en<strong> cuatro \u00e1reas diferenciadas<\/strong> que reflejan las distintas realidades del sector. La Zona Empresas reunir\u00e1 compa\u00f1\u00edas especializadas en videojuegos y tecnolog\u00edas inmersivas La Zona Estudios Indies dar\u00e1 visibilidad a nueve equipos emergentes que presentar\u00e1n sus nuevos t\u00edtulos, mientras que la Zona Universidades mostrar\u00e1 proyectos desarrollados por alumnado de la Universitat Polit\u00e8cnica de Val\u00e8ncia y Florida Universit\u00e0ria. Por su parte, la Zona EOI acoger\u00e1 los proyectos finalistas del Demoday del programa de coworking de videojuegos \u00abFinanciaci\u00f3n y Publishing\u00bb, impulsado por Val\u00e8ncia Innovation Capital en colaboraci\u00f3n con Val\u00e8ncia Game City.<\/p>\n<p class=\"ft-text ft-helper-align-justify\">Paula Llobet ha destacado que \u00abimpulsando Val\u00e8ncia Game City estamos ayudando a crear las condiciones que permitan al talento desarrollar su carrera desde nuestra ciudad, fomentar el crecimiento de las empresas y favorecer la llegada de nuevos proyectos. <strong>Queremos consolidar una industria innovadora<\/strong>, competitiva y con capacidad para generar empleo de calidad y nuevas oportunidades econ\u00f3micas para Val\u00e8ncia.\u00bb<\/p>\n<p>Dance Battle: creatividad y talento sobre el escenario<\/p>\n<p class=\"ft-text ft-helper-align-justify\">Como parte de la programaci\u00f3n, Val\u00e8ncia Game City coorganizar\u00e1 el<strong> s\u00e1bado 4 de julio<\/strong> el Dance Battle, un concurso de baile abierto a todos los estilos que busca visibilizar y premiar el talento local. La competici\u00f3n repartir\u00e1 un premio de 300 euros en FNAC y ofrecer\u00e1 ventajas para quienes participen en el festival.<\/p>\n<p data-close=\"closedContent\" class=\"subscribeHideForDisplay\">Suscr\u00edbete para seguir leyendo<\/p>\n","protected":false},"excerpt":{"rendered":"Val\u00e8ncia da un paso en la consolidaci\u00f3n de su industria del videojuego con el nacimiento de AVIV, la&hellip;\n","protected":false},"author":2,"featured_media":640911,"comment_status":"","ping_status":"","sticky":false,"template":"","format":"standard","meta":{"footnotes":""},"categories":[91],"tags":[7554,209,2308,146,147,25,24,2893,4131,23,25138,235,11004,22686,132],"class_list":["post-640910","post","type-post","status-publish","format-standard","has-post-thumbnail","category-entretenimiento","tag-asociacion","tag-cultura","tag-empresas","tag-entertainment","tag-entretenimiento","tag-es","tag-espana","tag-industria","tag-nace","tag-spain","tag-vaiven","tag-valencia","tag-valenciana","tag-videojuego","tag-videojuegos"],"share_on_mastodon":{"url":"https:\/\/pubeurope.com\/@es\/116861846018787198","error":""},"_links":{"self":[{"href":"https:\/\/www.europesays.com\/es\/wp-json\/wp\/v2\/posts\/640910","targetHints":{"allow":["GET"]}}],"collection":[{"href":"https:\/\/www.europesays.com\/es\/wp-json\/wp\/v2\/posts"}],"about":[{"href":"https:\/\/www.europesays.com\/es\/wp-json\/wp\/v2\/types\/post"}],"author":[{"embeddable":true,"href":"https:\/\/www.europesays.com\/es\/wp-json\/wp\/v2\/users\/2"}],"replies":[{"embeddable":true,"href":"https:\/\/www.europesays.com\/es\/wp-json\/wp\/v2\/comments?post=640910"}],"version-history":[{"count":0,"href":"https:\/\/www.europesays.com\/es\/wp-json\/wp\/v2\/posts\/640910\/revisions"}],"wp:featuredmedia":[{"embeddable":true,"href":"https:\/\/www.europesays.com\/es\/wp-json\/wp\/v2\/media\/640911"}],"wp:attachment":[{"href":"https:\/\/www.europesays.com\/es\/wp-json\/wp\/v2\/media?parent=640910"}],"wp:term":[{"taxonomy":"category","embeddable":true,"href":"https:\/\/www.europesays.com\/es\/wp-json\/wp\/v2\/categories?post=640910"},{"taxonomy":"post_tag","embeddable":true,"href":"https:\/\/www.europesays.com\/es\/wp-json\/wp\/v2\/tags?post=640910"}],"curies":[{"name":"wp","href":"https:\/\/api.w.org\/{rel}","templated":true}]}}