{"id":641100,"date":"2026-07-04T15:41:21","date_gmt":"2026-07-04T15:41:21","guid":{"rendered":"https:\/\/www.europesays.com\/es\/641100\/"},"modified":"2026-07-04T15:41:21","modified_gmt":"2026-07-04T15:41:21","slug":"primeras-imagenes-de-las-meninas-en-el-futuro-espai-valdes-en-parque-central","status":"publish","type":"post","link":"https:\/\/www.europesays.com\/es\/641100\/","title":{"rendered":"Primeras im\u00e1genes de las Meninas en el futuro Espai Vald\u00e9s en Parque Central"},"content":{"rendered":"<p>04\/07\/2026 a las 13:35h.<\/p>\n<p style=\"\">Las Meninas de Manolo Vald\u00e9s ya est\u00e1n en el espacio expositivo dedicado al escultor en Parque Central. S\u00ed, de momento es una figuraci\u00f3n, pero tambi\u00e9n  &#8230; esa imagen supone un hito. Representa el aceler\u00f3n definitivo para que Valencia salde su deuda con el escultor durante 2027. El Ayuntamiento ha adjudicado la redacci\u00f3n del proyecto de adecuaci\u00f3n del muelle 3 del Parque Central como espacio expositivo &#8216;Espai Manolo Vald\u00e9s&#8217;. El contrato incluye la direcci\u00f3n de obras, de instalaciones y coordinaci\u00f3n de seguridad y salud. La empresa que se ha llevado la licitaci\u00f3n <a href=\"https:\/\/www.lasprovincias.es\/valencia-ciudad\/proyecto-espai-valdes-parque-central-ganador-20260602123338-nt.html\" target=\"_self\" data-voc-vtm-id=\"in-text-traffic\" data-mrf-link=\"www.lasprovincias.es\" rel=\"nofollow noopener\">es Vetges Tu i Mediterrania SLP, firmando un contrato que tiene un importe de 79.194,78 euros<\/a> con IVA incluido. Estos cerca de 80.000 euros supone una importante rebaja con respecto a la cantidad con la que se lanz\u00f3 la propuesta a la que concurrieron tres empresas, y que ascend\u00eda a algo m\u00e1s de 123.000 euros.<\/p>\n<p class=\"v-d-p\" style=\"\">\u00abEste es un paso m\u00e1s para que la ciudad de Valencia cuente con el &#8216;Espai Vald\u00e9s&#8217;, un centro de referencia sobre la obra de uno de los artistas valencianos m\u00e1s importantes del siglo XX\u00bb, ha indicado el concejal de Patrimonio y Recursos Culturales del Ayuntamiento de Valencia, Jos\u00e9 Luis Moreno. \u00abCon la adjudicaci\u00f3n del proyecto de redacci\u00f3n, la puesta en marcha del &#8216;Espai Vald\u00e9s&#8217; est\u00e1 cada vez m\u00e1s cerca\u00ab. Pero esto no quiere decir que est\u00e9n todos los pasos dados. Seg\u00fan se detalla en el pliego, Vetges Tu i Mediterrania SLP tiene ahora dos meses y medio (esto es, el plazo expirar\u00eda a finales de septiembre) para entregar el proyecto.<\/p>\n<p class=\"v-d-p\" style=\"\">Una vez superado este tr\u00e1mite burocr\u00e1tico, se puede decir que la iniciativa toma velocidad de crucero. Y esto se escenifica en las primeras figuraciones de c\u00f3mo se dispondr\u00e1n las ic\u00f3nicas Meninas de Manolo Vald\u00e9s en el futuro espacio expositivo. &#8216;Espai Manolo Vald\u00e9s&#8217;, que estar\u00e1 encabezado por el monolito in\u00e9dito, hito vertical de la trayectoria del escultor valenciano, contar\u00e1 con una treintena de piezas, entre ellas unas cabezas femeninas monumentales de gran formato.<\/p>\n<ul class=\"v-cmp-rld__u\">\n<li class=\"v-cmp-rld__l\">\n<p><a class=\"v-a-lnk\" href=\"http:\/\/www.lasprovincias.es\/valencia-ciudad\/ayuntamiento-valencia-adjudica-gestion-polideportivo-parque-central-20260703124149-nt.html#vtm_modulosEngag=noticiasrelacionadas-cmp-uno:culturas:noticia:1\" data-voc-vtm-id=\"in-text-traffic\" rel=\"nofollow noopener\" target=\"_blank\"><br \/>\n<img decoding=\"async\" loading=\"lazy\" src=\"https:\/\/www.europesays.com\/es\/wp-content\/uploads\/2026\/07\/polideportivo-parque-central-signes-U84813350004sKN-366x256@Las Provincias.jpg\" class=\"v-a-img\" width=\"258\" height=\"180\" alt=\"El Ayuntamiento de Valencia adjudica la gesti\u00f3n del polideportivo del Parque Central\"\/><br \/>\n<\/a><\/p>\n<\/li>\n<\/ul>\n<p class=\"v-d-p\" style=\"\">Cuando tenga este proyecto en la mano, el Ayuntamiento licitar\u00e1 la ejecuci\u00f3n de las obras de adecuaci\u00f3n del muelle 3 del Parque Central. Para llevar a cabo estos trabajos son necesarios siete meses una vez haya tambi\u00e9n una empresa adjudicataria. \u00abEste proyecto que pone a la ciudad en el epicentro del arte contempor\u00e1neo y que convertir\u00e1 a Valencia en la primera ciudad que cuenta con un museo dedicado al genio valenciano\u00bb, ha asegurado Jos\u00e9 Luis Moreno. <\/p>\n<p class=\"v-d-p\" style=\"\">El edificio que acoger\u00e1 el &#8216;Espai Manolo Vald\u00e9s&#8217; est\u00e1 declarado Bien de Relevancia Local, por lo que todas las actuaciones recogidas en el proyecto se someten a la Ley de Patrimonio Cultural Valenciano, adem\u00e1s de a las normativas urban\u00edsticas. El proyecto deber\u00e1 someterse a la aprobaci\u00f3n t\u00e9cnica municipal, previo informe favorable de los servicios municipales afectados y, si es procedente, de la Oficina Municipal de Supervisi\u00f3n de Proyectos y de la Comisi\u00f3n de Patrimonio. Una vez redactado y aprobado el proyecto, se sacar\u00e1 a licitaci\u00f3n la ejecuci\u00f3n de la obra. <\/p>\n<p class=\"v-d-p\" style=\"\">El futuro &#8216;Espai Vald\u00e9s&#8217;, tal y como anunci\u00f3 la alcaldesa de Valencia, Mar\u00eda Jos\u00e9 Catal\u00e1, tomar\u00e1 forma en la nave cuya fachada da a la avenida Filipinas. El presupuesto para su adecuaci\u00f3n asciende a 1,02 millones de euros. Fuentes municipales especifican que el proyecto que debe elaborar la empresa Veges Tu i Mediterrania SLP debe basarse en el proyecto b\u00e1sico elaborado por el Servicio Municipal de Patrimonio Hist\u00f3rico y Art\u00edstico. Se seguir\u00e1 el programa de necesidades definido por la Jefatura de Secci\u00f3n de Museos y Monumentos, y se atender\u00e1 a las pautas generales establecidas, tanto desde el punto de vista cultural como patrimonial.<\/p>\n<p><img decoding=\"async\" loading=\"lazy\" src=\"https:\/\/www.europesays.com\/es\/wp-content\/uploads\/2026\/07\/PHOTO-2026-07-03-12-52-35 (1)-U74126472653Ziw-680x476@Las Provincias.jpg\" class=\"v-a-img\" width=\"680\" height=\"478\" alt=\"Las ic\u00f3nicas Meninas ser\u00e1n una parte fundamental del espacio expositivo.\" data-voc-vtm-id=\"in-text-traffic\"\/><\/p>\n<p>Las ic\u00f3nicas Meninas ser\u00e1n una parte fundamental del espacio expositivo.<\/p>\n<p>(LP)<\/p>\n<p class=\"v-d-p\" style=\"\">Una de las premisas que ha marcado el Ayuntamiento en este espacio es respetar la impronta visual de la arquitectura industrial de los muelles proyectados por Demetrio Ribes en el Parque Central. La obra debe llevarse a cabo integrando los elementos singulares de car\u00e1cter arquitect\u00f3nico y conservando los sistemas constructivos originales. Adem\u00e1s, es imprescindible ofrecer una garant\u00eda de que se puede revertir la obra. <\/p>\n<p class=\"v-d-p\" style=\"\">Los servicios previstos en el futuro Espai Manolo Vald\u00e9s se contienen en un m\u00f3dulo contenedor de acero corten que sigue la l\u00ednea de los ya existentes en todos los restantes muelles. Esto permitir\u00e1 integrarlo dentro del proyecto del Parque Central de Val\u00e8ncia. As\u00ed, se prev\u00e9 la generaci\u00f3n de un espacio entre la entrada y el contenedor, con la recepci\u00f3n, las taquillas y la cafeter\u00eda. Dentro del contenedor estar\u00e1 el almac\u00e9n, el office, la sala de instalaciones y los ba\u00f1os, estos \u00faltimos separados para el uso del edificio y otros exteriores para uso general del parque. Este m\u00f3dulo distribuidor impedir\u00e1 la visi\u00f3n inmediata de la sala, lo que permitir\u00e1 mantener el factor sorpresa cuando se acceda a ella.<\/p>\n<p class=\"v-d-p\" style=\"\">Una vez pasada esta especie de barrera, se acceder\u00e1 a un espacio \u00fanico sin ruido visual, en el que se podr\u00e1 disfrutar de la arquitectura del edificio y de las obras de arte expuestas. Adem\u00e1s, a fin de permitir el acercamiento a las piezas, se prev\u00e9 pavimentar el suelo mediante hormig\u00f3n pulido en blanco (resinas epoxi), y se dar\u00e1 ocasi\u00f3n a que las personas visitantes puedan recorrer la nave y rodear las obras en cualquier direcci\u00f3n.<\/p>\n<p class=\"v-d-p\" style=\"\">En relaci\u00f3n con el exterior del edificio, se eliminar\u00e1 parte del z\u00f3calo en el vano donde se une con el contenedor de acero corten, y se repondr\u00e1 en las fachadas donde se encuentran las salidas. Asimismo, se cerrar\u00e1n todos los vanos con vidrio de seguridad con control solar, anclado directamente al muro, y se mantendr\u00e1n las puertas existentes de madera en los accesos con bastidor de acero. En cambio, no se intervendr\u00e1 ni en el sistema estructural ni en la cubierta del edificio.<\/p>\n","protected":false},"excerpt":{"rendered":"04\/07\/2026 a las 13:35h. Las Meninas de Manolo Vald\u00e9s ya est\u00e1n en el espacio expositivo dedicado al escultor&hellip;\n","protected":false},"author":2,"featured_media":641101,"comment_status":"","ping_status":"","sticky":false,"template":"","format":"standard","meta":{"footnotes":""},"categories":[173],"tags":[14603,229,233,231,230,1512,232,234,146,147,25,118249,24,24370,3402,18330,6990,23,42982,235],"class_list":["post-641100","post","type-post","status-publish","format-standard","has-post-thumbnail","category-arte-y-diseno","tag-acelera","tag-arte","tag-arte-y-diseno","tag-arts","tag-arts-and-design","tag-central","tag-design","tag-diseno","tag-entertainment","tag-entretenimiento","tag-es","tag-espai","tag-espana","tag-manolo","tag-marcha","tag-parc","tag-puesta","tag-spain","tag-valdes","tag-valencia"],"share_on_mastodon":{"url":"https:\/\/pubeurope.com\/@es\/116862471315076782","error":""},"_links":{"self":[{"href":"https:\/\/www.europesays.com\/es\/wp-json\/wp\/v2\/posts\/641100","targetHints":{"allow":["GET"]}}],"collection":[{"href":"https:\/\/www.europesays.com\/es\/wp-json\/wp\/v2\/posts"}],"about":[{"href":"https:\/\/www.europesays.com\/es\/wp-json\/wp\/v2\/types\/post"}],"author":[{"embeddable":true,"href":"https:\/\/www.europesays.com\/es\/wp-json\/wp\/v2\/users\/2"}],"replies":[{"embeddable":true,"href":"https:\/\/www.europesays.com\/es\/wp-json\/wp\/v2\/comments?post=641100"}],"version-history":[{"count":0,"href":"https:\/\/www.europesays.com\/es\/wp-json\/wp\/v2\/posts\/641100\/revisions"}],"wp:featuredmedia":[{"embeddable":true,"href":"https:\/\/www.europesays.com\/es\/wp-json\/wp\/v2\/media\/641101"}],"wp:attachment":[{"href":"https:\/\/www.europesays.com\/es\/wp-json\/wp\/v2\/media?parent=641100"}],"wp:term":[{"taxonomy":"category","embeddable":true,"href":"https:\/\/www.europesays.com\/es\/wp-json\/wp\/v2\/categories?post=641100"},{"taxonomy":"post_tag","embeddable":true,"href":"https:\/\/www.europesays.com\/es\/wp-json\/wp\/v2\/tags?post=641100"}],"curies":[{"name":"wp","href":"https:\/\/api.w.org\/{rel}","templated":true}]}}