{"id":641267,"date":"2026-07-04T17:58:12","date_gmt":"2026-07-04T17:58:12","guid":{"rendered":"https:\/\/www.europesays.com\/es\/641267\/"},"modified":"2026-07-04T17:58:12","modified_gmt":"2026-07-04T17:58:12","slug":"sulejmanovic-del-unicaja-al-joventut","status":"publish","type":"post","link":"https:\/\/www.europesays.com\/es\/641267\/","title":{"rendered":"Sulejmanovic, del Unicaja al Joventut"},"content":{"rendered":"<p style=\"\">Emir Sulejmanovic seguir\u00e1 en la Liga ACB. Una vez que el Unicaja hizo oficial la rescisi\u00f3n de su contrato, el p\u00edvot ya pudo activar la  &#8230; llegada a su nuevo equipo, el Asisa Joventut, con el que volver\u00e1 a competir en la Basketball Champions League. <\/p>\n<p class=\"v-d-p\" style=\"\">No ha sido una operaci\u00f3n rel\u00e1mpago. La realidad es que Sulejmanovic sab\u00eda desde hace un par de semanas que no entraba en los planes de Txus Vidorreta para el nuevo proyecto que liderar\u00e1 en M\u00e1laga, as\u00ed que sus agentes ya le fueron buscando un nuevo destino. <\/p>\n<ul class=\"v-cmp-rld__u\">\n<li class=\"v-cmp-rld__l\">\n<p><a class=\"v-a-lnk\" href=\"http:\/\/www.diariosur.es\/unicaja\/unicaja-prescinde-sulejmanovic-20260703131902-nt.html#vtm_modulosEngag=noticiasrelacionadas-cmp-uno:unicaja:noticia:1\" data-voc-vtm-id=\"in-text-traffic\" rel=\"nofollow noopener\" target=\"_blank\"><br \/>\n<img decoding=\"async\" loading=\"lazy\" src=\"https:\/\/www.europesays.com\/es\/wp-content\/uploads\/2026\/07\/RS901939_J24 BAR-UNI Firmar acb Photo - Judit Cartiel-U85465578350NGc-366x256@Diario Sur.jpeg\" class=\"v-a-img\" width=\"258\" height=\"180\" alt=\"El Unicaja prescinde de Sulejmanovic\"\/><br \/>\n<\/a><\/p>\n<\/li>\n<\/ul>\n<p class=\"v-d-p\" style=\"\">El bosnio tiene una buena imagen entre los clubes de la ACB, de hecho en M\u00e1laga no desenton\u00f3 y quiz\u00e1 su salida es fruto de la irregular temporada y el flojo papel de alguno de sus compa\u00f1eros. Como es l\u00f3gico, la llegada de otro entrenador tambi\u00e9n ha influido. De este modo, Sulejmanovic jugar\u00e1 en Badalona, un inter\u00e9s apuntado por &#8216;La Central&#8217;.<\/p>\n<p class=\"v-d-p\" style=\"\">El p\u00edvot refuerza as\u00ed a un rival directo del Unicaja en la Basketball Champions League. A la espera de la configuraci\u00f3n definitiva de la plantilla verdinegra y tras la salida del Tenerife a la Eurocup, los de Badalona son los grandes rivales del equipo malague\u00f1o por el t\u00edtulo de la competici\u00f3n europea.<\/p>\n<p class=\"v-d-p\" style=\"\">Sulejmanovic acumula 255 partidos en la Liga Endesa, en la que, adem\u00e1s de en el Unicaja, ha pasado por las filas del Casademont Zaragoza, La Laguna Tenerife, R\u00edo Broeg\u00e1n, Fuenlabrada y Surne Bilbao. <\/p>\n","protected":false},"excerpt":{"rendered":"Emir Sulejmanovic seguir\u00e1 en la Liga ACB. Una vez que el Unicaja hizo oficial la rescisi\u00f3n de su&hellip;\n","protected":false},"author":2,"featured_media":641268,"comment_status":"","ping_status":"","sticky":false,"template":"","format":"standard","meta":{"footnotes":""},"categories":[269],"tags":[299,298,168,25,24,4079,23,167,24111,2246],"class_list":["post-641267","post","type-post","status-publish","format-standard","has-post-thumbnail","category-baloncesto","tag-baloncesto","tag-basketball","tag-deportes","tag-es","tag-espana","tag-joventut","tag-spain","tag-sports","tag-sulejmanovic","tag-unicaja"],"share_on_mastodon":{"url":"https:\/\/pubeurope.com\/@es\/116863010335725779","error":""},"_links":{"self":[{"href":"https:\/\/www.europesays.com\/es\/wp-json\/wp\/v2\/posts\/641267","targetHints":{"allow":["GET"]}}],"collection":[{"href":"https:\/\/www.europesays.com\/es\/wp-json\/wp\/v2\/posts"}],"about":[{"href":"https:\/\/www.europesays.com\/es\/wp-json\/wp\/v2\/types\/post"}],"author":[{"embeddable":true,"href":"https:\/\/www.europesays.com\/es\/wp-json\/wp\/v2\/users\/2"}],"replies":[{"embeddable":true,"href":"https:\/\/www.europesays.com\/es\/wp-json\/wp\/v2\/comments?post=641267"}],"version-history":[{"count":0,"href":"https:\/\/www.europesays.com\/es\/wp-json\/wp\/v2\/posts\/641267\/revisions"}],"wp:featuredmedia":[{"embeddable":true,"href":"https:\/\/www.europesays.com\/es\/wp-json\/wp\/v2\/media\/641268"}],"wp:attachment":[{"href":"https:\/\/www.europesays.com\/es\/wp-json\/wp\/v2\/media?parent=641267"}],"wp:term":[{"taxonomy":"category","embeddable":true,"href":"https:\/\/www.europesays.com\/es\/wp-json\/wp\/v2\/categories?post=641267"},{"taxonomy":"post_tag","embeddable":true,"href":"https:\/\/www.europesays.com\/es\/wp-json\/wp\/v2\/tags?post=641267"}],"curies":[{"name":"wp","href":"https:\/\/api.w.org\/{rel}","templated":true}]}}