{"id":641294,"date":"2026-07-04T18:19:13","date_gmt":"2026-07-04T18:19:13","guid":{"rendered":"https:\/\/www.europesays.com\/es\/641294\/"},"modified":"2026-07-04T18:19:13","modified_gmt":"2026-07-04T18:19:13","slug":"caja-rural-seguros-rga-termina-contento-en-su-estreno-del-tour-de-francia-esciclismo","status":"publish","type":"post","link":"https:\/\/www.europesays.com\/es\/641294\/","title":{"rendered":"Caja Rural-Seguros RGA termina contento en su estreno del Tour de Francia &#8211; Esciclismo"},"content":{"rendered":"<ol>\n<li><a href=\"https:\/\/news.google.com\/rss\/articles\/CBMiakFVX3lxTE56NjdyYy10cTJSWF8yNjZJckt0N3paMnJyaFJkeV84MGhZTmtfYjAyRVl0aDRZMHJCYk5xUUhyN2pPYlU3cG1zQzdLQ2VaX3c2Z2RpRTRsZ0wyeFNaamdVSU1jQW12YnVQZ1E?oc=5\" target=\"_blank\" rel=\"nofollow noopener\">Caja Rural-Seguros RGA termina contento en su estreno del Tour de Francia<\/a>&nbsp;&nbsp;Esciclismo<\/li>\n<li><a href=\"https:\/\/news.google.com\/rss\/articles\/CBMi3wFBVV95cUxQZDVzT2JvcVl2Mnl4QzdnMi1Xd3NjRzd1cDdKUFdsVWRvcE5nTFc4eE9TU01kNjQxalAxSmswMFhnLURtbjdCQUNrb0RCbk9FMXNHVk1oU3gzNDhLbmUwOHQ0TTBKTmZ5Q1o4b1NkUzhrd2pKbXo2aFZfSzBicVBGQ3JFZXE5RVlSUDl4Y2pZcmhvY0IteUZuQUpiSEUwVmJlQ3FheDVxc0prMDNfWEdmYXRUZjhPQnV4THJyaU45Q3daZE5SdUNjSVFYdlhzMDJESUxTc2NSOE92ZUVzbGk0?oc=5\" target=\"_blank\" rel=\"nofollow noopener\">Caja Rural inaugura el Grand D\u00e9part de Barcelona: Su ansiado regreso al Tour 38 a\u00f1os despu\u00e9s<\/a>&nbsp;&nbsp;Eurosport<\/li>\n<li><a href=\"https:\/\/news.google.com\/rss\/articles\/CBMi2AFBVV95cUxNUWdPS3lRVUtMYmxEZWlfNkpWdEZINDBjdEtDcVdCUlN6cFdfSFFMNFRiN0RJUjFUMVZJMUZ5NVhyRlFjVExtdXhhNlNYRDdubnJKVXpLLWh5REMzSnJEczdwb1I4MGNyLXZ1UVA0VVl4N2lIM1B1SzluaXgyS2hMYmx5N0ZBS1lRZW5wZ0M4THZmZFQ4ZUpEdTJkTS1DeUNXUVlSQVJRWHlqSGpaRDRrWW83d2lTay1qbWNqTjRNMHlXUXhDMXNxOFlRN2RYZVpfNmJJNEZuT2c?oc=5\" target=\"_blank\" rel=\"nofollow noopener\">S\u00e1bado 4 de julio, 17:05 horas: la crono hist\u00f3rica de Caja Rural-RGA<\/a>&nbsp;&nbsp;Diario de Navarra<\/li>\n<li><a href=\"https:\/\/news.google.com\/rss\/articles\/CBMitAFBVV95cUxQU25EUTkzX3MwVndMUTN3bXlkUWFuNnRfRzE2RWhwQ3FfS0hjenkyQ3B1a184ZEppeEtDOTlUVUxJNEtTT0ZfbmRFYVFlU0F2VzdfeHB1OGpyX3hvVExKX2RpSlRjRDNmeTZRTm1VYlRXZndXa3UzYk1hWXN5OWJwRk45Ul9pX21jdWkxcEFJOVJDcFJLSmt1TVJHWGNCV1VJZXV3TFpEa1Z2SEtidjd1Z0JVS1E?oc=5\" target=\"_blank\" rel=\"nofollow noopener\">Caja Rural-Seguros RGA anuncia su equipo para el debut en el Tour de Francia<\/a>&nbsp;&nbsp;Team Caja Rural &#8211; Seguros RGA<\/li>\n<li><a href=\"https:\/\/news.google.com\/rss\/articles\/CBMikwFBVV95cUxOWW9IV29zUDh4ZVAzUldLMG14SU5QUEdyUWFNV2lTZVIxUGxoTVJoVFZEejVqZFZiWHBhNWViRnRyckJpSHZNTmFBa25MUjVWb3ZZNmpZUWVaQ1QySkloUFluaUtzaEtBX0ZZSWRYVUlhT1NXWmVyNC0yTjJBVjRtalg3dnlmZ3ZpTWNVRjNWT3FIMjA?oc=5\" target=\"_blank\" rel=\"nofollow noopener\">Caja Rural vuelve al Tour con Victoria en los pies<\/a>&nbsp;&nbsp;NueveCuatroUno<\/li>\n<\/ol>\n","protected":false},"excerpt":{"rendered":"Caja Rural-Seguros RGA termina contento en su estreno del Tour de Francia&nbsp;&nbsp;Esciclismo Caja Rural inaugura el Grand D\u00e9part&hellip;\n","protected":false},"author":2,"featured_media":641295,"comment_status":"","ping_status":"","sticky":false,"template":"","format":"standard","meta":{"footnotes":""},"categories":[273],"tags":[3360,118263,210,115860,8221,313,8310,11218,312,23215,168,1376,2197,158,6440,25,24,7214,317,699,13056,9228,5215,737,2750,5516,138,708,3403,9,13268,32885,15198,2241,10741,3587,23,167,8331,33394,316,14955],"class_list":["post-641294","post","type-post","status-publish","format-standard","has-post-thumbnail","category-ciclismo","tag-abrir","tag-aproximaba","tag-barcelona","tag-boucle","tag-caja","tag-ciclismo","tag-conjunto","tag-contrarreloj","tag-cycling","tag-debutante","tag-deportes","tag-disputa","tag-edicion","tag-el","tag-equipos","tag-es","tag-espana","tag-formacion","tag-francia","tag-grande","tag-h","tag-honor","tag-kilometros","tag-marco","tag-media","tag-medida","tag-meta","tag-navarra","tag-navarro","tag-news","tag-perdiendo","tag-registro","tag-rga","tag-rural","tag-seguros","tag-situa","tag-spain","tag-sports","tag-telon","tag-tenido","tag-tour","tag-unidades"],"share_on_mastodon":{"url":"https:\/\/pubeurope.com\/@es\/116863091779009948","error":""},"_links":{"self":[{"href":"https:\/\/www.europesays.com\/es\/wp-json\/wp\/v2\/posts\/641294","targetHints":{"allow":["GET"]}}],"collection":[{"href":"https:\/\/www.europesays.com\/es\/wp-json\/wp\/v2\/posts"}],"about":[{"href":"https:\/\/www.europesays.com\/es\/wp-json\/wp\/v2\/types\/post"}],"author":[{"embeddable":true,"href":"https:\/\/www.europesays.com\/es\/wp-json\/wp\/v2\/users\/2"}],"replies":[{"embeddable":true,"href":"https:\/\/www.europesays.com\/es\/wp-json\/wp\/v2\/comments?post=641294"}],"version-history":[{"count":0,"href":"https:\/\/www.europesays.com\/es\/wp-json\/wp\/v2\/posts\/641294\/revisions"}],"wp:featuredmedia":[{"embeddable":true,"href":"https:\/\/www.europesays.com\/es\/wp-json\/wp\/v2\/media\/641295"}],"wp:attachment":[{"href":"https:\/\/www.europesays.com\/es\/wp-json\/wp\/v2\/media?parent=641294"}],"wp:term":[{"taxonomy":"category","embeddable":true,"href":"https:\/\/www.europesays.com\/es\/wp-json\/wp\/v2\/categories?post=641294"},{"taxonomy":"post_tag","embeddable":true,"href":"https:\/\/www.europesays.com\/es\/wp-json\/wp\/v2\/tags?post=641294"}],"curies":[{"name":"wp","href":"https:\/\/api.w.org\/{rel}","templated":true}]}}