{"id":641310,"date":"2026-07-04T18:30:25","date_gmt":"2026-07-04T18:30:25","guid":{"rendered":"https:\/\/www.europesays.com\/es\/641310\/"},"modified":"2026-07-04T18:30:25","modified_gmt":"2026-07-04T18:30:25","slug":"hay-que-protegerse-la-piel-durante-todo-el-ano-para-prevenir-el-cancer-no-solo-en-verano","status":"publish","type":"post","link":"https:\/\/www.europesays.com\/es\/641310\/","title":{"rendered":"\u00abHay que protegerse la piel durante todo el a\u00f1o para prevenir el c\u00e1ncer, no solo en verano\u00bb"},"content":{"rendered":"<p style=\"\">En pleno verano y ante otra ola de calor por la que Durango podr\u00eda alcanzar los 41 grados el pr\u00f3ximo lunes, la presidenta de la  &#8230; asociaci\u00f3n contra el c\u00e1ncer en la localidad, Besi Carreto, recalca la importancia de cuidarse y protegerse la piel durante todo el a\u00f1o para prevenir esta cruel enfermedad.<\/p>\n<p class=\"v-d-p\" style=\"\"><strong>-En pleno verano, \u00bfc\u00f3mo se puede proteger la piel del sol y las altas temperaturas para prevenir el c\u00e1ncer de piel?<\/strong><\/p>\n<p class=\"v-d-p\" style=\"\">En realidad, la piel se debe proteger todo el a\u00f1o hasta cuando est\u00e1 nublado y sales de casa. No solamente cuando vas a la piscina o playa, hay que protegerse hasta cuando sales a la calle a realizar la compra. Se tienen que proteger la piel los obreros que est\u00e1n en la calle trabajando<\/p>\n<p class=\"v-d-p\" style=\"\"><strong>-\u00bfC\u00f3mo se puede sensibilizar a los vecinos sobre esta enfermedad?<\/strong><\/p>\n<p class=\"v-d-p\" style=\"\">Lo m\u00e1s importante es la prevenci\u00f3n, cuando te llega la carta a casa para realizar una muestra es super importante hacer caso. Si encuentran algo, te van a llamar, si lo dejas pasar sin hacerte, ha pasado mucho tiempo y es m\u00e1s dif\u00edcil de detectar para los m\u00e9dicos, no es lo mismo un tumor reciente que un tumor de hace tiempo. Ante la menor duda, acudir al m\u00e9dico.<\/p>\n<p class=\"v-d-p\" style=\"\"><strong>-\u00bfQu\u00e9 recursos ofrece actualmente la asociaci\u00f3n?<\/strong><\/p>\n<p class=\"v-d-p\" style=\"\">Primero de todo, hay que destacar que la asociaci\u00f3n en Bizkaia tiene el tel\u00e9fono que funciona las 24 horas los 365 d\u00edas del a\u00f1o: 900 100 036. Una vez que se ponen en contacto, les atienden profesionales especializados y ven lo que necesitan y les gu\u00edan hacia los recursos que tenemos. A nivel general, hay atenci\u00f3n de orientaci\u00f3n social, ayudas para alojamiento, atenci\u00f3n psicol\u00f3gica a personas con c\u00e1ncer y sus familiares incluyendo menores y j\u00f3venes. A su vez, se prestan pelucas, camas articuladas, gr\u00faas, sillas de ruedas y se ofrecen ayudas econ\u00f3micas. <\/p>\n<p class=\"v-d-p\" style=\"\"><strong>-Tambi\u00e9n hay voluntarios que ayudan a los enfermos<\/strong><\/p>\n<p class=\"v-d-p\" style=\"\">Efectivamente, hay personas voluntarias en la localidad que acompa\u00f1an a los pacientes a los ambulatorios y hospitales o incluso hacen las compras para aquellos que no tienen ayuda familiar. Del mismo modo, se realizan talleres y ofrecen asesoramiento jur\u00eddico laboral para atender a consultas de pacientes que est\u00e1n enfermas y a su vez, se encuentran trabajando y les tramitan el periodo de baja.<\/p>\n<p class=\"v-d-p\" style=\"\"><strong>-Adem\u00e1s, tiene una importancia fundamental el ejercicio f\u00edsico y una correcta alimentaci\u00f3n<\/strong><\/p>\n<p class=\"v-d-p\" style=\"\">\u00daltimamente, se han incorporado m\u00e1s recursos y uno debe ser realizar deporte y fomentar la actividad f\u00edsica para la gente afectada por esta enfermedad. A su vez, ofrecen atenci\u00f3n grupal para mejorar la movilidad, fuerza y resistencia para prevenir disfunciones del suelo p\u00e9lvico en hombres y mujeres. En cuanto a los h\u00e1bitos alimenticios, tambi\u00e9n se les orienta con un plan y se les indica las comidas adecuadas. Cada vez, ofrecemos m\u00e1s cosas para pacientes y familiares y son sesiones gratuitas.<\/p>\n<p class=\"v-d-p\" style=\"\"><strong>-En Durango, se ofrece una consulta presencial todas las semanas<\/strong><\/p>\n<p class=\"v-d-p\" style=\"\">Efectivamente, la asociaci\u00f3n contra el c\u00e1ncer de Bizkaia designa una coordinadora de sedes que acude a Durango todos los mi\u00e9rcoles, de 10.00 a 14.00 horas por si alguien necesita una informaci\u00f3n m\u00e1s personal. Muchas consultas son relacionadas con el pr\u00e9stamo de pelucas o material ortop\u00e9dico. De ah\u00ed, lo importante que son las campa\u00f1as para visibilizar y que la gente de Durango nos conozca y nos vea y se pueda acercar a nosotros. Cualquier d\u00eda en el que yo vaya paseando por la calle, si alguien necesita algo y quiere dirigirse a m\u00ed yo encantada. A lo largo del a\u00f1o pasado, en Durango, se atendieron a 42 personas.<\/p>\n<p class=\"v-d-p\" style=\"\"><strong>-\u00bfQu\u00e9 otras actividades realizan cada a\u00f1o?<\/strong><\/p>\n<p class=\"v-d-p\" style=\"\">Hacemos todas las campa\u00f1as del c\u00e1ncer: mama (octubre), colon (noviembre), pr\u00f3stata (noviembre) y cuestaci\u00f3n (diciembre). Ahora mismo, hemos estado con el c\u00e1ncer de piel y queremos que la gente se conciencie de lo importante que es la prevenci\u00f3n. Hoy en d\u00eda, aparte de la investigaci\u00f3n, es fundamental la prevenci\u00f3n tanto a nivel de hacerse pruebas como la de colon o pecho que son super importantes.<\/p>\n<p class=\"v-d-p\" style=\"\">El mes pasado, se hizo una marcha y todo lo recaudado se destin\u00f3 a la prevenci\u00f3n del c\u00e1ncer de pr\u00f3stata. En Bizkaia, hay muchos investigadores trabajando sobre el c\u00e1ncer de pr\u00f3stata, como el laboratorio vasco CIC BioGune. Ese d\u00eda es muy bonito y los profesionales ofrecen charlas sobre lo que est\u00e1n investigando.<\/p>\n<p class=\"v-d-p\" style=\"\"><strong>-Hace dos a\u00f1os, tom\u00f3 el relevo de Montse Llorente, que hab\u00eda estado varias d\u00e9cadas en el cargo. \u00bfCree que Durango est\u00e1 concienciada con la prevenci\u00f3n del c\u00e1ncer?<\/strong><\/p>\n<p class=\"v-d-p\" style=\"\">-Yo creo que todav\u00eda hay que trabajar mucho. Es verdad, estamos una veintena de voluntarias y trabajamos y realizamos diferentes acciones. Todo el mundo es bienvenido de voluntario y cuanta m\u00e1s gente seamos, m\u00e1s campa\u00f1as podremos hacer.<\/p>\n<p class=\"v-d-p\" style=\"\"><strong>-\u00bfQu\u00e9 retos le gustar\u00eda llevar a cabo en la asociaci\u00f3n dentro de los pr\u00f3ximos a\u00f1os?<\/strong><\/p>\n<p class=\"v-d-p\" style=\"\">-Que nos conozcan m\u00e1s, que la gente sepa todos los servicios gratuitos que ofrece la asociaci\u00f3n. Yo misma no sab\u00eda de esto hace varios a\u00f1os y queremos concienciar de lo importante que es la prevenci\u00f3n.<\/p>\n","protected":false},"excerpt":{"rendered":"En pleno verano y ante otra ola de calor por la que Durango podr\u00eda alcanzar los 41 grados&hellip;\n","protected":false},"author":2,"featured_media":641311,"comment_status":"","ping_status":"","sticky":false,"template":"","format":"standard","meta":{"footnotes":""},"categories":[92],"tags":[1611,1066,25,24,165,10003,7755,67942,166,1138,23,1793],"class_list":["post-641310","post","type-post","status-publish","format-standard","has-post-thumbnail","category-salud","tag-ano","tag-cancer","tag-es","tag-espana","tag-health","tag-piel","tag-prevenir","tag-protegerse","tag-salud","tag-solo","tag-spain","tag-verano"],"share_on_mastodon":{"url":"https:\/\/pubeurope.com\/@es\/116863135231872669","error":""},"_links":{"self":[{"href":"https:\/\/www.europesays.com\/es\/wp-json\/wp\/v2\/posts\/641310","targetHints":{"allow":["GET"]}}],"collection":[{"href":"https:\/\/www.europesays.com\/es\/wp-json\/wp\/v2\/posts"}],"about":[{"href":"https:\/\/www.europesays.com\/es\/wp-json\/wp\/v2\/types\/post"}],"author":[{"embeddable":true,"href":"https:\/\/www.europesays.com\/es\/wp-json\/wp\/v2\/users\/2"}],"replies":[{"embeddable":true,"href":"https:\/\/www.europesays.com\/es\/wp-json\/wp\/v2\/comments?post=641310"}],"version-history":[{"count":0,"href":"https:\/\/www.europesays.com\/es\/wp-json\/wp\/v2\/posts\/641310\/revisions"}],"wp:featuredmedia":[{"embeddable":true,"href":"https:\/\/www.europesays.com\/es\/wp-json\/wp\/v2\/media\/641311"}],"wp:attachment":[{"href":"https:\/\/www.europesays.com\/es\/wp-json\/wp\/v2\/media?parent=641310"}],"wp:term":[{"taxonomy":"category","embeddable":true,"href":"https:\/\/www.europesays.com\/es\/wp-json\/wp\/v2\/categories?post=641310"},{"taxonomy":"post_tag","embeddable":true,"href":"https:\/\/www.europesays.com\/es\/wp-json\/wp\/v2\/tags?post=641310"}],"curies":[{"name":"wp","href":"https:\/\/api.w.org\/{rel}","templated":true}]}}