{"id":641724,"date":"2026-07-04T23:55:19","date_gmt":"2026-07-04T23:55:19","guid":{"rendered":"https:\/\/www.europesays.com\/es\/641724\/"},"modified":"2026-07-04T23:55:19","modified_gmt":"2026-07-04T23:55:19","slug":"suso-alvarez-y-marieta-se-dan-el-si-quiero-en-una-espectacular-boda-en-toledo-un-vestido-de-cuento-un-menu-de-40-000-euros-y-mas-de-200-invitados","status":"publish","type":"post","link":"https:\/\/www.europesays.com\/es\/641724\/","title":{"rendered":"Suso \u00c1lvarez y Marieta se dan el &#8216;s\u00ed, quiero&#8217; en una espectacular boda en Toledo: un vestido de cuento, un men\u00fa de 40.000 euros y m\u00e1s de 200 invitados"},"content":{"rendered":"<p style=\"\"><a href=\"https:\/\/www.abc.es\/gente\/marieta-suso-alvarez-defienden-kiko-jimenez-tras-20260111132722-vi.html\" target=\"_self\" data-voc-vtm-id=\"in-text-traffic\" data-mrf-link=\"www.abc.es\" rel=\"nofollow noopener\">Suso \u00c1lvarez y Marieta<\/a> han sellado su historia de amor en una espectacular ceremonia celebrada en el Cigarral del \u00c1ngel Custodio, en Toledo, un enclave con vistas privilegiadas que se ha convertido durante unas horas en el escenario de una de las bodas m\u00e1s  &#8230; esperadas del verano.<\/p>\n<p class=\"v-d-p\" style=\"\">Despu\u00e9s de meses preparando hasta el \u00faltimo detalle, los dos han reunido a m\u00e1s de 200 invitados en una celebraci\u00f3n en la que no ha faltado absolutamente de nada. Emoci\u00f3n, l\u00e1grimas, un banquete firmado por uno de los chefs m\u00e1s prestigiosos del pa\u00eds y un desfile de rostros conocidos de la televisi\u00f3n han acompa\u00f1ado a los reci\u00e9n casados en un d\u00eda que dif\u00edcilmente olvidar\u00e1n.<\/p>\n<p class=\"v-d-p\" style=\"\">Las primeras im\u00e1genes del enlace, muestran una ceremonia marcada por la emoci\u00f3n desde el primer minuto. Tanto el novio como la novia no pudieron contener las l\u00e1grimas en una jornada que pone el broche de oro a una historia de amor que comenz\u00f3 hace apenas dos a\u00f1os.<\/p>\n<ul class=\"v-cmp-rld__u\">\n<li class=\"v-cmp-rld__l\">\n<p><a class=\"v-a-lnk\" href=\"http:\/\/www.abc.es\/gente\/boda-ano-descubierto-adam-sandler-oficio-quiero-20260704093122-nt.html#vtm_modulosEngag=noticiasrelacionadas-cmp-uno:gente:noticia:1\" data-voc-vtm-id=\"in-text-traffic\" rel=\"nofollow noopener\" target=\"_blank\"><br \/>\n<img decoding=\"async\" loading=\"lazy\" src=\"https:\/\/www.europesays.com\/es\/wp-content\/uploads\/2026\/07\/taylor-travis-U32060108737QQl-366x256@diario_abc.jpg\" class=\"v-a-img\" width=\"258\" height=\"180\" alt=\"Oficiada por Adam Sandler, vestido de Dior y una celebraci\u00f3n de pel\u00edcula\"\/><br \/>\n<\/a><\/p>\n<p class=\"v-a-p-t\">\nLa boda de Taylor Swift y Travis Kelce\n<\/p>\n<\/li>\n<\/ul>\n<p>\nLas l\u00e1grimas de Suso y la espectacular entrada de Marieta\n<\/p>\n<p class=\"v-d-p\" style=\"\">Uno de los momentos m\u00e1s emotivos lleg\u00f3 incluso antes de que apareciera la novia. Suso hizo su entrada acompa\u00f1ado del brazo de su madre y, nada m\u00e1s bajar del coche, la emoci\u00f3n pudo con \u00e9l. El colaborador televisivo rompi\u00f3 a llorar mientras recorr\u00eda el pasillo hasta el altar, decorado con cientos de flores blancas.<\/p>\n<p class=\"v-d-p\" style=\"\">La novia apareci\u00f3 unos minutos despu\u00e9s a bordo de un elegante autom\u00f3vil cl\u00e1sico descapotable de color negro. Con una gran sonrisa, aunque tambi\u00e9n visiblemente emocionada, descendi\u00f3 del veh\u00edculo para protagonizar uno de los momentos m\u00e1s esperados de la tarde.<\/p>\n<p>\nUn vestido de princesa y un banquete de aut\u00e9ntico lujo\n<\/p>\n<p class=\"v-d-p\" style=\"\">Marieta apost\u00f3 por un vestido de inspiraci\u00f3n cl\u00e1sica con silueta princesa y cuerpo cors\u00e9 estructurado que acapar\u00f3 todas las miradas. El dise\u00f1o se completaba con una larga cola, guantes semitransparentes con detalles de pedrer\u00eda y un llamativo collar tipo choker de perlas que aportaba un aire sofisticado al conjunto.<\/p>\n<p class=\"v-d-p\" style=\"\">Pero si hubo otro gran protagonista de la celebraci\u00f3n fue el banquete. Seg\u00fan desvel\u00f3 la periodista Leticia Requejo en &#8216;El verano se mueve&#8217;, la pareja habr\u00eda destinado cerca de 40.000 euros \u00fanicamente al men\u00fa.<\/p>\n<p class=\"v-d-p\" style=\"\">El responsable de la propuesta gastron\u00f3mica fue Iv\u00e1n Cerde\u00f1o, chef distinguido con dos estrellas Michelin y tres Soles Repsol. Tal y como explic\u00f3 el programa, el cubierto rondaba los 180 euros por invitado, una cifra que refleja el nivel de una boda cuidada hasta el m\u00e1s m\u00ednimo detalle.<\/p>\n<p><img decoding=\"async\" loading=\"lazy\" src=\"https:\/\/www.europesays.com\/es\/wp-content\/uploads\/2026\/07\/marieta-boda-U47076128384DKT-680x476@diario_abc.jpg\" class=\"v-a-img\" width=\"680\" height=\"478\" alt=\"Marieta llegando a su boda.\" data-voc-vtm-id=\"in-text-traffic\"\/><\/p>\n<p>Marieta llegando a su boda.<\/p>\n<p>(Gtres)<\/p>\n<p>\nUn desfile de rostros conocidos\n<\/p>\n<p class=\"v-d-p\" style=\"\">Como era de esperar, el enlace reuni\u00f3 a numerosos compa\u00f1eros de plat\u00f3 y amigos de la pareja. Entre los invitados destacaron Carmen Borrego, Irene Rosales, Makoke, Bel\u00e9n Rodr\u00edguez o Mar\u00eda &#8216;La Jerezana&#8217;, que no quisieron perderse uno de los d\u00edas m\u00e1s importantes para los reci\u00e9n casados.<\/p>\n<p class=\"v-d-p\" style=\"\">Carmen Borrego ya hab\u00eda mostrado p\u00fablicamente su alegr\u00eda por la relaci\u00f3n de la pareja. \u00abNo es que me lo esperara, es que yo ya lo sab\u00eda. Me parecen dos personas estupendas, yo a Suso lo quiero profundamente, pero Marieta es una ni\u00f1a que ha llegado a mi coraz\u00f3n y ha llegado para siempre\u00bb, asegur\u00f3 en su momento, confesando adem\u00e1s que deseaba que \u00ables vaya fenomenal porque son dos grand\u00edsimas personas y dos grand\u00edsimos amigos\u00bb.<\/p>\n<p><img decoding=\"async\" loading=\"lazy\" src=\"https:\/\/www.europesays.com\/es\/wp-content\/uploads\/2026\/07\/carmen-borrego-U63240235176HLn-680x476@diario_abc.jpg\" class=\"v-a-img\" width=\"680\" height=\"478\" alt=\"Carmen Borrego.\" data-voc-vtm-id=\"in-text-traffic\"\/><\/p>\n<p>Carmen Borrego.<\/p>\n<p>(Gtres)<\/p>\n<p><img decoding=\"async\" loading=\"lazy\" src=\"https:\/\/www.europesays.com\/es\/wp-content\/uploads\/2026\/07\/irene-rosales-U68155327855hUg-680x476@diario_abc.jpg\" class=\"v-a-img\" width=\"680\" height=\"478\" alt=\"Irene Rosales.\" data-voc-vtm-id=\"in-text-traffic\"\/><\/p>\n<p>Irene Rosales.<\/p>\n<p>(Gtres)<\/p>\n<p>\nUn amor que naci\u00f3 en televisi\u00f3n\n<\/p>\n<p class=\"v-d-p\" style=\"\">La historia entre Marieta y Suso comenz\u00f3 durante el verano de 2024, cuando ambos coincidieron trabajando en televisi\u00f3n tras el paso de ella por Supervivientes. Lo que empez\u00f3 con algunas diferencias acab\u00f3 transform\u00e1ndose en una relaci\u00f3n que no tard\u00f3 en hacerse p\u00fablica.<\/p>\n<p class=\"v-d-p\" style=\"\">Desde entonces todo fue muy r\u00e1pido. Compartieron casa, ampliaron la familia con la llegada de su mascota y, apenas un a\u00f1o despu\u00e9s, Suso sorprendi\u00f3 a Marieta con una rom\u00e1ntica pedida de mano durante unas vacaciones en Matalasca\u00f1as.<\/p>\n<p class=\"v-d-p\" style=\"\">Ahora, rodeados de sus familiares y de sus amigos m\u00e1s cercanos, ambos han puesto el broche definitivo a esa historia de amor con un \u00abs\u00ed, quiero\u00bb cargado de emoci\u00f3n y convertido ya en una de las bodas m\u00e1s comentadas del verano.<\/p>\n","protected":false},"excerpt":{"rendered":"Suso \u00c1lvarez y Marieta han sellado su historia de amor en una espectacular ceremonia celebrada en el Cigarral&hellip;\n","protected":false},"author":2,"featured_media":641725,"comment_status":"","ping_status":"","sticky":false,"template":"","format":"standard","meta":{"footnotes":""},"categories":[91],"tags":[6815,98458,4458,3158,3831,7441,146,147,25,24,5604,1557,3551,95882,46852,10474,23,80523,1952,13011],"class_list":["post-641724","post","type-post","status-publish","format-standard","has-post-thumbnail","category-entretenimiento","tag-6815","tag-98458","tag-alvarez","tag-boda","tag-cuento","tag-dan","tag-entertainment","tag-entretenimiento","tag-es","tag-espana","tag-espectacular","tag-euros","tag-invitados","tag-marieta","tag-menu","tag-quiero","tag-spain","tag-suso","tag-toledo","tag-vestido"],"share_on_mastodon":{"url":"https:\/\/pubeurope.com\/@es\/116864413033928495","error":""},"_links":{"self":[{"href":"https:\/\/www.europesays.com\/es\/wp-json\/wp\/v2\/posts\/641724","targetHints":{"allow":["GET"]}}],"collection":[{"href":"https:\/\/www.europesays.com\/es\/wp-json\/wp\/v2\/posts"}],"about":[{"href":"https:\/\/www.europesays.com\/es\/wp-json\/wp\/v2\/types\/post"}],"author":[{"embeddable":true,"href":"https:\/\/www.europesays.com\/es\/wp-json\/wp\/v2\/users\/2"}],"replies":[{"embeddable":true,"href":"https:\/\/www.europesays.com\/es\/wp-json\/wp\/v2\/comments?post=641724"}],"version-history":[{"count":0,"href":"https:\/\/www.europesays.com\/es\/wp-json\/wp\/v2\/posts\/641724\/revisions"}],"wp:featuredmedia":[{"embeddable":true,"href":"https:\/\/www.europesays.com\/es\/wp-json\/wp\/v2\/media\/641725"}],"wp:attachment":[{"href":"https:\/\/www.europesays.com\/es\/wp-json\/wp\/v2\/media?parent=641724"}],"wp:term":[{"taxonomy":"category","embeddable":true,"href":"https:\/\/www.europesays.com\/es\/wp-json\/wp\/v2\/categories?post=641724"},{"taxonomy":"post_tag","embeddable":true,"href":"https:\/\/www.europesays.com\/es\/wp-json\/wp\/v2\/tags?post=641724"}],"curies":[{"name":"wp","href":"https:\/\/api.w.org\/{rel}","templated":true}]}}