{"id":641885,"date":"2026-07-05T02:17:14","date_gmt":"2026-07-05T02:17:14","guid":{"rendered":"https:\/\/www.europesays.com\/es\/641885\/"},"modified":"2026-07-05T02:17:14","modified_gmt":"2026-07-05T02:17:14","slug":"tension-y-protestas-en-la-guaira-entre-los-desalojados-por-el-terremoto-de-venezuela","status":"publish","type":"post","link":"https:\/\/www.europesays.com\/es\/641885\/","title":{"rendered":"Tensi\u00f3n y protestas en La Guaira entre los desalojados por el terremoto de Venezuela"},"content":{"rendered":"<p><img decoding=\"async\" class=\"v-ath__i\" loading=\"lazy\" src=\"https:\/\/www.europesays.com\/es\/wp-content\/uploads\/2026\/07\/1783206742_707_autor-5496-foto-3.jpeg\" alt=\"Agencia EFE\"\/><\/p>\n<p>04\/07\/2026 a las 23:30h.<\/p>\n<p class=\"v-d-p\" style=\"\">Caraballeda (Venezuela), 4 jul (EFE).- La tensi\u00f3n despu\u00e9s del doble terremoto en Venezuela aumenta entre los centenares de desalojados que a\u00fan no han sido reubicados y llevan diez d\u00edas durmiendo en las calles, al lado de los edificios derruidos en los que viv\u00edan. IM\u00c1GENES: MAGDA  &#8230; GIBELLI. RECURSOS GENERALES DE ZONAS AFECTADAS EN LA GUAIRA, PROTESTAS Y DECLARACIONES DE JOS\u00c9 GUILL\u00c9N Y BELKYS CHAC\u00d3N, V\u00cdCTIMAS DEL TERREMOTO.<\/p>\n","protected":false},"excerpt":{"rendered":"04\/07\/2026 a las 23:30h. Caraballeda (Venezuela), 4 jul (EFE).- La tensi\u00f3n despu\u00e9s del doble terremoto en Venezuela aumenta&hellip;\n","protected":false},"author":2,"featured_media":641886,"comment_status":"","ping_status":"","sticky":false,"template":"","format":"standard","meta":{"footnotes":""},"categories":[42],"tags":[17,18,19877,13,14,118310,11,61,62,63,64,19,20,9,10,15,16,2315,8487,7049,12,21,22,1192,65,66,67],"class_list":["post-641885","post","type-post","status-publish","format-standard","has-post-thumbnail","category-internacional","tag-breaking-news","tag-breakingnews","tag-desalojados","tag-featured-news","tag-featurednews","tag-guaira","tag-headlines","tag-internacional","tag-international","tag-international-news","tag-internationalnews","tag-latest-news","tag-latestnews","tag-news","tag-noticias","tag-noticias-destacadas","tag-noticiasdestacadas","tag-protestas","tag-tension","tag-terremoto","tag-titulares","tag-ultimas-noticias","tag-ultimasnoticias","tag-venezuela","tag-world","tag-world-news","tag-worldnews"],"share_on_mastodon":{"url":"","error":""},"_links":{"self":[{"href":"https:\/\/www.europesays.com\/es\/wp-json\/wp\/v2\/posts\/641885","targetHints":{"allow":["GET"]}}],"collection":[{"href":"https:\/\/www.europesays.com\/es\/wp-json\/wp\/v2\/posts"}],"about":[{"href":"https:\/\/www.europesays.com\/es\/wp-json\/wp\/v2\/types\/post"}],"author":[{"embeddable":true,"href":"https:\/\/www.europesays.com\/es\/wp-json\/wp\/v2\/users\/2"}],"replies":[{"embeddable":true,"href":"https:\/\/www.europesays.com\/es\/wp-json\/wp\/v2\/comments?post=641885"}],"version-history":[{"count":0,"href":"https:\/\/www.europesays.com\/es\/wp-json\/wp\/v2\/posts\/641885\/revisions"}],"wp:featuredmedia":[{"embeddable":true,"href":"https:\/\/www.europesays.com\/es\/wp-json\/wp\/v2\/media\/641886"}],"wp:attachment":[{"href":"https:\/\/www.europesays.com\/es\/wp-json\/wp\/v2\/media?parent=641885"}],"wp:term":[{"taxonomy":"category","embeddable":true,"href":"https:\/\/www.europesays.com\/es\/wp-json\/wp\/v2\/categories?post=641885"},{"taxonomy":"post_tag","embeddable":true,"href":"https:\/\/www.europesays.com\/es\/wp-json\/wp\/v2\/tags?post=641885"}],"curies":[{"name":"wp","href":"https:\/\/api.w.org\/{rel}","templated":true}]}}