{"id":642086,"date":"2026-07-05T05:39:35","date_gmt":"2026-07-05T05:39:35","guid":{"rendered":"https:\/\/www.europesays.com\/es\/642086\/"},"modified":"2026-07-05T05:39:35","modified_gmt":"2026-07-05T05:39:35","slug":"el-si-mas-caro-del-ano-de-taylor-swift-y-travis-kelce-costo-casi-us20-millones","status":"publish","type":"post","link":"https:\/\/www.europesays.com\/es\/642086\/","title":{"rendered":"El \u201cs\u00ed\u201d m\u00e1s caro del a\u00f1o de Taylor Swift y Travis Kelce cost\u00f3 casi US$20 millones"},"content":{"rendered":"<p>Mientras muchas bodas de verano pasan desapercibidas, pocas han despertado tanta atenci\u00f3n como la de <b>Taylor Swift<\/b> y el tricampe\u00f3n de la NFL <b>Travis Kelce<\/b>, una celebraci\u00f3n que ha puesto a hablar tanto a fan\u00e1ticos como a curiosos por el nivel de lujo, exclusividad y simbolismo que rodea la uni\u00f3n de dos de las figuras m\u00e1s medi\u00e1ticas del entretenimiento y el deporte.<\/p>\n<p>Su boda tuvo lugar en el Madison Square Garden, uno de los recintos deportivos m\u00e1s importantes de Nueva York, con cerca de 1.000 invitados reunidos para la celebraci\u00f3n. Al tratarse de una boda privada, varios detalles del evento han quedado rodeados de especulaci\u00f3n. Entre ellos, el costo total de la celebraci\u00f3n, que seg\u00fan la organizadora de eventos de lujo <b>Sonal Shah<\/b>, en declaraciones a The New York Post, habr\u00eda alcanzado cerca de US$20 millones.<\/p>\n<p><img decoding=\"async\" loading=\"lazy\" alt=\"El \u201cs\u00ed\u201d m\u00e1s caro del a\u00f1o de Taylor Swift y Travis Kelce cost\u00f3 casi US$20 millones\" width=\"1200\" height=\"1607\" src=\"https:\/\/www.europesays.com\/es\/wp-content\/uploads\/2026\/07\/Ocio_BodaTaylor_Pg26_FDS_v3.jpg\" viewbox=\"0 0 1200 1607\" class=\"lazyload\"\/>Gr\u00e1fico LR<\/p>\n<p>La experta en bodas de lujo estim\u00f3 que solo el alquiler del recinto por una noche habr\u00eda oscilado entre US$1 mill\u00f3n y US$2,5 millones. En ese escenario, el uso exclusivo del Madison Square Garden para la celebraci\u00f3n pudo haber elevado la factura hasta cerca de US$3 millones, teniendo en cuenta la magnitud del evento.<\/p>\n<p><b>Otros gastos de la boda<\/b><\/p>\n<p>Los planificadores de eventos para celebridades en Nueva York suelen cobrar entre 10% y 20% del presupuesto total. Sin embargo, la organizadora estim\u00f3 que <b>Mark Seed<\/b>, encargado de la boda, habr\u00eda recibido cerca de 25% del monto destinado a la celebraci\u00f3n, lo que elevar\u00eda su comisi\u00f3n a por lo menos US$5 millones por la planeaci\u00f3n y ejecuci\u00f3n de los preparativos.<\/p>\n<p>El presupuesto de flores se acerc\u00f3 a US$3 millones que acompa\u00f1aron a los enamorados. En tragos, cocina y servicios fue de US$1,3 millones. Para la cantante n\u00famero uno, el sonido, iluminaci\u00f3n y montaje son elementos importantes; costaron cerca de US$250.000. En fotograf\u00eda y video sumaron US$300.000. La asesora mencion\u00f3 que es \u201ccasi esperado\u201d que paguen la reserva en el hotel de los invitados en el Marriott Marquis de Times Square, que cost\u00f3 cerca de US$1,2 millones. Del personal de protecci\u00f3n de seguridad y personal m\u00e9dico, el costo fue de m\u00e1s de US$2 millones para la celebraci\u00f3n.<\/p>\n<p>El inicio de la \u201cera Kelce\u201d para <b>Taylor Swift<\/b> se remonta a julio de 2023, cuando el deportista asisti\u00f3 a un concierto de la cantante durante The Eras Tour; meses despu\u00e9s se pudo observar a Taylor en un juego de la NFL observando a quien ser\u00eda su futuro esposo.<\/p>\n<p><b>Taylor Swift<\/b> se convirti\u00f3 en multimillonaria en octubre de 2023 gracias a las ganancias de The Eras Tour, su gran \u00e9xito en la cultura pop; por otro lado, su ya esposo <b>Kelce<\/b> le ha permitido crear un patrimonio cercano a US$90 millones, siendo uno de los jugadores mejor pagados en 2024. Al casarse, se cre\u00f3 la fusi\u00f3n de dos imperios econ\u00f3micos.<\/p>\n","protected":false},"excerpt":{"rendered":"Mientras muchas bodas de verano pasan desapercibidas, pocas han despertado tanta atenci\u00f3n como la de Taylor Swift y&hellip;\n","protected":false},"author":2,"featured_media":642087,"comment_status":"","ping_status":"","sticky":false,"template":"","format":"standard","meta":{"footnotes":""},"categories":[170],"tags":[7239,4952,10737,3288,10740,3903,10738,10734,209,634,10736,10735,146,10744,147,25,24,10743,10742,1671,2893,7531,9416,10745,1023,184,185,166,10741,23,10739,5535,4664],"class_list":["post-642086","post","type-post","status-publish","format-standard","has-post-thumbnail","category-musica","tag-agro","tag-ambiente","tag-automotor","tag-bancos","tag-bolsas","tag-comercio","tag-comunicaciones","tag-construccin","tag-cultura","tag-deporte","tag-educacin","tag-energa-y-minas","tag-entertainment","tag-entretenimento","tag-entretenimiento","tag-es","tag-espana","tag-espectculos","tag-gastronoma","tag-hacienda","tag-industria","tag-judicial","tag-laboral","tag-legislacin-marcas","tag-moda","tag-music","tag-musica","tag-salud","tag-seguros","tag-spain","tag-tecnologa","tag-transporte","tag-turismo"],"share_on_mastodon":{"url":"https:\/\/pubeurope.com\/@es\/116865766359124154","error":""},"_links":{"self":[{"href":"https:\/\/www.europesays.com\/es\/wp-json\/wp\/v2\/posts\/642086","targetHints":{"allow":["GET"]}}],"collection":[{"href":"https:\/\/www.europesays.com\/es\/wp-json\/wp\/v2\/posts"}],"about":[{"href":"https:\/\/www.europesays.com\/es\/wp-json\/wp\/v2\/types\/post"}],"author":[{"embeddable":true,"href":"https:\/\/www.europesays.com\/es\/wp-json\/wp\/v2\/users\/2"}],"replies":[{"embeddable":true,"href":"https:\/\/www.europesays.com\/es\/wp-json\/wp\/v2\/comments?post=642086"}],"version-history":[{"count":0,"href":"https:\/\/www.europesays.com\/es\/wp-json\/wp\/v2\/posts\/642086\/revisions"}],"wp:featuredmedia":[{"embeddable":true,"href":"https:\/\/www.europesays.com\/es\/wp-json\/wp\/v2\/media\/642087"}],"wp:attachment":[{"href":"https:\/\/www.europesays.com\/es\/wp-json\/wp\/v2\/media?parent=642086"}],"wp:term":[{"taxonomy":"category","embeddable":true,"href":"https:\/\/www.europesays.com\/es\/wp-json\/wp\/v2\/categories?post=642086"},{"taxonomy":"post_tag","embeddable":true,"href":"https:\/\/www.europesays.com\/es\/wp-json\/wp\/v2\/tags?post=642086"}],"curies":[{"name":"wp","href":"https:\/\/api.w.org\/{rel}","templated":true}]}}