{"id":64212,"date":"2025-08-22T08:15:11","date_gmt":"2025-08-22T08:15:11","guid":{"rendered":"https:\/\/www.europesays.com\/es\/64212\/"},"modified":"2025-08-22T08:15:11","modified_gmt":"2025-08-22T08:15:11","slug":"el-real-madrid-veta-a-franco","status":"publish","type":"post","link":"https:\/\/www.europesays.com\/es\/64212\/","title":{"rendered":"El Real Madrid &#8216;veta&#8217; a Franco"},"content":{"rendered":"<p class=\"ft-text\"><strong>El debut de Franco Mastantuono con el Real Madrid no solo dej\u00f3 ilusi\u00f3n en el c\u00e9sped, tambi\u00e9n ha generado un debate fuera de \u00e9l. <\/strong>El centrocampista argentino, que apenas suma 18 a\u00f1os, disput\u00f3 media hora frente a Osasuna en su estreno oficial con la camiseta blanca. En ese tiempo mostr\u00f3 personalidad, se dej\u00f3 ver cerca del \u00e1rea y se gan\u00f3 la ovaci\u00f3n de un Santiago Bernab\u00e9u entregado, <strong>que incluso core\u00f3 su nombre antes de que saltara al campo.<\/strong><\/p>\n<p class=\"ft-text\">Lo que deb\u00eda ser una noche perfecta se ha visto salpicado por una controversia inesperada: <strong>su nombre de pila coincide con el del dictador.<\/strong> Mientras muchos aficionados trataban de comprar la el\u00e1stica con el dorsal del ex de River, <strong>se encontraron con que la web oficial del club no permite estampar \u201cFranco\u201d en la espalda.<\/strong> El sistema de personalizaci\u00f3n bloquea autom\u00e1ticamente la opci\u00f3n y lanza un mensaje tajante: \u00ab<strong>Lo sentimos. Nuestra pol\u00edtica de personalizaci\u00f3n no permite el uso de este nombre\u00bb<\/strong>. Hay que recordar que el jugador lleva Mastantuono en su espalda, tal y como hac\u00eda en Argentina.<\/p>\n<p class=\"ft-text\">La medida ha sorprendido a los seguidores merengues, sobre todo porque se trata de un jugador en el que <strong>el club ha invertido 60 millones de euros y que apunta a ser una de las caras del futuro.<\/strong> Adem\u00e1s, el filtro aplicado por el sistema no es uniforme: varios hinchas han comprobado que otros nombres de gran carga pol\u00edtica o hist\u00f3rica s\u00ed aparecen disponibles. Se pueden introducir<strong> Mussolini o Stalin sin problema, mientras que Hitler est\u00e1 vetado. De forma todav\u00eda m\u00e1s llamativa, frases como \u201cGora ETA\u201d<\/strong> no encuentran obst\u00e1culo alguno en la plataforma.<\/p>\n<p class=\"ft-text\">La lista de restricciones tambi\u00e9n alcanza a futbolistas de equipos rivales. Intentar imprimir en la camiseta <strong>\u201cMessi\u201d o \u201cLamine Yamal\u201d<\/strong> arroja el mismo mensaje de error que con Mastantuono.<\/p>\n<p class=\"ft-text\">El nuevo gran fichaje del conjunto blanco ya empez\u00f3 su llegada a Espa\u00f1a con problemas por su inscripci\u00f3n con el filial. <strong>El Real Madrid invirti\u00f3 60 millones de euros y muchos consideran que carece de sentido inscribirle con el filial, <\/strong>donde no jugar\u00e1, y hasta el propio Javier Tebas, en una entrevista en RNE, se\u00f1al\u00f3 que la situaci\u00f3n \u201csi nos ponemos estrictos, no est\u00e1 bien\u201d.<\/p>\n<p class=\"ft-text\">Pero el debate de su nombre de pila tiene un significado m\u00e1s profundo que algo puramente deportivo.<strong> En Espa\u00f1a hay muchos que opinan que gritar &#8216;Franco, Franco&#8217; a pesar de ser a un jugador es una falta de respeto por todo lo que sucedi\u00f3 durante la Guerra Civil y los a\u00f1os de dictadura.<\/strong> Mientras que otros quieren quitarle hierro al asunto y opinan que solo es su nombre de pila y es m\u00e1s f\u00e1cil de corear que Mastantuono. En Argentina &#8216;Franco&#8217; es un nombre bastante com\u00fan: Franco Colapinto, Franco Armani, Leo Franco, Franco Cervi&#8230;. pero los gritos en el Bernab\u00e9u han avivado este debate.<\/p>\n","protected":false},"excerpt":{"rendered":"El debut de Franco Mastantuono con el Real Madrid no solo dej\u00f3 ilusi\u00f3n en el c\u00e9sped, tambi\u00e9n ha&hellip;\n","protected":false},"author":2,"featured_media":64213,"comment_status":"","ping_status":"","sticky":false,"template":"","format":"standard","meta":{"footnotes":""},"categories":[93],"tags":[168,25,24,4999,205,24926,798,23,167,26307],"class_list":{"0":"post-64212","1":"post","2":"type-post","3":"status-publish","4":"format-standard","5":"has-post-thumbnail","7":"category-deportes","8":"tag-deportes","9":"tag-es","10":"tag-espana","11":"tag-franco","12":"tag-madrid","13":"tag-mastantuono","14":"tag-real","15":"tag-spain","16":"tag-sports","17":"tag-veta"},"share_on_mastodon":{"url":"","error":""},"_links":{"self":[{"href":"https:\/\/www.europesays.com\/es\/wp-json\/wp\/v2\/posts\/64212","targetHints":{"allow":["GET"]}}],"collection":[{"href":"https:\/\/www.europesays.com\/es\/wp-json\/wp\/v2\/posts"}],"about":[{"href":"https:\/\/www.europesays.com\/es\/wp-json\/wp\/v2\/types\/post"}],"author":[{"embeddable":true,"href":"https:\/\/www.europesays.com\/es\/wp-json\/wp\/v2\/users\/2"}],"replies":[{"embeddable":true,"href":"https:\/\/www.europesays.com\/es\/wp-json\/wp\/v2\/comments?post=64212"}],"version-history":[{"count":0,"href":"https:\/\/www.europesays.com\/es\/wp-json\/wp\/v2\/posts\/64212\/revisions"}],"wp:featuredmedia":[{"embeddable":true,"href":"https:\/\/www.europesays.com\/es\/wp-json\/wp\/v2\/media\/64213"}],"wp:attachment":[{"href":"https:\/\/www.europesays.com\/es\/wp-json\/wp\/v2\/media?parent=64212"}],"wp:term":[{"taxonomy":"category","embeddable":true,"href":"https:\/\/www.europesays.com\/es\/wp-json\/wp\/v2\/categories?post=64212"},{"taxonomy":"post_tag","embeddable":true,"href":"https:\/\/www.europesays.com\/es\/wp-json\/wp\/v2\/tags?post=64212"}],"curies":[{"name":"wp","href":"https:\/\/api.w.org\/{rel}","templated":true}]}}