{"id":642205,"date":"2026-07-05T07:19:20","date_gmt":"2026-07-05T07:19:20","guid":{"rendered":"https:\/\/www.europesays.com\/es\/642205\/"},"modified":"2026-07-05T07:19:20","modified_gmt":"2026-07-05T07:19:20","slug":"muere-el-alcalde-de-badules-campo-de-daroca-juan-carlos-herrero-se-nos-va-demasiado-joven","status":"publish","type":"post","link":"https:\/\/www.europesays.com\/es\/642205\/","title":{"rendered":"Muere el alcalde de Badules (Campo de Daroca), Juan Carlos Herrero: \u00abSe nos va demasiado joven\u00bb"},"content":{"rendered":"<p class=\"ft-text\">El presidente del Gobierno de Arag\u00f3n, Jorge Azc\u00f3n, ha comunicado el fallecimiento en el d\u00eda de hoy del alcalde de la localidad de Badules, Juan Carlos Herrero.<\/p>\n<p class=\"ft-text\">A trav\u00e9s de un mensaje institucional, el presidente auton\u00f3mico ha destacado la trayectoria del primer edil, de quien ha se\u00f1alado su <strong>dedicaci\u00f3n infatigable en el trabajo por sus vecinos<\/strong>. \u00abSe nos va demasiado joven\u00bb, ha escrito.  <\/p>\n<p class=\"ft-text\">Asimismo, ha transmitido las condolencias en nombre del Partido Popular de Arag\u00f3n, formaci\u00f3n a la que pertenec\u00eda el regidor, <strong>manifestando el luto <\/strong>de la organizaci\u00f3n ante esta p\u00e9rdida y expresando sus deseos de que descanse en paz.<\/p>\n<p class=\"ft-text\">Badules es una localidad de la comarca del Campo de Daroca con una poblaci\u00f3n de 70 vecinos. <\/p>\n","protected":false},"excerpt":{"rendered":"El presidente del Gobierno de Arag\u00f3n, Jorge Azc\u00f3n, ha comunicado el fallecimiento en el d\u00eda de hoy del&hellip;\n","protected":false},"author":2,"featured_media":642206,"comment_status":"","ping_status":"","sticky":false,"template":"","format":"standard","meta":{"footnotes":""},"categories":[8],"tags":[1201,118383,17,18,5716,19698,25,24,13,14,11,19,20,8938,9,10,15,16,23,12,21,22],"class_list":["post-642205","post","type-post","status-publish","format-standard","has-post-thumbnail","category-espana","tag-alcalde","tag-badules","tag-breaking-news","tag-breakingnews","tag-campo","tag-daroca","tag-es","tag-espana","tag-featured-news","tag-featurednews","tag-headlines","tag-latest-news","tag-latestnews","tag-muere","tag-news","tag-noticias","tag-noticias-destacadas","tag-noticiasdestacadas","tag-spain","tag-titulares","tag-ultimas-noticias","tag-ultimasnoticias"],"share_on_mastodon":{"url":"https:\/\/pubeurope.com\/@es\/116866158955671580","error":""},"_links":{"self":[{"href":"https:\/\/www.europesays.com\/es\/wp-json\/wp\/v2\/posts\/642205","targetHints":{"allow":["GET"]}}],"collection":[{"href":"https:\/\/www.europesays.com\/es\/wp-json\/wp\/v2\/posts"}],"about":[{"href":"https:\/\/www.europesays.com\/es\/wp-json\/wp\/v2\/types\/post"}],"author":[{"embeddable":true,"href":"https:\/\/www.europesays.com\/es\/wp-json\/wp\/v2\/users\/2"}],"replies":[{"embeddable":true,"href":"https:\/\/www.europesays.com\/es\/wp-json\/wp\/v2\/comments?post=642205"}],"version-history":[{"count":0,"href":"https:\/\/www.europesays.com\/es\/wp-json\/wp\/v2\/posts\/642205\/revisions"}],"wp:featuredmedia":[{"embeddable":true,"href":"https:\/\/www.europesays.com\/es\/wp-json\/wp\/v2\/media\/642206"}],"wp:attachment":[{"href":"https:\/\/www.europesays.com\/es\/wp-json\/wp\/v2\/media?parent=642205"}],"wp:term":[{"taxonomy":"category","embeddable":true,"href":"https:\/\/www.europesays.com\/es\/wp-json\/wp\/v2\/categories?post=642205"},{"taxonomy":"post_tag","embeddable":true,"href":"https:\/\/www.europesays.com\/es\/wp-json\/wp\/v2\/tags?post=642205"}],"curies":[{"name":"wp","href":"https:\/\/api.w.org\/{rel}","templated":true}]}}