{"id":642245,"date":"2026-07-05T07:53:25","date_gmt":"2026-07-05T07:53:25","guid":{"rendered":"https:\/\/www.europesays.com\/es\/642245\/"},"modified":"2026-07-05T07:53:25","modified_gmt":"2026-07-05T07:53:25","slug":"asi-ha-sido-la-boda-de-maria-nieta-de-inaki-gabilondo-un-enlace-intimo-y-un-vestido-de-novia-muy-elegante","status":"publish","type":"post","link":"https:\/\/www.europesays.com\/es\/642245\/","title":{"rendered":"As\u00ed ha sido la boda de Mar\u00eda, nieta de I\u00f1aki Gabilondo: un enlace \u00edntimo y un vestido de novia muy elegante"},"content":{"rendered":"<p class=\"v-d-p\" style=\"\">La boda de <strong>Mar\u00eda<\/strong>, <strong>nieta de I\u00f1aki Gabilondo<\/strong>, se celebr\u00f3 este s\u00e1bado por la ma\u00f1ana en un entorno muy cuidado y rodeado de familiares y amigos cercanos, en una ceremonia marcada por la emoci\u00f3n y la discreci\u00f3n habitual en este tipo de enlaces familiares.<\/p>\n<p class=\"v-d-p\" style=\"\">Mar\u00eda fue, sin duda, la gran protagonista del d\u00eda, acaparando todas las miradas con un vestido de novia de estilo cl\u00e1sico y elegante, de corte limpio y silueta muy favorecedora. El dise\u00f1o, de inspiraci\u00f3n atemporal, destacaba por su sencillez sofisticada, con escote estructurado y una falda de ca\u00edda fluida que aportaba movimiento y ligereza al conjunto.<\/p>\n<p class=\"v-d-p\" style=\"\">La novia complet\u00f3 su estilismo con un ramo de flores en tonos blancos y verdes, de aire natural y ligeramente silvestre, que aportaba un toque fresco al look nupcial. La estampa, llena de luz y emoci\u00f3n, reflej\u00f3 la felicidad del momento en un entorno decorado de forma sencilla pero cuidada.<\/p>\n<p class=\"v-d-p\" style=\"\">Entre los asistentes al enlace se dejaron ver algunos rostros conocidos del entorno familiar y medi\u00e1tico, como el periodista <strong>Carlos Garc\u00eda Hirschfeld<\/strong>, el pol\u00edtico <strong>\u00c1ngel Gabilondo<\/strong> y el propio I\u00f1aki Gabilondo, que acompa\u00f1aron a los novios en este d\u00eda tan especial. Todos ellos compartieron la jornada junto al resto de invitados, en una celebraci\u00f3n \u00edntima en la que no faltaron las muestras de cari\u00f1o hacia la pareja y la emoci\u00f3n por el inicio de esta nueva etapa.<\/p>\n","protected":false},"excerpt":{"rendered":"La boda de Mar\u00eda, nieta de I\u00f1aki Gabilondo, se celebr\u00f3 este s\u00e1bado por la ma\u00f1ana en un entorno&hellip;\n","protected":false},"author":2,"featured_media":642246,"comment_status":"","ping_status":"","sticky":false,"template":"","format":"standard","meta":{"footnotes":""},"categories":[174],"tags":[3158,255,29257,46722,146,147,25,24,256,9995,6616,14230,1932,43395,6270,23,13011],"class_list":["post-642245","post","type-post","status-publish","format-standard","has-post-thumbnail","category-famosos","tag-boda","tag-celebrities","tag-elegante","tag-enlace","tag-entertainment","tag-entretenimiento","tag-es","tag-espana","tag-famosos","tag-gabilondo","tag-inaki","tag-intimo","tag-maria","tag-nieta","tag-novia","tag-spain","tag-vestido"],"share_on_mastodon":{"url":"https:\/\/pubeurope.com\/@es\/116866292599519045","error":""},"_links":{"self":[{"href":"https:\/\/www.europesays.com\/es\/wp-json\/wp\/v2\/posts\/642245","targetHints":{"allow":["GET"]}}],"collection":[{"href":"https:\/\/www.europesays.com\/es\/wp-json\/wp\/v2\/posts"}],"about":[{"href":"https:\/\/www.europesays.com\/es\/wp-json\/wp\/v2\/types\/post"}],"author":[{"embeddable":true,"href":"https:\/\/www.europesays.com\/es\/wp-json\/wp\/v2\/users\/2"}],"replies":[{"embeddable":true,"href":"https:\/\/www.europesays.com\/es\/wp-json\/wp\/v2\/comments?post=642245"}],"version-history":[{"count":0,"href":"https:\/\/www.europesays.com\/es\/wp-json\/wp\/v2\/posts\/642245\/revisions"}],"wp:featuredmedia":[{"embeddable":true,"href":"https:\/\/www.europesays.com\/es\/wp-json\/wp\/v2\/media\/642246"}],"wp:attachment":[{"href":"https:\/\/www.europesays.com\/es\/wp-json\/wp\/v2\/media?parent=642245"}],"wp:term":[{"taxonomy":"category","embeddable":true,"href":"https:\/\/www.europesays.com\/es\/wp-json\/wp\/v2\/categories?post=642245"},{"taxonomy":"post_tag","embeddable":true,"href":"https:\/\/www.europesays.com\/es\/wp-json\/wp\/v2\/tags?post=642245"}],"curies":[{"name":"wp","href":"https:\/\/api.w.org\/{rel}","templated":true}]}}